{"id":236072,"date":"2025-11-14T19:26:08","date_gmt":"2025-11-14T19:26:08","guid":{"rendered":"https:\/\/www.europesays.com\/es\/236072\/"},"modified":"2025-11-14T19:26:08","modified_gmt":"2025-11-14T19:26:08","slug":"jared-leto-vuelve-como-el-joker-en-una-nueva-imagen-publicada-por-el-tozudo-zack-snyder","status":"publish","type":"post","link":"https:\/\/www.europesays.com\/es\/236072\/","title":{"rendered":"Jared Leto vuelve como el Joker en una nueva imagen publicada por el tozudo Zack Snyder"},"content":{"rendered":"<p class=\"c-paragraph\">Durante las \u00faltimas semanas<b>, Zack Snyder<\/b> ha convertido sus redes sociales en un archivo de su etapa al frente del <b>Universo Extendido de DC.<\/b> El cineasta ha publicado fotograf\u00edas in\u00e9ditas de Henry Cavill como Superman y de <a href=\"https:\/\/www.20minutos.es\/cinemania\/noticias\/ben-affleck-arrepentido-batman-abajo-matrimonio-beber-5694657\/\" title=\"Ben Affleck se arrepiente de haber trabajado en estas pel\u00edculas: &quot;Mi matrimonio se ven\u00eda abajo y no paraba de beber&quot;\" rel=\"nofollow noopener\" target=\"_blank\">Ben Affleck como Batman,<\/a> y a esta serie de recuerdos se suma ahora una nueva instant\u00e1nea de <b>Jared Leto como el Joker,<\/b> personaje que interpret\u00f3 en Escuadr\u00f3n Suicida y en La Liga de la Justicia de Zack Snyder.<\/p>\n<p class=\"c-paragraph\">En la imagen compartida en Instagram por el director, <b>Leto <\/b>aparece con el aspecto que ya se vio en la<b> versi\u00f3n de Snyder de La Liga de la Justicia.<\/b> Lleva el pelo largo y un rostro p\u00e1lido con maquillaje emborronado, sin rastro de los tatuajes que generaron tanta pol\u00e9mica en <a href=\"https:\/\/www.20minutos.es\/cinemania\/noticias\/colin-farrell-pinguino-dc-harley-quinn-margot-robbie_6238753_0.html\" title=\"Colin Farrell revela que el Ping\u00fcino podr\u00eda haber aparecido mucho antes en DC enfrent\u00e1ndose a Margot Robbie\" rel=\"nofollow noopener\" target=\"_blank\">Escuadr\u00f3n suicida.<\/a> El actor est\u00e1 armado con un fusil de asalto y haciendo el gesto de la paz con la mano.<\/p>\n<p class=\"c-paragraph\">Por la apariencia del villano de DC, la imagen pertenece a Pesadilla, el futuro apocal\u00edptico que el director introdujo primero como visi\u00f3n en <b>Batman v Superman y <\/b>desarroll\u00f3 despu\u00e9s en el ep\u00edlogo de su Liga de la Justicia. En esta l\u00ednea temporal, la Tierra ha ca\u00eddo bajo la influencia de Darkseid y<b> <a href=\"https:\/\/www.20minutos.es\/cinemania\/noticias\/superman-james-gunn-mina-oro-warner-dc_6880724_0.html\" title=\"Un superh\u00e9roe de altos vuelos: &#039;Superman&#039; de James Gunn ya es una mina de oro para Warner y DC\" rel=\"nofollow noopener\" target=\"_blank\">Superman<\/a><\/b> se ha convertido<b> en un tirano<\/b> despu\u00e9s de la muerte de Lois Lane. All\u00ed, un <b>Batman<\/b> agotado lidera una <b>resistencia <\/b>formada por Mera, Flash y Cyborg y por villanos como Deathstroke y el propio Joker.<\/p>\n<p class=\"c-paragraph\">El regreso del <b>Joker<\/b> de Jared Leto es especialmente llamativo porque se trata de una de las <b>encarnaciones m\u00e1s rechazadas del personaje.<\/b> Frente al legado del oscarizado Heath Ledger en El caballero oscuro, la versi\u00f3n del villano en Escuadr\u00f3n suicida fue recibida, en general, con gran aversi\u00f3n tanto por la cr\u00edtica como por el p\u00fablico.<\/p>\n<p class=\"c-paragraph\">Los tatuajes, la <b>dentadura met\u00e1lica <\/b>y la <b>est\u00e9tica de mafioso<\/b> de club nocturno se consideraron por gran parte del fandom como una ruptura demasiado radical con el icono del c\u00f3mic. A ello se sum\u00f3 el factor de que el director David Ayer y el propio Leto explicaron que gran parte de las escenas del Joker se quedaron en la sala de montaje, de modo que el<b> corte final<\/b> apenas ofrec\u00eda contexto para una <b>relectura tan extrema del personaje.<\/b><\/p>\n<p class=\"c-paragraph\">El resultado fue un villano que se convirti\u00f3 r\u00e1pidamente en objeto de memes y burlas, algo de lo que<b> Snyder quiso distanciarse.<\/b> Desaparecieron los tatuajes faciales, el pelo verde chill\u00f3n el aire de delincuente de discoteca a favor de un dise\u00f1o m\u00e1s siniestro con pelo largo y un maquillaje sucio. Snyder ya comparti\u00f3 una fotograf\u00eda de Leto como esta versi\u00f3n del Joker en la que el enemigo de Batman vest\u00eda un chaleco de los <b>SWAT de Gotham.<\/b><\/p>\n<p class=\"c-paragraph\">En los \u00faltimos a\u00f1os, esa percepci\u00f3n negativa ha crecido a la par que el propio Leto se ve\u00eda vinculado, en el imaginario de muchos usuarios, al fracaso de varias grandes franquicias. Se ha llegado a describir al int\u00e9rprete como<b> \u00abasesino de franquicias\u00bb,<\/b> citando los discretos resultados comerciales de Morbius (167,4 millones de d\u00f3lares recaudados a nivel mundial frente a un presupuesto de 75 millones), la tibia acogida de Mansi\u00f3n encantada, que apenas sum\u00f3 unos 117,5 millones de d\u00f3lares con un coste de producci\u00f3n cercano a los 150 millones, y el tropiezo de Tron: Ares, que ronda los 140,2 millones de d\u00f3lares de recaudaci\u00f3n mundial pese a un presupuesto estimado entre 180 y 220 millones de d\u00f3lares.<\/p>\n","protected":false},"excerpt":{"rendered":"Durante las \u00faltimas semanas, Zack Snyder ha convertido sus redes sociales en un archivo de su etapa al&hellip;\n","protected":false},"author":2,"featured_media":236073,"comment_status":"","ping_status":"","sticky":false,"template":"","format":"standard","meta":{"footnotes":""},"categories":[169],"tags":[177,146,147,25,24,176,51589,61284,175,11250,23,61285],"class_list":{"0":"post-236072","1":"post","2":"type-post","3":"status-publish","4":"format-standard","5":"has-post-thumbnail","7":"category-cine","8":"tag-cine","9":"tag-entertainment","10":"tag-entretenimiento","11":"tag-es","12":"tag-espana","13":"tag-film","14":"tag-jared-leto","15":"tag-jocker","16":"tag-movies","17":"tag-personaje","18":"tag-spain","19":"tag-zack-snyder"},"share_on_mastodon":{"url":"https:\/\/pubeurope.com\/@es\/115549699206862380","error":""},"_links":{"self":[{"href":"https:\/\/www.europesays.com\/es\/wp-json\/wp\/v2\/posts\/236072","targetHints":{"allow":["GET"]}}],"collection":[{"href":"https:\/\/www.europesays.com\/es\/wp-json\/wp\/v2\/posts"}],"about":[{"href":"https:\/\/www.europesays.com\/es\/wp-json\/wp\/v2\/types\/post"}],"author":[{"embeddable":true,"href":"https:\/\/www.europesays.com\/es\/wp-json\/wp\/v2\/users\/2"}],"replies":[{"embeddable":true,"href":"https:\/\/www.europesays.com\/es\/wp-json\/wp\/v2\/comments?post=236072"}],"version-history":[{"count":0,"href":"https:\/\/www.europesays.com\/es\/wp-json\/wp\/v2\/posts\/236072\/revisions"}],"wp:featuredmedia":[{"embeddable":true,"href":"https:\/\/www.europesays.com\/es\/wp-json\/wp\/v2\/media\/236073"}],"wp:attachment":[{"href":"https:\/\/www.europesays.com\/es\/wp-json\/wp\/v2\/media?parent=236072"}],"wp:term":[{"taxonomy":"category","embeddable":true,"href":"https:\/\/www.europesays.com\/es\/wp-json\/wp\/v2\/categories?post=236072"},{"taxonomy":"post_tag","embeddable":true,"href":"https:\/\/www.europesays.com\/es\/wp-json\/wp\/v2\/tags?post=236072"}],"curies":[{"name":"wp","href":"https:\/\/api.w.org\/{rel}","templated":true}]}}