{"id":236081,"date":"2025-11-14T19:32:09","date_gmt":"2025-11-14T19:32:09","guid":{"rendered":"https:\/\/www.europesays.com\/es\/236081\/"},"modified":"2025-11-14T19:32:09","modified_gmt":"2025-11-14T19:32:09","slug":"eeuu-reconoce-la-posibilidad-de-un-estado-palestino","status":"publish","type":"post","link":"https:\/\/www.europesays.com\/es\/236081\/","title":{"rendered":"EEUU reconoce la posibilidad de un Estado palestino"},"content":{"rendered":"<p><strong>Estados Unidos y varios de sus socios<\/strong>, entre ellos Egipto, Turqu\u00eda, Qatar y Arabia Saud\u00ed, han instado este viernes<strong> al Consejo de Seguridad<\/strong> de la ONU \u00abla <strong>pronta adopci\u00f3n<\/strong>\u00bb de <strong>un proyecto<\/strong> de resoluci\u00f3n estadounidense <strong>que respalda el plan de paz de Donald Trump para Gaza<\/strong>, y que, por primera vez,<strong> contempla<\/strong> expl\u00edcitamente la posibilidad de un<strong> futuro Estado palestino<\/strong>.<\/p>\n<p>\u00abEmitimos esta declaraci\u00f3n como los Estados Miembros que se reunieron durante la Semana de Alto Nivel para dar inicio a este proceso, el cual ofrece una <strong>v\u00eda hacia la autodeterminaci\u00f3n y la creaci\u00f3n de un Estado palestino<\/strong>. Subrayamos que se trata de un <strong>esfuerzo sincero<\/strong> y que el plan proporciona <strong>una v\u00eda viable hacia la paz y la estabilidad<\/strong>, no solo entre israel\u00edes y palestinos, sino <strong>para toda la regi\u00f3n\u00bb<\/strong>, se\u00f1ala un comunicado emitido por la Misi\u00f3n de los Estados Unidos ante las Naciones Unidas.<\/p>\n<p>\u00abEsperamos con inter\u00e9s la adopci\u00f3n de la resoluci\u00f3n\u00bb<\/p>\n<p>En concreto, Estados Unidos, Qatar, Egipto, los Emiratos \u00c1rabes Unidos, el Reino de Arabia Saudita, Indonesia, Pakist\u00e1n, Jordania y Turqu\u00eda expresan su \u00ab<strong>apoyo conjunto<\/strong>\u00bb <strong>a la resoluci\u00f3n <\/strong>del Consejo de Seguridad que se encuentra \u00ab<strong>actualmente en consideraci\u00f3n<\/strong>\u00ab, redactada por<strong> EE.UU. <\/strong>\u00abtras consultar y en cooperaci\u00f3n con los miembros del Consejo y sus socios en la regi\u00f3n\u00bb.<\/p>\n<p>Y se especifica que el \u00abhist\u00f3rico Plan Integral\u00bb para poner fin al conflicto de Gaza \u2014anunciado el 29 de septiembre pasado\u2014, cuenta con el \u00abrespaldo de la resoluci\u00f3n\u00bb y fue celebrado y aprobado en la cumbre del 13 de octubre en Egipto en la que se oficializ\u00f3 la firma del \u00abplan de paz\u00bb  impulsado por Trump.<\/p>\n<p>\u00abEsperamos con inter\u00e9s la <strong>pronta adopci\u00f3n de esta resoluci\u00f3n<\/strong>\u00ab, culmina el comunicado.<\/p>\n<p>Un proyecto paralelo de Rusia<\/p>\n<p>Esta declaraci\u00f3n se produce despu\u00e9s de que Rusia distribuyera entre los miembros del Consejo de Seguridad un proyecto de resoluci\u00f3n alternativo que no autoriza ni la creaci\u00f3n de un \u201ccomit\u00e9 de paz\u201d ni el despliegue inmediato de una fuerza internacional en Gaza, seg\u00fan un texto al que ha tenido acceso la agencia AFP.<\/p>\n<p>El 4 de noviembre pasado, el secretario general de Naciones Unidas, <strong>Ant\u00f3nio Guterres<\/strong>, confirm\u00f3 que los miembros del Consejo de Seguridad de  hab\u00edan recibido y estaban<strong> \u00abdiscutiendo\u00bb el borrador estadounidense sobre Gaza<\/strong>, en el que se incluir\u00eda un proyecto de resoluci\u00f3n para el <strong>establecimiento de una fuerza internacional de seguridad <\/strong>en el enclave palestino. Y reiter\u00f3 que <strong>\u00abcualquier entidad que se cree en Gaza debe tener la legitimidad de un mandato del Consejo de Seguridad\u00bb<\/strong>, que se compone de 15 miembros, de los cuales cinco (China, Estados Unidos, Rusia, Francia y el Reino Unido) tienen poder de veto.<\/p>\n<p>El documento <strong>otorgar\u00eda a Estados Unidos y a otros pa\u00edses un amplio mandato para gobernar Gaza<\/strong> y garantizar su seguridad <strong>hasta finales de 2027<\/strong>, con la posibilidad de extensiones posteriores.<\/p>\n<p>La llamada Fuerza de Seguridad Internacional (ISF, por sus siglas en ingl\u00e9s) funcionar\u00eda como una fuerza encargada de hacer cumplir la ley, no como una fuerza de mantenimiento de la paz, implicar\u00eda a tropas de distintos aliados y se establecer\u00eda en coordinaci\u00f3n con la Junta de Paz de Gaza que el presidente estadounidense, Donald Trump, ha dicho que va a presidir.<\/p>\n<p>El borrador estipula que la ISF tendr\u00eda la labor de<strong> asegurar las fronteras de Gaza con Israel y Egipto<\/strong>, proteger a los<strong> civiles y los corredores humanitarios <\/strong>y capacitar a una nueva fuerza policial palestina, con la cual colaborar\u00eda en el cumplimiento de su misi\u00f3n.<\/p>\n","protected":false},"excerpt":{"rendered":"Estados Unidos y varios de sus socios, entre ellos Egipto, Turqu\u00eda, Qatar y Arabia Saud\u00ed, han instado este&hellip;\n","protected":false},"author":2,"featured_media":236082,"comment_status":"","ping_status":"","sticky":false,"template":"","format":"standard","meta":{"footnotes":""},"categories":[42],"tags":[17,18,13,14,11,61,62,63,64,19,20,9,10,15,16,12,21,22,65,66,67],"class_list":{"0":"post-236081","1":"post","2":"type-post","3":"status-publish","4":"format-standard","5":"has-post-thumbnail","7":"category-internacional","8":"tag-breaking-news","9":"tag-breakingnews","10":"tag-featured-news","11":"tag-featurednews","12":"tag-headlines","13":"tag-internacional","14":"tag-international","15":"tag-international-news","16":"tag-internationalnews","17":"tag-latest-news","18":"tag-latestnews","19":"tag-news","20":"tag-noticias","21":"tag-noticias-destacadas","22":"tag-noticiasdestacadas","23":"tag-titulares","24":"tag-ultimas-noticias","25":"tag-ultimasnoticias","26":"tag-world","27":"tag-world-news","28":"tag-worldnews"},"share_on_mastodon":{"url":"https:\/\/pubeurope.com\/@es\/115549722670011987","error":""},"_links":{"self":[{"href":"https:\/\/www.europesays.com\/es\/wp-json\/wp\/v2\/posts\/236081","targetHints":{"allow":["GET"]}}],"collection":[{"href":"https:\/\/www.europesays.com\/es\/wp-json\/wp\/v2\/posts"}],"about":[{"href":"https:\/\/www.europesays.com\/es\/wp-json\/wp\/v2\/types\/post"}],"author":[{"embeddable":true,"href":"https:\/\/www.europesays.com\/es\/wp-json\/wp\/v2\/users\/2"}],"replies":[{"embeddable":true,"href":"https:\/\/www.europesays.com\/es\/wp-json\/wp\/v2\/comments?post=236081"}],"version-history":[{"count":0,"href":"https:\/\/www.europesays.com\/es\/wp-json\/wp\/v2\/posts\/236081\/revisions"}],"wp:featuredmedia":[{"embeddable":true,"href":"https:\/\/www.europesays.com\/es\/wp-json\/wp\/v2\/media\/236082"}],"wp:attachment":[{"href":"https:\/\/www.europesays.com\/es\/wp-json\/wp\/v2\/media?parent=236081"}],"wp:term":[{"taxonomy":"category","embeddable":true,"href":"https:\/\/www.europesays.com\/es\/wp-json\/wp\/v2\/categories?post=236081"},{"taxonomy":"post_tag","embeddable":true,"href":"https:\/\/www.europesays.com\/es\/wp-json\/wp\/v2\/tags?post=236081"}],"curies":[{"name":"wp","href":"https:\/\/api.w.org\/{rel}","templated":true}]}}