{"id":236119,"date":"2025-11-14T20:03:20","date_gmt":"2025-11-14T20:03:20","guid":{"rendered":"https:\/\/www.europesays.com\/es\/236119\/"},"modified":"2025-11-14T20:03:20","modified_gmt":"2025-11-14T20:03:20","slug":"zambora-lugo-el-nuevo-templo-del-ciclismo-en-lugo","status":"publish","type":"post","link":"https:\/\/www.europesays.com\/es\/236119\/","title":{"rendered":"Zambor\u00e1 Lugo, el nuevo templo del ciclismo en Lugo"},"content":{"rendered":"<p><strong>Miguel Arias<\/strong> es uno de los grandes nombres dentro de la historia del <a target=\"_blank\" href=\"https:\/\/www.elprogreso.es\/tags\/ciclismo\/\" rel=\"nofollow noopener\">ciclismo<\/a> lucense. <strong>Campe\u00f3n de Espa\u00f1a<\/strong> de mountain bike y duatl\u00f3n en categor\u00eda m\u00e1ster son algunos de los t\u00edtulos m\u00e1s destacados entre los m\u00e1s de <strong>270 podios<\/strong> que atesora en m\u00e1s de 30 a\u00f1os de carrera. Despu\u00e9s de un periplo deportivo plagado de victorias, este lucense espera mantener el \u00e9xito con la apertura de una nueva tienda de bicicletas en la ciudad de la muralla.<\/p>\n<p>Este viernes se produjo la multitudinaria inauguraci\u00f3n de <strong>Zambor\u00e1 Lugo<\/strong>, ubicada en la <strong>Ronda das Fonti\u00f1as, 105<\/strong>. Arias, que estuvo acompa\u00f1ado por multitud de amigos y compa\u00f1eros del pelot\u00f3n gallego, ha\u00a0unido esfuerzos con dos leyendas\u00a0del panorama auton\u00f3mico ciclista, <strong>Javi Busto <\/strong>y<strong> Susana Alonso <\/strong>-los tres son compa\u00f1eros en el equipo Extol-, esta \u00faltima excorredora profesional de mountain bike y participante en la <strong>Copa del Mundo<\/strong>. Esta pareja ya regenta otra tienda de bicicletas, el germen de la actual y de id\u00e9ntico nombre, en el municipio pontevedr\u00e9s de Angolada desde el 2023.<\/p>\n<p>Miguel Arias explica que se decidi\u00f3 a emprender un negocio propio junto a sus socios despu\u00e9s de trabajar en varios establecimientos del <strong>sector<\/strong> durante a\u00f1os, ya que el ciclismo es su gran pasi\u00f3n. \u00c9l ser\u00e1 el m\u00e1ximo responsable del taller, pues es uno de los mec\u00e1nicos de bicicletas m\u00e1s reconocidos de la ciudad de la <strong>muralla<\/strong>.<\/p>\n<p>Zambor\u00e1 Lugo cuenta con modelos de las marcas Factor, Bianchi y Megamo<\/p>\n<p>Zambor\u00e1 Lugo tiene a la venta bicicletas de monta\u00f1a, carretera, e-bikes, gravel y modelos infantiles de las marcas <strong>Factor, Bianchi\u00a0<\/strong>y\u00a0<strong>Megamo.\u00a0<\/strong>Adem\u00e1s, cuenta con una amplia gama de accesorios; ropa, cascos y zapatillas de ciclismo aptas para todas las modalidades sobre dos ruedas, as\u00ed como de todos los componentes necesarios para armar una bicicleta de calidad.<\/p>\n<ul class=\"colorize-text\">\n<li>\n<p>Miguel Arias augura el <strong>\u00e9xito <\/strong>del negocio apoyado en el creciente inter\u00e9s de los lucenses por la pr\u00e1ctica del ciclismo en todas sus modalidades\u00a0y\u00a0que necesitaban de establecimientos especializados.<\/p>\n<\/li>\n<\/ul>\n","protected":false},"excerpt":{"rendered":"Miguel Arias es uno de los grandes nombres dentro de la historia del ciclismo lucense. Campe\u00f3n de Espa\u00f1a&hellip;\n","protected":false},"author":2,"featured_media":236120,"comment_status":"","ping_status":"","sticky":false,"template":"","format":"standard","meta":{"footnotes":""},"categories":[273],"tags":[5168,313,312,634,168,25,24,7318,61286,23,167],"class_list":{"0":"post-236119","1":"post","2":"type-post","3":"status-publish","4":"format-standard","5":"has-post-thumbnail","7":"category-ciclismo","8":"tag-bicicletas","9":"tag-ciclismo","10":"tag-cycling","11":"tag-deporte","12":"tag-deportes","13":"tag-es","14":"tag-espana","15":"tag-lugo","16":"tag-ronda-das-fontinas","17":"tag-spain","18":"tag-sports"},"share_on_mastodon":{"url":"https:\/\/pubeurope.com\/@es\/115549844495301985","error":""},"_links":{"self":[{"href":"https:\/\/www.europesays.com\/es\/wp-json\/wp\/v2\/posts\/236119","targetHints":{"allow":["GET"]}}],"collection":[{"href":"https:\/\/www.europesays.com\/es\/wp-json\/wp\/v2\/posts"}],"about":[{"href":"https:\/\/www.europesays.com\/es\/wp-json\/wp\/v2\/types\/post"}],"author":[{"embeddable":true,"href":"https:\/\/www.europesays.com\/es\/wp-json\/wp\/v2\/users\/2"}],"replies":[{"embeddable":true,"href":"https:\/\/www.europesays.com\/es\/wp-json\/wp\/v2\/comments?post=236119"}],"version-history":[{"count":0,"href":"https:\/\/www.europesays.com\/es\/wp-json\/wp\/v2\/posts\/236119\/revisions"}],"wp:featuredmedia":[{"embeddable":true,"href":"https:\/\/www.europesays.com\/es\/wp-json\/wp\/v2\/media\/236120"}],"wp:attachment":[{"href":"https:\/\/www.europesays.com\/es\/wp-json\/wp\/v2\/media?parent=236119"}],"wp:term":[{"taxonomy":"category","embeddable":true,"href":"https:\/\/www.europesays.com\/es\/wp-json\/wp\/v2\/categories?post=236119"},{"taxonomy":"post_tag","embeddable":true,"href":"https:\/\/www.europesays.com\/es\/wp-json\/wp\/v2\/tags?post=236119"}],"curies":[{"name":"wp","href":"https:\/\/api.w.org\/{rel}","templated":true}]}}