{"id":236125,"date":"2025-11-14T20:07:13","date_gmt":"2025-11-14T20:07:13","guid":{"rendered":"https:\/\/www.europesays.com\/es\/236125\/"},"modified":"2025-11-14T20:07:13","modified_gmt":"2025-11-14T20:07:13","slug":"kiko-matamoros-expone-lo-que-hubiese-pasado-en-espana-si-esta-frase-de-rosalia-la-hubiese-dicho-tamara-falco","status":"publish","type":"post","link":"https:\/\/www.europesays.com\/es\/236125\/","title":{"rendered":"Kiko Matamoros expone lo que hubiese pasado en Espa\u00f1a si esta frase de Rosal\u00eda la hubiese dicho Tamara Falc\u00f3"},"content":{"rendered":"<p>Si hay una protagonista esta semana en Espa\u00f1a es Rosal\u00eda. Desde el presidente del Gobierno, Pedro S\u00e1nchez, a diarios <a href=\"https:\/\/www.huffingtonpost.es\/virales\/en-financial-times-han-escuchado-ultimo-disco-rosalia-han-hecho-comparacion-nadie-espana-le-ocurriria.html\" rel=\"nofollow noopener\" target=\"_blank\">como Financial Times o The Times<\/a>, todo el mundo est\u00e1 hablando de Lux, el nuevo disco de la artista catalana.\u00a0<\/p>\n<p><a href=\"https:\/\/www.huffingtonpost.es\/virales\/pedro-sanchez-escucha-nuevo-rosalia-dice-primera-vez-esto-disco.html\" rel=\"nofollow noopener\" target=\"_blank\">\u00abPues me ha parecido una maravilla<\/a>. Algunas veces hab\u00e9is comentado en los programas que os he escuchado, que ahora, en los discos, no escuchas todas las canciones, escuchas una, dos o tres, lo que te d\u00e9 tiempo\u00bb, dijo este jueves en Radio 3 Pedro S\u00e1nchez.\u00a0<\/p>\n<p>Siendo el halago casi total, Rosal\u00eda tambi\u00e9n se ha enfrentado a alguna que otra cr\u00edtica. La exn\u00famero dos del ministerio de Igualdad con Irene Montero, <a href=\"https:\/\/www.huffingtonpost.es\/virales\/angela-rodriguez-pam-exsecretaria-igualdad-despacha-asi-sobre-nuevo-disco-rosalia.html\" rel=\"nofollow noopener\" target=\"_blank\">\u00c1ngela Rodr\u00edguez Pam, ha cargado por el conservadurismo de la artista<\/a> y Kiko Matamoros se ha fijado en una frase concreta de ella en una entrevista con Bella Freud, bisnieta del conocido psic\u00f3logo.\u00a0<\/p>\n<p>Tumbada en un div\u00e1n en honor al bisabuelo, Rosal\u00eda ha dejado una sentencia que a Kiko Matamoros le ha recordado a Tamara Falc\u00f3, hija de Isabel Preysler, que en los \u00faltimos a\u00f1os <b>ha mostrado un gran acercamiento a la religi\u00f3n.\u00a0<\/b><\/p>\n<p>\u00abCada vez que veo una pluma en la calle o donde est\u00e9 sentada, s\u00e9 que es un \u00e1ngel, s\u00e9 que estoy protegida. Un amigo me dijo: &#8216;Cuando ves una pluma, es porque hay un \u00e1ngel cerca&#8217;. Y veo muchas plumas en mi vida. S\u00e9 que estoy guiada y protegida. Es una creencia muy fuerte que tengo. Por eso, aunque alguien me env\u00ede un mal de ojo, no pueden tocarme\u00bb, ha dicho concretamente Rosal\u00eda.\u00a0<\/p>\n<p>Aqu\u00ed ha entrado Matamoros y ha espetado en su perfil de X: \u00abCada d\u00eda estoy m\u00e1s convencido de que la humanidad es idiota: si las declaraciones de Rosal\u00eda a la bisnieta de Freud, hablando de su fe y contando que cuando ve una pluma sabe que es un \u00e1ngel, <b>las hace Tamara Falc\u00f3, estar\u00edamos asistiendo a un linchamiento\u00bb.\u00a0<\/b><\/p>\n","protected":false},"excerpt":{"rendered":"Si hay una protagonista esta semana en Espa\u00f1a es Rosal\u00eda. Desde el presidente del Gobierno, Pedro S\u00e1nchez, a&hellip;\n","protected":false},"author":2,"featured_media":236126,"comment_status":"","ping_status":"","sticky":false,"template":"","format":"standard","meta":{"footnotes":""},"categories":[174],"tags":[255,146,147,25,24,256,25285,4147,23,5184],"class_list":{"0":"post-236125","1":"post","2":"type-post","3":"status-publish","4":"format-standard","5":"has-post-thumbnail","7":"category-famosos","8":"tag-celebrities","9":"tag-entertainment","10":"tag-entretenimiento","11":"tag-es","12":"tag-espana","13":"tag-famosos","14":"tag-kiko-matamoros","15":"tag-rosalia","16":"tag-spain","17":"tag-tamara-falco"},"share_on_mastodon":{"url":"https:\/\/pubeurope.com\/@es\/115549860381314905","error":""},"_links":{"self":[{"href":"https:\/\/www.europesays.com\/es\/wp-json\/wp\/v2\/posts\/236125","targetHints":{"allow":["GET"]}}],"collection":[{"href":"https:\/\/www.europesays.com\/es\/wp-json\/wp\/v2\/posts"}],"about":[{"href":"https:\/\/www.europesays.com\/es\/wp-json\/wp\/v2\/types\/post"}],"author":[{"embeddable":true,"href":"https:\/\/www.europesays.com\/es\/wp-json\/wp\/v2\/users\/2"}],"replies":[{"embeddable":true,"href":"https:\/\/www.europesays.com\/es\/wp-json\/wp\/v2\/comments?post=236125"}],"version-history":[{"count":0,"href":"https:\/\/www.europesays.com\/es\/wp-json\/wp\/v2\/posts\/236125\/revisions"}],"wp:featuredmedia":[{"embeddable":true,"href":"https:\/\/www.europesays.com\/es\/wp-json\/wp\/v2\/media\/236126"}],"wp:attachment":[{"href":"https:\/\/www.europesays.com\/es\/wp-json\/wp\/v2\/media?parent=236125"}],"wp:term":[{"taxonomy":"category","embeddable":true,"href":"https:\/\/www.europesays.com\/es\/wp-json\/wp\/v2\/categories?post=236125"},{"taxonomy":"post_tag","embeddable":true,"href":"https:\/\/www.europesays.com\/es\/wp-json\/wp\/v2\/tags?post=236125"}],"curies":[{"name":"wp","href":"https:\/\/api.w.org\/{rel}","templated":true}]}}