{"id":236130,"date":"2025-11-14T20:11:21","date_gmt":"2025-11-14T20:11:21","guid":{"rendered":"https:\/\/www.europesays.com\/es\/236130\/"},"modified":"2025-11-14T20:11:21","modified_gmt":"2025-11-14T20:11:21","slug":"generacion-ya-colectivo-da-silva-anouck-the-band-y-pedro-sanchez","status":"publish","type":"post","link":"https:\/\/www.europesays.com\/es\/236130\/","title":{"rendered":"Generaci\u00f3n Ya &#8211; Colectivo Da Silva, Anouck the Band y Pedro S\u00e1nchez"},"content":{"rendered":"<p>Colectivo Da Silva y Anouck the Band nos presentan su EP conjunto \u00abMi Amor, Mon Amour, Mio Amore\u00bb, un trabajo inspirado en la m\u00fasica italiana de los 70 en los que cuentan una historia de amor entre un romano y una parisina. <\/p>\n<p>Adem\u00e1s, recibimos una visita muy inesperada. Se pasa por el programa el presidente del Gobierno, Pedro S\u00e1nchez, a charlar sobre m\u00fasica y nuestra emisora.<\/p>\n","protected":false},"excerpt":{"rendered":"Colectivo Da Silva y Anouck the Band nos presentan su EP conjunto \u00abMi Amor, Mon Amour, Mio Amore\u00bb,&hellip;\n","protected":false},"author":2,"featured_media":236131,"comment_status":"","ping_status":"","sticky":false,"template":"","format":"standard","meta":{"footnotes":""},"categories":[170],"tags":[61288,61287,146,147,25,24,15858,184,185,133,1448,1986,1987,23],"class_list":{"0":"post-236130","1":"post","2":"type-post","3":"status-publish","4":"format-standard","5":"has-post-thumbnail","7":"category-musica","8":"tag-anouck-the-band-y-pedro-sanchez","9":"tag-colectivo-da-silva","10":"tag-entertainment","11":"tag-entretenimiento","12":"tag-es","13":"tag-espana","14":"tag-generacion-ya","15":"tag-music","16":"tag-musica","17":"tag-online","18":"tag-radio","19":"tag-rne","20":"tag-rtve-play","21":"tag-spain"},"share_on_mastodon":{"url":"https:\/\/pubeurope.com\/@es\/115549876106176585","error":""},"_links":{"self":[{"href":"https:\/\/www.europesays.com\/es\/wp-json\/wp\/v2\/posts\/236130","targetHints":{"allow":["GET"]}}],"collection":[{"href":"https:\/\/www.europesays.com\/es\/wp-json\/wp\/v2\/posts"}],"about":[{"href":"https:\/\/www.europesays.com\/es\/wp-json\/wp\/v2\/types\/post"}],"author":[{"embeddable":true,"href":"https:\/\/www.europesays.com\/es\/wp-json\/wp\/v2\/users\/2"}],"replies":[{"embeddable":true,"href":"https:\/\/www.europesays.com\/es\/wp-json\/wp\/v2\/comments?post=236130"}],"version-history":[{"count":0,"href":"https:\/\/www.europesays.com\/es\/wp-json\/wp\/v2\/posts\/236130\/revisions"}],"wp:featuredmedia":[{"embeddable":true,"href":"https:\/\/www.europesays.com\/es\/wp-json\/wp\/v2\/media\/236131"}],"wp:attachment":[{"href":"https:\/\/www.europesays.com\/es\/wp-json\/wp\/v2\/media?parent=236130"}],"wp:term":[{"taxonomy":"category","embeddable":true,"href":"https:\/\/www.europesays.com\/es\/wp-json\/wp\/v2\/categories?post=236130"},{"taxonomy":"post_tag","embeddable":true,"href":"https:\/\/www.europesays.com\/es\/wp-json\/wp\/v2\/tags?post=236130"}],"curies":[{"name":"wp","href":"https:\/\/api.w.org\/{rel}","templated":true}]}}