{"id":236150,"date":"2025-11-14T20:25:09","date_gmt":"2025-11-14T20:25:09","guid":{"rendered":"https:\/\/www.europesays.com\/es\/236150\/"},"modified":"2025-11-14T20:25:09","modified_gmt":"2025-11-14T20:25:09","slug":"no-es-lo-mismo-jugar","status":"publish","type":"post","link":"https:\/\/www.europesays.com\/es\/236150\/","title":{"rendered":"No es lo mismo jugar&#8230;"},"content":{"rendered":"<p class=\"L6-news-detail__text\"><b><a title=\"Carlos Alcaraz\" href=\"https:\/\/www.lasexta.com\/noticias\/deportes\/tenis\/propuesta-carlos-alcaraz-que-todos-tenistas-acudan-copa-davis_202511146916f33439b3f1652beb5d44.html\" target=\"_blank\" rel=\"nofollow noopener\">Carlos Alcaraz<\/a><\/b> comenzar\u00e1 2026 como n\u00famero uno del mundo. El murciano certific\u00f3 este hito por segunda vez en su carrera despu\u00e9s de vencer a <b>Lorenzo Musetti<\/b> de manera muy contundente (6-4 y 6-1).<\/p>\n<p class=\"L6-news-detail__text\">El murciano, con su victoria, asegur\u00f3 quedarse hasta el a\u00f1o que viene en lo m\u00e1s alto del ranking mundial y cerr\u00f3 la clasificaci\u00f3n de <b>\u00c1lex de Minaur<\/b> a la siguiente ronda, de manera fortuita, porque tanto el australiano como Musetti como <b>Taylor Fritz<\/b>, terminaron la fase de grupos con una victoria.<\/p>\n<p class=\"L6-news-detail__text\">Sin embargo, el pase a semifinales de Carlitos no ha sido todo lo complaciente que se pod\u00eda <b>esperar<\/b>. El murciano ha expresado su rotundo desacuerdo con la decisi\u00f3n de retrasar su encuentro previo a una hipot\u00e9tica final.<\/p>\n<p class=\"L6-news-detail__text\">\u00abObviamente, cuanto menos <b>tiempo de recuperaci\u00f3n<\/b> tienes, peor. No digo que sea un gran h\u00e1ndicap en contra, pero no es lo mismo <b>acabar a las 11 y media o 12 e irte a la cama<\/b> a las dos que irte a la cama a las 11 y hacerlo todo mucho m\u00e1s temprano\u00bb, asegur\u00f3 Carlos en rueda de prensa.<\/p>\n<p class=\"L6-news-detail__text\"><b><a title=\"Alcaraz\" href=\"https:\/\/www.lasexta.com\/noticias\/deportes\/tenis\/propuesta-carlos-alcaraz-que-todos-tenistas-acudan-copa-davis_202511146916f33439b3f1652beb5d44.html\" target=\"_blank\" rel=\"nofollow noopener\">Alcaraz<\/a><\/b>, cuyo rival saldr\u00e1 del enfrentamiento entre Zverev y Auger-Aliassime, insiti\u00f3 en lo importante que es poder recuperarse bien: \u00abEl tiempo de recuperaci\u00f3n y el tiempo de descanso influye mucho para estar luego en condiciones o en mejores condiciones para el domingo\u00bb.<\/p>\n<p class=\"L6-support-news-video__title\">&#8216;El Cafelito&#8217;<\/p>\n<p>            <a href=\"https:\/\/www.lasexta.com\/noticias\/deportes\/futbol\/pedro-leon-pronuncia-jose-mourinho-guardo-rencor_202511136915853b360d0840bcd53cc9.html\" class=\"L6-news__link\" rel=\"nofollow noopener\" target=\"_blank\"><br \/>\n                Pedro Le\u00f3n se pronuncia sobre Jos\u00e9 Mourinho: \u00abNo le guardo rencor&#8230;\u00bb<\/p>\n<p class=\"recirculation-video-desc\">El exfutbolista del Real Madrid responde en &#8216;El Cafelito&#8217; sobre Jos\u00e9 Mourinho, que le apart\u00f3 en el Real Madrid: \u00abMe doli\u00f3 que no sab\u00eda por qu\u00e9&#8230;\u00bb.<\/p>\n<p>            <\/a><\/p>\n","protected":false},"excerpt":{"rendered":"Carlos Alcaraz comenzar\u00e1 2026 como n\u00famero uno del mundo. El murciano certific\u00f3 este hito por segunda vez en&hellip;\n","protected":false},"author":2,"featured_media":230866,"comment_status":"","ping_status":"","sticky":false,"template":"","format":"standard","meta":{"footnotes":""},"categories":[274],"tags":[168,25,24,23,167,327,326],"class_list":{"0":"post-236150","1":"post","2":"type-post","3":"status-publish","4":"format-standard","5":"has-post-thumbnail","7":"category-tenis","8":"tag-deportes","9":"tag-es","10":"tag-espana","11":"tag-spain","12":"tag-sports","13":"tag-tenis","14":"tag-tennis"},"share_on_mastodon":{"url":"https:\/\/pubeurope.com\/@es\/115549931178462612","error":""},"_links":{"self":[{"href":"https:\/\/www.europesays.com\/es\/wp-json\/wp\/v2\/posts\/236150","targetHints":{"allow":["GET"]}}],"collection":[{"href":"https:\/\/www.europesays.com\/es\/wp-json\/wp\/v2\/posts"}],"about":[{"href":"https:\/\/www.europesays.com\/es\/wp-json\/wp\/v2\/types\/post"}],"author":[{"embeddable":true,"href":"https:\/\/www.europesays.com\/es\/wp-json\/wp\/v2\/users\/2"}],"replies":[{"embeddable":true,"href":"https:\/\/www.europesays.com\/es\/wp-json\/wp\/v2\/comments?post=236150"}],"version-history":[{"count":0,"href":"https:\/\/www.europesays.com\/es\/wp-json\/wp\/v2\/posts\/236150\/revisions"}],"wp:featuredmedia":[{"embeddable":true,"href":"https:\/\/www.europesays.com\/es\/wp-json\/wp\/v2\/media\/230866"}],"wp:attachment":[{"href":"https:\/\/www.europesays.com\/es\/wp-json\/wp\/v2\/media?parent=236150"}],"wp:term":[{"taxonomy":"category","embeddable":true,"href":"https:\/\/www.europesays.com\/es\/wp-json\/wp\/v2\/categories?post=236150"},{"taxonomy":"post_tag","embeddable":true,"href":"https:\/\/www.europesays.com\/es\/wp-json\/wp\/v2\/tags?post=236150"}],"curies":[{"name":"wp","href":"https:\/\/api.w.org\/{rel}","templated":true}]}}