{"id":236169,"date":"2025-11-14T20:38:09","date_gmt":"2025-11-14T20:38:09","guid":{"rendered":"https:\/\/www.europesays.com\/es\/236169\/"},"modified":"2025-11-14T20:38:09","modified_gmt":"2025-11-14T20:38:09","slug":"muere-a-los-86-anos-encarnita-polo-que-triunfo-con-paco-paco-paco-cultura","status":"publish","type":"post","link":"https:\/\/www.europesays.com\/es\/236169\/","title":{"rendered":"Muere a los 86 a\u00f1os Encarnita Polo, que triunf\u00f3 con \u2018Paco, Paco, Paco\u2019 | Cultura"},"content":{"rendered":"<p class=\"\">La actriz y <a href=\"https:\/\/elpais.com\/economia\/2012\/11\/15\/agencias\/1353011882_008081.html\" target=\"_blank\" rel=\"noreferrer nofollow noopener\" title=\"https:\/\/elpais.com\/economia\/2012\/11\/15\/agencias\/1353011882_008081.html\">cantante sevillana Encarnita Polo<\/a>, una las figuras m\u00e1s importantes de la m\u00fasica pop y la copla de los a\u00f1os sesenta y setenta y que triunf\u00f3 con su conocida canci\u00f3n Paco, Paco, Paco, ha fallecido este viernes a los 86 a\u00f1os en \u00c1vila, donde vivi\u00f3 los \u00faltimos a\u00f1os junto a su hija, seg\u00fan han informado a EFE fuentes cercanas a la familia. <\/p>\n<p class=\"\">Su hija, Raquel Waitzman Polo, ha comunicado el fallecimiento a sus conocidos y ha pedido respeto y privacidad para la familia en estos momentos tan delicados. \u201cFue una mujer fuerte, divertida y con un car\u00e1cter \u00fanico\u201d, puede leerse en un comunicado remitido a los medios en el que se afirma que la fallecida fue \u201cuna cantante y actriz inolvidable, una pionera del flamenco-pop cuya voz y personalidad marcaron a varias generaciones\u201d.<\/p>\n<p class=\"\">Encarnita Polo naci\u00f3 en Sevilla el 22 de enero de 1943 en el seno de una familia numerosa, pero se crio en Barcelona donde su madre se traslad\u00f3 tras fallecer su padre. All\u00ed inici\u00f3 en el mundo de la canci\u00f3n con la ayuda del bailar\u00edn Antonio Mar\u00edn. <\/p>\n<p class=\"\">Encarnita Polo naci\u00f3 en Sevilla el 22 de enero de 1943 en el seno de una familia numerosa, pero se crio en Barcelona donde su madre se traslad\u00f3 tras fallecer su padre. All\u00ed inici\u00f3 en el mundo de la canci\u00f3n con la ayuda del bailar\u00edn Antonio Mar\u00edn. <\/p>\n<p class=\"\">Aconsejada por el cantante franc\u00e9s Charles Aznavour, abandon\u00f3 a principios de los a\u00f1os sesenta su repertorio andaluz para convertirse en una cantante de pop. En 1963 grab\u00f3 su primer disco, con temas como La balada del amanecer y Sobre la playa, al que siguieron Un sue\u00f1o roto y Yo que te quiero. <\/p>\n<p class=\"\">Edit\u00f3 en 1965 sus canciones Andaluza, Larga calle y 1000 horas, tema este \u00faltimo con el que se present\u00f3 al Festival de la Canci\u00f3n del Mediterr\u00e1neo. En esa \u00e9poca, la cantante intervino en programas musicales de \u00e9xito de TVE como Los amigos del lunes, Noche del S\u00e1bado o La hora de. Sus actuaciones fueron seguidas en Portugal, Francia e Italia, pa\u00eds en el que obtuvo en 1964 el primer premio en el festival de la RAI por Napoli Contra Tutti.<\/p>\n","protected":false},"excerpt":{"rendered":"La actriz y cantante sevillana Encarnita Polo, una las figuras m\u00e1s importantes de la m\u00fasica pop y la&hellip;\n","protected":false},"author":2,"featured_media":236170,"comment_status":"","ping_status":"","sticky":false,"template":"","format":"standard","meta":{"footnotes":""},"categories":[91],"tags":[1014,1015,3061,177,12374,24506,209,146,147,25,24,185,23],"class_list":{"0":"post-236169","1":"post","2":"type-post","3":"status-publish","4":"format-standard","5":"has-post-thumbnail","7":"category-entretenimiento","8":"tag-actores","9":"tag-actrices","10":"tag-cantantes","11":"tag-cine","12":"tag-cine-espanol","13":"tag-copla","14":"tag-cultura","15":"tag-entertainment","16":"tag-entretenimiento","17":"tag-es","18":"tag-espana","19":"tag-musica","20":"tag-spain"},"share_on_mastodon":{"url":"https:\/\/pubeurope.com\/@es\/115549982296921159","error":""},"_links":{"self":[{"href":"https:\/\/www.europesays.com\/es\/wp-json\/wp\/v2\/posts\/236169","targetHints":{"allow":["GET"]}}],"collection":[{"href":"https:\/\/www.europesays.com\/es\/wp-json\/wp\/v2\/posts"}],"about":[{"href":"https:\/\/www.europesays.com\/es\/wp-json\/wp\/v2\/types\/post"}],"author":[{"embeddable":true,"href":"https:\/\/www.europesays.com\/es\/wp-json\/wp\/v2\/users\/2"}],"replies":[{"embeddable":true,"href":"https:\/\/www.europesays.com\/es\/wp-json\/wp\/v2\/comments?post=236169"}],"version-history":[{"count":0,"href":"https:\/\/www.europesays.com\/es\/wp-json\/wp\/v2\/posts\/236169\/revisions"}],"wp:featuredmedia":[{"embeddable":true,"href":"https:\/\/www.europesays.com\/es\/wp-json\/wp\/v2\/media\/236170"}],"wp:attachment":[{"href":"https:\/\/www.europesays.com\/es\/wp-json\/wp\/v2\/media?parent=236169"}],"wp:term":[{"taxonomy":"category","embeddable":true,"href":"https:\/\/www.europesays.com\/es\/wp-json\/wp\/v2\/categories?post=236169"},{"taxonomy":"post_tag","embeddable":true,"href":"https:\/\/www.europesays.com\/es\/wp-json\/wp\/v2\/tags?post=236169"}],"curies":[{"name":"wp","href":"https:\/\/api.w.org\/{rel}","templated":true}]}}