{"id":236194,"date":"2025-11-14T20:59:07","date_gmt":"2025-11-14T20:59:07","guid":{"rendered":"https:\/\/www.europesays.com\/es\/236194\/"},"modified":"2025-11-14T20:59:07","modified_gmt":"2025-11-14T20:59:07","slug":"cristiano-ronaldo-podria-quedarse-sin-mundial-deberia-avergonzarse","status":"publish","type":"post","link":"https:\/\/www.europesays.com\/es\/236194\/","title":{"rendered":"Cristiano Ronaldo podr\u00eda quedarse sin Mundial: \u00abDeber\u00eda avergonzarse\u00bb"},"content":{"rendered":"<p class=\"ft-text\"><a class=\"ft-link ft-link--decoration\" href=\"https:\/\/www.sport.es\/es\/noticias\/futbol-internacional\/agresion-cristiano-expulsado-derrota-portugal-123699909\" rel=\"nofollow noopener\" target=\"_blank\">Cristiano Ronaldo<\/a> ha demostrado en los \u00faltimos a\u00f1os e incluso meses que <strong>todav\u00eda tiene cuerda para rato<\/strong>. Precisamente por ese motivo se march\u00f3 en enero de 2023 a Arabia Saud\u00ed, una liga en auge que le permite seguir <strong>compitiendo al m\u00e1ximo nivel <\/strong>y poder as\u00ed ser <strong>convocado con su selecci\u00f3n a sus 40 a\u00f1os.<\/strong><\/p>\n<p class=\"ft-text\">Si Cristiano todav\u00eda no se ha retirado es principalmente por dos objetivos que tiene entre ceja y ceja y que le obligan a dar el m\u00e1ximo partido tras partido: <strong>ser el primer futbolista de la historia en alcanzar los 1000 goles y disputar su \u00faltimo Mundial en Estados Unidos, M\u00e9xico y Canad\u00e1.<\/strong><\/p>\n<p class=\"ft-text\">Pero todo lo que ha venido luchando en los \u00faltimos cuatro a\u00f1os<strong> podr\u00eda haberse ido al traste con una pol\u00e9mica agresi\u00f3n este pasado jueves<\/strong>. En el Irlanda-Portugal de ayer (2-0), Cristiano Ronaldo vio la roja directa por<strong> propinar un codazo por la espalda a un rival<\/strong>. \u00ab<strong>Deber\u00eda avergonzarse<\/strong>\u00ab, aseguran en el medio luso &#8216;A Bola&#8217;.<\/p>\n<p>\u00abPerdi\u00f3 los papeles\u00bb<\/p>\n<p class=\"ft-text\"><strong>\u00abPerdi\u00f3 los papeles, pasa a veces. Pero teniendo 40 a\u00f1os y habiendo sido \u00e9l quien cre\u00f3 el ambiente que se vivi\u00f3, resulta extra\u00f1o que sucediese&#8230; Y lo peor fue todo el teatro entre su codazo y su salida del campo\u00bb<\/strong>, se puede leer en dicho medio. Mientras que &#8216;R\u00e9cord&#8217; fue m\u00e1s all\u00e1: \u00ab<strong>Perdi\u00f3 la cabeza. No soport\u00f3 la frustraci\u00f3n de ir abajo en el marcador y solt\u00f3 un golpe no usual en \u00e9l<\/strong>\u00ab.<\/p>\n<p><img decoding=\"async\" src=\"https:\/\/www.europesays.com\/es\/wp-content\/uploads\/2025\/11\/111109cb-36e4-4705-8fab-10c68bd39026_alta-libre-aspect-ratio_default_0.jpg\" width=\"1200\" height=\"800\" alt=\"Portugal's Cristiano Ronaldo leaves the pitch after being shown a red card during a World Cup 2026 group F qualifying soccer match between Ireland and Portugal in Dublin, Thursday, Nov. 13, 2025. (AP Photo\/Peter Morrison)\" class=\"ft-helper-img-rd\" loading=\"lazy\"\/><\/p>\n<p class=\"ft-helper-fontColor-quaternary ft-helper-fontSize-body-S ft-helper-spacer-t-xxs\">Portugal&#8217;s Cristiano Ronaldo leaves the pitch after being shown a red card during a World Cup 2026 group F qualifying soccer match between Ireland and Portugal in Dublin, Thursday, Nov. 13, 2025. (AP Photo\/Peter Morrison)  \/ AP<\/p>\n<p class=\"ft-text\">Corr\u00eda el minuto 60 cuando el astro portugu\u00e9s,<strong> con el marcador reflejando un 2-0 en contra y desquiciado por los empujones de la defensa irlandesa<\/strong>, sac\u00f3 el codo a pasear para golpear en la espalda de <strong>Dara O\u2019Shea<\/strong>. Vio la amarilla en primera instancia mientras el rival se dol\u00eda sobre el terreno de juego. Una vez levantado del suelo, <strong>Cristiano le hizo el gesto de &#8216;llor\u00f3n&#8217; llev\u00e1ndose los pu\u00f1os a sus ojos simulando l\u00e1grimas.<\/strong><\/p>\n<p>Agresi\u00f3n sin bal\u00f3n<\/p>\n<p class=\"ft-text\">Pero, para sorpresa del portugu\u00e9s,<strong> intervino el VAR para corregir la decisi\u00f3n del colegiado<\/strong>, que cambi\u00f3 la amarilla por una roja directa que podr\u00eda tener consecuencias grav\u00edsimas para Ronaldo. El delantero del Al-Nassr <strong>se perder\u00e1 el \u00faltimo duelo de la fase clasificatoria de Portugal<\/strong> (este domingo contra Armenia), sin embargo, <strong>la FIFA podr\u00eda sancionarle con m\u00e1s partidos si lo considera una agresi\u00f3n sin el bal\u00f3n en juego<\/strong>.<\/p>\n<p class=\"ft-text\">Dicho castigo podr\u00eda ir <strong>desde uno (si lo consideran acci\u00f3n del juego) hasta un m\u00ednimo de tres partidos (si lo consideran conducta violenta)<\/strong>. \u201cAl menos tres partidos de suspensi\u00f3n por agredir a un adversario o persona que no sea un \u00e1rbitro de partido\u201d, establece el reglamento, que considera agresi\u00f3n acciones como <strong>codazos, pu\u00f1etazos, mordiscos, patadas o golpes<\/strong>.<\/p>\n<p><img decoding=\"async\" src=\"https:\/\/www.europesays.com\/es\/wp-content\/uploads\/2025\/11\/a27460be-5c75-45df-a09d-c4a86983a346_alta-libre-aspect-ratio_default_0.jpg\" width=\"1200\" height=\"738\" alt=\"Cristiano Ronaldo fue expulsado tras intervenci\u00f3n del VAR\" class=\"ft-helper-img-rd\" loading=\"lazy\"\/><\/p>\n<p class=\"ft-helper-fontColor-quaternary ft-helper-fontSize-body-S ft-helper-spacer-t-xxs\">Cristiano Ronaldo fue expulsado tras intervenci\u00f3n del VAR  \/ AP<\/p>\n<p>Solo resta un partido de clasificaci\u00f3n<\/p>\n<p class=\"ft-text\">E ah\u00ed el quid de la cuesti\u00f3n:<strong> si recibe un castigo de cuatro partidos, podr\u00eda no tener minutos en el Mundial en caso de que Portugal caiga en la fase de grupos.<\/strong><\/p>\n<p class=\"ft-text\">Si el combinado de Roberto Mart\u00ednez termina clasific\u00e1ndose para la cita mundialista <strong>sin pasar por la repesca<\/strong> (algo l\u00f3gico, pero todav\u00eda pendiente de confirmaci\u00f3n), Cristiano<strong> podr\u00eda ausentarse en partidos del Mundial al restar tan solo un encuentro de la fase de clasificaci\u00f3n por delante<\/strong> y tener que cumplir sanci\u00f3n en duelos oficiales.<\/p>\n<p class=\"ft-text\">En ese sentido, en un hipot\u00e9tico caso de que el castigo fuese de cuatro partidos, cabr\u00eda la posibilidad de que <strong>el ex del Real Madrid se quedase sin disputar ni un solo minuto en la cita de Estados Unidos, M\u00e9xico y Canad\u00e1<\/strong>, siempre y cuando el combinado luso<strong> cayese eliminado en la fase de grupos<\/strong>, que consta de tres partidos.<\/p>\n","protected":false},"excerpt":{"rendered":"Cristiano Ronaldo ha demostrado en los \u00faltimos a\u00f1os e incluso meses que todav\u00eda tiene cuerda para rato. Precisamente&hellip;\n","protected":false},"author":2,"featured_media":236195,"comment_status":"","ping_status":"","sticky":false,"template":"","format":"standard","meta":{"footnotes":""},"categories":[93],"tags":[14386,8432,168,25,24,1070,32463,1462,19712,1988,23,167],"class_list":{"0":"post-236194","1":"post","2":"type-post","3":"status-publish","4":"format-standard","5":"has-post-thumbnail","7":"category-deportes","8":"tag-cristiano","9":"tag-cristiano-ronaldo","10":"tag-deportes","11":"tag-es","12":"tag-espana","13":"tag-mundial","14":"tag-mundial-2026","15":"tag-portugal","16":"tag-ronaldo","17":"tag-seleccion","18":"tag-spain","19":"tag-sports"},"share_on_mastodon":{"url":"https:\/\/pubeurope.com\/@es\/115550064877309708","error":""},"_links":{"self":[{"href":"https:\/\/www.europesays.com\/es\/wp-json\/wp\/v2\/posts\/236194","targetHints":{"allow":["GET"]}}],"collection":[{"href":"https:\/\/www.europesays.com\/es\/wp-json\/wp\/v2\/posts"}],"about":[{"href":"https:\/\/www.europesays.com\/es\/wp-json\/wp\/v2\/types\/post"}],"author":[{"embeddable":true,"href":"https:\/\/www.europesays.com\/es\/wp-json\/wp\/v2\/users\/2"}],"replies":[{"embeddable":true,"href":"https:\/\/www.europesays.com\/es\/wp-json\/wp\/v2\/comments?post=236194"}],"version-history":[{"count":0,"href":"https:\/\/www.europesays.com\/es\/wp-json\/wp\/v2\/posts\/236194\/revisions"}],"wp:featuredmedia":[{"embeddable":true,"href":"https:\/\/www.europesays.com\/es\/wp-json\/wp\/v2\/media\/236195"}],"wp:attachment":[{"href":"https:\/\/www.europesays.com\/es\/wp-json\/wp\/v2\/media?parent=236194"}],"wp:term":[{"taxonomy":"category","embeddable":true,"href":"https:\/\/www.europesays.com\/es\/wp-json\/wp\/v2\/categories?post=236194"},{"taxonomy":"post_tag","embeddable":true,"href":"https:\/\/www.europesays.com\/es\/wp-json\/wp\/v2\/tags?post=236194"}],"curies":[{"name":"wp","href":"https:\/\/api.w.org\/{rel}","templated":true}]}}