{"id":236214,"date":"2025-11-14T21:15:13","date_gmt":"2025-11-14T21:15:13","guid":{"rendered":"https:\/\/www.europesays.com\/es\/236214\/"},"modified":"2025-11-14T21:15:13","modified_gmt":"2025-11-14T21:15:13","slug":"alineaciones-real-valladolid-ud-las-palmas-onces-confirmados","status":"publish","type":"post","link":"https:\/\/www.europesays.com\/es\/236214\/","title":{"rendered":"ALINEACIONES | Real Valladolid \u2013 UD Las Palmas: onces confirmados"},"content":{"rendered":"<p>        <a href=\"https:\/\/www.udlaspalmas.net\/wp-content\/2025\/11\/Valladolid_UDLasPalmas.png\" data-caption=\"\" rel=\"nofollow noopener\" target=\"_blank\"><img loading=\"lazy\" decoding=\"async\" width=\"640\" height=\"335\" class=\"entry-thumb td-modal-image\" src=\"https:\/\/www.europesays.com\/es\/wp-content\/uploads\/2025\/11\/Valladolid_UDLasPalmas-640x335.png\"   alt=\"\" title=\"Valladolid_UDLasPalmas\"\/><\/a><\/p>\n<p><strong>La UD Las Palmas visita al Real Valladolid en la 14\u00ba jornada de la Liga Hypermotion. <\/strong><\/p>\n<p>Duelo de reci\u00e9n descendidos este viernes en la Segunda Divisi\u00f3n. Valladolid y Las Palmas se ven las caras en Zorrilla a partir de las 19:30 hora canaria en el partido que abre la 14\u00ba jornada de la Liga Hypermotion.<\/p>\n<p>Estos son los futbolista escogidos por Guillermo Almada y Luis Garc\u00eda para este partido:<\/p>\n<p>Real Valladolid vs UD Las Palmas: Onces confirmados<\/p>\n<p><strong>Valladolid<\/strong>: Guilherme Fernandes, Iv\u00e1n Alejo, Pablo Tomeo, David Torres, Guille Bueno, Julien Ponceau, Stanko Juri\u0107, Peter Federico, Amath Ndiaye, J. Delgado y Marcos Andr\u00e9. Entrenador: Guillermo Almada<\/p>\n<p><strong>UD Las Palmas<\/strong>: Dinko Horka\u0161; Marvin, Sergio Barcia, Mika M\u00e1rmol, Enrique Clemente; Lorenzo Amatucci, Kirian Rodr\u00edguez; Peji\u00f1o, Manu Fuster, Ale Garc\u00eda; Milo\u0161 Lukovi\u0107. Entrenador: Luis Garc\u00eda<\/p>\n<p>Banquillo<\/p>\n<p><strong>Valladolid<\/strong>:Aceves, Trilli, Javi S\u00e1nchez, Lachuer, Ten\u00e9s, Alani, Maroto, Biuk, Arnu, Chuki, Jaouab, Mario D.<\/p>\n<p><strong>UD Las Palmas<\/strong>: Caro, Adri Su\u00e1rez, Alex Su\u00e1rez, Mata, Iv\u00e1n Gil, Jes\u00e9, Marc Cardona, Herzog, Viti, Jonathan Viera, Cristian, I\u00f1aki.<\/p>\n<p>\t\t\t<img decoding=\"async\" class=\"aioseo-author-bio-compact-image\" src=\"https:\/\/www.europesays.com\/es\/wp-content\/uploads\/2025\/11\/1763154913_798_5b27415d7658ec6dac1eca0239d5a96ed08107cc9c4d2da856138fef78099cc2\" alt=\"author avatar\"\/><\/p>\n<p>\t\t\tSergio Delgado es periodista y experto en la actualidad de la UD Las Palmas. Especialista en f\u00fatbol canario y deportes regionales, lleva desde el a\u00f1o 2024 escribiendo en udlaspalmas.NET.<\/p>\n","protected":false},"excerpt":{"rendered":"La UD Las Palmas visita al Real Valladolid en la 14\u00ba jornada de la Liga Hypermotion. Duelo de&hellip;\n","protected":false},"author":2,"featured_media":236215,"comment_status":"","ping_status":"","sticky":false,"template":"","format":"standard","meta":{"footnotes":""},"categories":[268],"tags":[168,25,24,280,282,25169,281,23,167,4406],"class_list":{"0":"post-236214","1":"post","2":"type-post","3":"status-publish","4":"format-standard","5":"has-post-thumbnail","7":"category-futbol","8":"tag-deportes","9":"tag-es","10":"tag-espana","11":"tag-football","12":"tag-futbol","13":"tag-real-valladolid","14":"tag-soccer","15":"tag-spain","16":"tag-sports","17":"tag-ud-las-palmas"},"share_on_mastodon":{"url":"https:\/\/pubeurope.com\/@es\/115550127793643493","error":""},"_links":{"self":[{"href":"https:\/\/www.europesays.com\/es\/wp-json\/wp\/v2\/posts\/236214","targetHints":{"allow":["GET"]}}],"collection":[{"href":"https:\/\/www.europesays.com\/es\/wp-json\/wp\/v2\/posts"}],"about":[{"href":"https:\/\/www.europesays.com\/es\/wp-json\/wp\/v2\/types\/post"}],"author":[{"embeddable":true,"href":"https:\/\/www.europesays.com\/es\/wp-json\/wp\/v2\/users\/2"}],"replies":[{"embeddable":true,"href":"https:\/\/www.europesays.com\/es\/wp-json\/wp\/v2\/comments?post=236214"}],"version-history":[{"count":0,"href":"https:\/\/www.europesays.com\/es\/wp-json\/wp\/v2\/posts\/236214\/revisions"}],"wp:featuredmedia":[{"embeddable":true,"href":"https:\/\/www.europesays.com\/es\/wp-json\/wp\/v2\/media\/236215"}],"wp:attachment":[{"href":"https:\/\/www.europesays.com\/es\/wp-json\/wp\/v2\/media?parent=236214"}],"wp:term":[{"taxonomy":"category","embeddable":true,"href":"https:\/\/www.europesays.com\/es\/wp-json\/wp\/v2\/categories?post=236214"},{"taxonomy":"post_tag","embeddable":true,"href":"https:\/\/www.europesays.com\/es\/wp-json\/wp\/v2\/tags?post=236214"}],"curies":[{"name":"wp","href":"https:\/\/api.w.org\/{rel}","templated":true}]}}