{"id":236216,"date":"2025-11-14T21:16:14","date_gmt":"2025-11-14T21:16:14","guid":{"rendered":"https:\/\/www.europesays.com\/es\/236216\/"},"modified":"2025-11-14T21:16:14","modified_gmt":"2025-11-14T21:16:14","slug":"asi-lo-han-anunciado-en-redes-sociales","status":"publish","type":"post","link":"https:\/\/www.europesays.com\/es\/236216\/","title":{"rendered":"as\u00ed lo han anunciado en redes sociales"},"content":{"rendered":"<p>El cantante y productor musical <a target=\"_blank\" href=\"https:\/\/www.diariodepontevedra.es\/tags\/c-tangana\/\" rel=\"nofollow noopener\"><strong>C. Tangana<\/strong><\/a> y su pareja <strong>Roc\u00edo Aguirre <\/strong>ser\u00e1n <strong>padres <\/strong>por primera vez. La<strong> fot\u00f3grafa chilena <\/strong>ha sido quien ha compartido la feliz noticia con sus m\u00e1s de <strong>81.000 seguidores<\/strong> en <strong>Instagram <\/strong>este viernes, publicando una imagen frente al espejo donde muestra su avanzada gestaci\u00f3n. \u00abLas guag\u00fcitas vienen con <strong>la marraqueta bajo el brazo<\/strong>, dicen\u00bb, escribi\u00f3 Aguirre como pie de foto, utilizando expresiones t\u00edpicas chilenas para referirse a los beb\u00e9s y el pan tradicional de su pa\u00eds.<\/p>\n<p>Las reacciones de felicitaci\u00f3n no se han hecho esperar, con numerosas celebridades como <strong>Julieta Venegas, Rossy de Palma o Hiba Abouk<\/strong> expresando sus buenos deseos en la publicaci\u00f3n. Por el momento, <strong>Ant\u00f3n \u00c1lvarez Alfaro<\/strong>, nombre real del artista madrile\u00f1o de 35 a\u00f1os, no se ha pronunciado p\u00fablicamente sobre la noticia, manteniendo as\u00ed la discreci\u00f3n que ha caracterizado su relaci\u00f3n desde sus inicios.<\/p>\n<p>La pareja, que cumple <strong>cinco a\u00f1os<\/strong> junta en 2025, ha logrado mantener su vida personal alejada del foco medi\u00e1tico, a pesar de la<strong> creciente popularidad <\/strong>del artista. Se conocieron a finales de 2019 en Madrid, apenas dos semanas antes de que Aguirre regresara a Chile, estableciendo primero un v\u00ednculo profesional que evolucionar\u00eda hacia lo sentimental durante el confinamiento por la <strong>pandemia <\/strong>de coronavirus, que pasaron <strong>juntos en M\u00e9xico<\/strong>.<\/p>\n<blockquote class=\"instagram-media\" data-instgrm-captioned=\"\" data-instgrm-permalink=\"https:\/\/www.instagram.com\/p\/DRCp-jUiJoL\/?utm_source=ig_embed&amp;utm_campaign=loading\" data-instgrm-version=\"14\" style=\" background:#FFF; border:0; border-radius:3px; box-shadow:0 0 1px 0 rgba(0,0,0,0.5),0 1px 10px 0 rgba(0,0,0,0.15); margin: 1px; max-width:540px; min-width:326px; padding:0; width:99.375%; width:-webkit-calc(100% - 2px); width:calc(100% - 2px);\">\n<\/blockquote>\n<p>Un a\u00f1o de \u00e9xitos para la discreta pareja<\/p>\n<p>Este 2025 est\u00e1 resultando especialmente significativo para ambos. En febrero, C. Tangana recibi\u00f3 el <strong>premio Goya<\/strong> al mejor documental por <strong>La guitarra flamenca\u00a0de Yerai Cort\u00e9s<\/strong>, galard\u00f3n que celebr\u00f3 junto a Aguirre en la ceremonia. Este reconocimiento se suma a la exitosa trayectoria del artista madrile\u00f1o, quien se catapult\u00f3 como una de las mayores estrellas de la m\u00fasica en espa\u00f1ol tras el lanzamiento de <strong>El madrile\u00f1o\u00a0<\/strong>en febrero de 2021.<\/p>\n<p>Aunque la pareja prefiere mantener separados sus <strong>\u00e1mbitos profesional y personal<\/strong>, sus redes sociales han servido ocasionalmente como ventana a su relaci\u00f3n. El pasado julio, coincidiendo con el cumplea\u00f1os del cantante, Aguirre public\u00f3 un emotivo mensaje: \u00ab<strong>Bebecito de mi vida <\/strong>eres ni\u00f1o como yo por eso yo te amo y te doy mi coraz\u00f3n. Feliz cumplea\u00f1os <strong>amor de mi vida<\/strong>\u00ab, acompa\u00f1ado de varias fotograf\u00edas de momentos compartidos.<\/p>\n<p>                        <script async src=\"\/\/www.instagram.com\/embed.js\"><\/script><\/p>\n","protected":false},"excerpt":{"rendered":"El cantante y productor musical C. Tangana y su pareja Roc\u00edo Aguirre ser\u00e1n padres por primera vez. La&hellip;\n","protected":false},"author":2,"featured_media":236217,"comment_status":"","ping_status":"","sticky":false,"template":"","format":"standard","meta":{"footnotes":""},"categories":[174],"tags":[5233,54430,255,929,146,147,25,24,256,260,12648,23],"class_list":{"0":"post-236216","1":"post","2":"type-post","3":"status-publish","4":"format-standard","5":"has-post-thumbnail","7":"category-famosos","8":"tag-audiencias-um","9":"tag-c-tangana","10":"tag-celebrities","11":"tag-embarazo","12":"tag-entertainment","13":"tag-entretenimiento","14":"tag-es","15":"tag-espana","16":"tag-famosos","17":"tag-gente","18":"tag-ia-news","19":"tag-spain"},"share_on_mastodon":{"url":"https:\/\/pubeurope.com\/@es\/115550131686324150","error":""},"_links":{"self":[{"href":"https:\/\/www.europesays.com\/es\/wp-json\/wp\/v2\/posts\/236216","targetHints":{"allow":["GET"]}}],"collection":[{"href":"https:\/\/www.europesays.com\/es\/wp-json\/wp\/v2\/posts"}],"about":[{"href":"https:\/\/www.europesays.com\/es\/wp-json\/wp\/v2\/types\/post"}],"author":[{"embeddable":true,"href":"https:\/\/www.europesays.com\/es\/wp-json\/wp\/v2\/users\/2"}],"replies":[{"embeddable":true,"href":"https:\/\/www.europesays.com\/es\/wp-json\/wp\/v2\/comments?post=236216"}],"version-history":[{"count":0,"href":"https:\/\/www.europesays.com\/es\/wp-json\/wp\/v2\/posts\/236216\/revisions"}],"wp:featuredmedia":[{"embeddable":true,"href":"https:\/\/www.europesays.com\/es\/wp-json\/wp\/v2\/media\/236217"}],"wp:attachment":[{"href":"https:\/\/www.europesays.com\/es\/wp-json\/wp\/v2\/media?parent=236216"}],"wp:term":[{"taxonomy":"category","embeddable":true,"href":"https:\/\/www.europesays.com\/es\/wp-json\/wp\/v2\/categories?post=236216"},{"taxonomy":"post_tag","embeddable":true,"href":"https:\/\/www.europesays.com\/es\/wp-json\/wp\/v2\/tags?post=236216"}],"curies":[{"name":"wp","href":"https:\/\/api.w.org\/{rel}","templated":true}]}}