{"id":236224,"date":"2025-11-14T21:21:08","date_gmt":"2025-11-14T21:21:08","guid":{"rendered":"https:\/\/www.europesays.com\/es\/236224\/"},"modified":"2025-11-14T21:21:08","modified_gmt":"2025-11-14T21:21:08","slug":"fuego-y-ceniza-abre-boca-a-los-fans-con-un-nuevo-poster-oficial-de-la-pelicula","status":"publish","type":"post","link":"https:\/\/www.europesays.com\/es\/236224\/","title":{"rendered":"Fuego y ceniza abre boca a los fans con un nuevo p\u00f3ster oficial de la pel\u00edcula"},"content":{"rendered":"<p class=\"c-paragraph\">El pr\u00f3ximo mes aterriza en los cines\u00a0<a href=\"https:\/\/www.hobbyconsolas.com\/noticias\/avatar-fuego-ceniza-abre-boca-fans-nuevo-trailer-esperada-secuela-james-cameron-1485312\" title=\"Avatar: Fuego y ceniza abre boca a los fans con un nuevo tr\u00e1iler de la esperada secuela de James Cameron\" rel=\"nofollow noopener\" target=\"_blank\">Avatar: Fuego y ceniza<\/a>, la nueva <b>pel\u00edcula<\/b> de la exitosa saga de ciencia ficci\u00f3n que dirige <b>James Cameron<\/b>.<\/p>\n<p class=\"c-paragraph\">La primera entrega lleg\u00f3 a las salas en 2009, y hubo que esperar la friolera de 13 a\u00f1os para poder ver en la gran pantalla su secuela,\u00a0<a href=\"https:\/\/www.hobbyconsolas.com\/reviews\/critica-avatar-sentido-agua-espectacular-viaje-vuelta-pandora-1166884\" title=\"Cr\u00edtica de Avatar: El sentido del agua, un espectacular viaje de vuelta a Pandora, ya en Disney+\" rel=\"nofollow noopener\" target=\"_blank\">Avatar: El sentido del agua<\/a>.<\/p>\n<p class=\"c-paragraph\">Al rodar sus nuevas entregas de forma casi simult\u00e1nea, parece que no tocar\u00e1 esperar tanto para ver el resto de pel\u00edculas de la franquicia. Eso s\u00ed, a pesar de ello, <b>no terminaremos con toda la saga hasta 2031<\/b>.<\/p>\n<p class=\"c-paragraph\">Mientras tanto, en aras de seguir abriendo boca, 20th Century Studios ha compartido un <b>nuevo p\u00f3ster oficial de Avatar: Fuego y ceniza<\/b>, el cual te dejamos a continuaci\u00f3n.<\/p>\n<p>Qu\u00e9 podemos esperar en Avatar: Fuego y ceniza<\/p>\n<p class=\"c-paragraph\">La nueva pel\u00edcula de\u00a0<a href=\"https:\/\/www.hobbyconsolas.com\/listas\/5-motivos-james-cameron-sigue-siendo-directores-importantes-1169326\" title=\"5 motivos por lo que James Cameron sigue siendo uno de los directores m\u00e1s importantes\" rel=\"nofollow noopener\" target=\"_blank\">James Cameron<\/a>\u00a0introducir\u00e1 cierta complejidad moral al presentar como villana a Varang, l\u00edder del clan Mangkwan, una tribu menos pac\u00edfica que\u00a0<b><b>ha rechazado a Eywa y busca usar la violencia para causar problemas a los h\u00e9roes de Pandora<\/b><\/b>.<\/p>\n<p class=\"c-paragraph\">Los miembros del Pueblo de las Cenizas utilizar\u00e1n la violencia si lo necesitan para conseguir sus objetivos, aunque sea contra otros clanes, por lo que las cosas se van a complicar mucho para la familia Sully y el resto de Na&#8217;vi.<\/p>\n<p class=\"c-paragraph\">Adem\u00e1s, nuestros protagonistas tambi\u00e9n lidian con una importante p\u00e9rdida, la de su primog\u00e9nito Neteyam, que muri\u00f3 durante los eventos que tuvieron lugar en\u00a0<b><b>Avatar: El sentido del agua<\/b><\/b>.<\/p>\n<p class=\"c-paragraph\">El reparto de la pel\u00edcula cuenta con\u00a0<b>Sam Worthington, Zoe Salda\u00f1a, Stephen Lang, Oona Chaplin, CCH Pounder, Michelle Yeoh, Jack Champion, Bailey Bass, Trinity Jo-Li Bliss, Jamie Flatters, Sigourney Weaver, Cliff Curtis, Britain Dalton, Edie Falco, Jemaine Clement y David Thewlis<\/b>, entre otros.<\/p>\n<p class=\"c-paragraph\">Bajo la producci\u00f3n de\u00a020th Century Studios, TSG Entertainment y Lightstorm Entertainment,\u00a0<b>Avatar: Fuego y ceniza\u00a0se estrena en las salas de cine de Espa\u00f1a el pr\u00f3ximo\u00a019 de diciembre de 2025<\/b>. \u00bfQu\u00e9 te parece el nuevo p\u00f3ster de la\u00a0<a href=\"https:\/\/www.hobbyconsolas.com\/listas\/7-peliculas-han-reestrenado-aniversarios-homenajes-porque-mejor-cine-ve-pantalla-grande-1383904\" title=\"7 pel\u00edculas que se han reestrenado en aniversarios y homenajes porque el mejor cine se ve en pantalla grande\" rel=\"nofollow noopener\" target=\"_blank\">pel\u00edcula<\/a>?<\/p>\n","protected":false},"excerpt":{"rendered":"El pr\u00f3ximo mes aterriza en los cines\u00a0Avatar: Fuego y ceniza, la nueva pel\u00edcula de la exitosa saga de&hellip;\n","protected":false},"author":2,"featured_media":236225,"comment_status":"","ping_status":"","sticky":false,"template":"","format":"standard","meta":{"footnotes":""},"categories":[169],"tags":[490,181,8601,22922,177,146,147,25,24,176,4513,175,23],"class_list":{"0":"post-236224","1":"post","2":"type-post","3":"status-publish","4":"format-standard","5":"has-post-thumbnail","7":"category-cine","8":"tag-abre","9":"tag-avatar","10":"tag-boca","11":"tag-ceniza","12":"tag-cine","13":"tag-entertainment","14":"tag-entretenimiento","15":"tag-es","16":"tag-espana","17":"tag-film","18":"tag-fuego","19":"tag-movies","20":"tag-spain"},"share_on_mastodon":{"url":"https:\/\/pubeurope.com\/@es\/115550151233365867","error":""},"_links":{"self":[{"href":"https:\/\/www.europesays.com\/es\/wp-json\/wp\/v2\/posts\/236224","targetHints":{"allow":["GET"]}}],"collection":[{"href":"https:\/\/www.europesays.com\/es\/wp-json\/wp\/v2\/posts"}],"about":[{"href":"https:\/\/www.europesays.com\/es\/wp-json\/wp\/v2\/types\/post"}],"author":[{"embeddable":true,"href":"https:\/\/www.europesays.com\/es\/wp-json\/wp\/v2\/users\/2"}],"replies":[{"embeddable":true,"href":"https:\/\/www.europesays.com\/es\/wp-json\/wp\/v2\/comments?post=236224"}],"version-history":[{"count":0,"href":"https:\/\/www.europesays.com\/es\/wp-json\/wp\/v2\/posts\/236224\/revisions"}],"wp:featuredmedia":[{"embeddable":true,"href":"https:\/\/www.europesays.com\/es\/wp-json\/wp\/v2\/media\/236225"}],"wp:attachment":[{"href":"https:\/\/www.europesays.com\/es\/wp-json\/wp\/v2\/media?parent=236224"}],"wp:term":[{"taxonomy":"category","embeddable":true,"href":"https:\/\/www.europesays.com\/es\/wp-json\/wp\/v2\/categories?post=236224"},{"taxonomy":"post_tag","embeddable":true,"href":"https:\/\/www.europesays.com\/es\/wp-json\/wp\/v2\/tags?post=236224"}],"curies":[{"name":"wp","href":"https:\/\/api.w.org\/{rel}","templated":true}]}}