{"id":236238,"date":"2025-11-14T21:28:09","date_gmt":"2025-11-14T21:28:09","guid":{"rendered":"https:\/\/www.europesays.com\/es\/236238\/"},"modified":"2025-11-14T21:28:09","modified_gmt":"2025-11-14T21:28:09","slug":"zelenski-viajara-a-espana-el-proximo-martes-sera-recibido-en-el-congreso-de-los-diputados-y-visitara-el-museo-reina-sofia-internacional","status":"publish","type":"post","link":"https:\/\/www.europesays.com\/es\/236238\/","title":{"rendered":"Zelenski viajar\u00e1 a Espa\u00f1a el pr\u00f3ximo martes: ser\u00e1 recibido en el Congreso de los Diputados y visitar\u00e1 el Museo Reina Sof\u00eda | Internacional"},"content":{"rendered":"<p class=\"loc\">Madrid<\/p>\n<p>El presidente de Ucrania, Volod\u00edmir Zelenski, visitar\u00e1 oficialmente Espa\u00f1a en los pr\u00f3ximos d\u00edas, y el martes que viene ya est\u00e1 programada una visita al Congreso de los Diputados en el marco de la agenda del viaje, han informado fuentes parlamentarias.<\/p>\n<p>M\u00e1s informaci\u00f3n<\/p>\n<p>Hasta ahora no se hab\u00eda revelado la fecha exacta del desplazamiento del mandatario de Ucrania por razones de seguridad, pero ya est\u00e1 confirmada la visita el Congreso, donde ser\u00e1 recibido por la presidenta de la C\u00e1mara, Francina Armengol, y por el presidente del Senado, Pedro Roll\u00e1n. Se reunir\u00e1 con ambos en el Sal\u00f3n de Pasos Perdidos del Palacio de la Cortes, han apuntado las mismas fuentes.<\/p>\n<p>Zelenski retoma as\u00ed un viaje a Espa\u00f1a que tuvo que ser cancelado en abril de este a\u00f1o para que el l\u00edder ucraniano pudiera asistir al funeral del papa Francisco en el Vaticano.<\/p>\n<p>El presidente de Ucrania estar\u00e1 el lunes en Par\u00eds, donde ser\u00e1 recibido por su hom\u00f3logo franc\u00e9s, Emmanuel Macron -con quien abordar\u00e1 las garant\u00edas de seguridad que podr\u00e1n ofrecer los aliados de Kiev si se lograra un alto el fuego con Rusia- y desde all\u00ed se desplazar\u00e1 a Madrid.<\/p>\n<p>A falta de que se d\u00e9 a conocer la agenda completa de este viaje a Espa\u00f1a, es posible que Zelenski acuda al Museo Nacional Centro de Arte Reina Sof\u00eda para ver el &#8216;Gernika&#8217; de Picasso, una obra de arte convertida en un s\u00edmbolo internacional del rechazo a la guerra.<\/p>\n<p>El mandatario ucraniano estuvo en Espa\u00f1a en 2022, cuando pronunci\u00f3 un discurso ante las Cortes en el que se refiri\u00f3 precisamente al bombardeo a la ciudad vasca por tropas alemanas durante la Guerra Civil para compararlo con la situaci\u00f3n de su pa\u00eds, atacado por Rusia: \u00abEstamos en abril de 2022, pero parece que estamos en abril de 1937\u00bb.<\/p>\n<p>Pleno apoyo a Ucrania<\/p>\n<p>El Gobierno aprovechar\u00e1 su presencia para trasladarle su pleno apoyo y la necesidad de continuar presionando a Rusia, seg\u00fan anunciaron recientemente fuentes gubernamentales. El pasado 21 de octubre, Zelenski, acord\u00f3, en una conversaci\u00f3n telef\u00f3nica con el presidente del Gobierno, Pedro S\u00e1nchez, una nueva reuni\u00f3n entre ambos que a\u00fan no ha sido anunciada por Moncloa. <\/p>\n<p>En aquella conversaci\u00f3n, el presidente ucraniano agradeci\u00f3 el env\u00edo por parte de Espa\u00f1a de 70 generadores para apoyar la reconstrucci\u00f3n del sistema energ\u00e9tico del pa\u00eds ante los constantes bombardeos rusos. S\u00e1nchez explic\u00f3 en un mensaje en X que en su conversaci\u00f3n telef\u00f3nica con Zelenski le garantiz\u00f3 que Espa\u00f1a seguir\u00e1 apoyando a Ucrania hasta que se alcance una paz \u00abjusta y duradera\u00bb. <\/p>\n","protected":false},"excerpt":{"rendered":"Madrid El presidente de Ucrania, Volod\u00edmir Zelenski, visitar\u00e1 oficialmente Espa\u00f1a en los pr\u00f3ximos d\u00edas, y el martes que&hellip;\n","protected":false},"author":2,"featured_media":236239,"comment_status":"","ping_status":"","sticky":false,"template":"","format":"standard","meta":{"footnotes":""},"categories":[8],"tags":[1765,17,18,25,24,13,14,11,19,20,9,10,15,16,23,12,1766,21,22],"class_list":{"0":"post-236238","1":"post","2":"type-post","3":"status-publish","4":"format-standard","5":"has-post-thumbnail","7":"category-espana","8":"tag-bestof","9":"tag-breaking-news","10":"tag-breakingnews","11":"tag-es","12":"tag-espana","13":"tag-featured-news","14":"tag-featurednews","15":"tag-headlines","16":"tag-latest-news","17":"tag-latestnews","18":"tag-news","19":"tag-noticias","20":"tag-noticias-destacadas","21":"tag-noticiasdestacadas","22":"tag-spain","23":"tag-titulares","24":"tag-topix","25":"tag-ultimas-noticias","26":"tag-ultimasnoticias"},"share_on_mastodon":{"url":"https:\/\/pubeurope.com\/@es\/115550178811339799","error":""},"_links":{"self":[{"href":"https:\/\/www.europesays.com\/es\/wp-json\/wp\/v2\/posts\/236238","targetHints":{"allow":["GET"]}}],"collection":[{"href":"https:\/\/www.europesays.com\/es\/wp-json\/wp\/v2\/posts"}],"about":[{"href":"https:\/\/www.europesays.com\/es\/wp-json\/wp\/v2\/types\/post"}],"author":[{"embeddable":true,"href":"https:\/\/www.europesays.com\/es\/wp-json\/wp\/v2\/users\/2"}],"replies":[{"embeddable":true,"href":"https:\/\/www.europesays.com\/es\/wp-json\/wp\/v2\/comments?post=236238"}],"version-history":[{"count":0,"href":"https:\/\/www.europesays.com\/es\/wp-json\/wp\/v2\/posts\/236238\/revisions"}],"wp:featuredmedia":[{"embeddable":true,"href":"https:\/\/www.europesays.com\/es\/wp-json\/wp\/v2\/media\/236239"}],"wp:attachment":[{"href":"https:\/\/www.europesays.com\/es\/wp-json\/wp\/v2\/media?parent=236238"}],"wp:term":[{"taxonomy":"category","embeddable":true,"href":"https:\/\/www.europesays.com\/es\/wp-json\/wp\/v2\/categories?post=236238"},{"taxonomy":"post_tag","embeddable":true,"href":"https:\/\/www.europesays.com\/es\/wp-json\/wp\/v2\/tags?post=236238"}],"curies":[{"name":"wp","href":"https:\/\/api.w.org\/{rel}","templated":true}]}}