{"id":236287,"date":"2025-11-14T22:07:08","date_gmt":"2025-11-14T22:07:08","guid":{"rendered":"https:\/\/www.europesays.com\/es\/236287\/"},"modified":"2025-11-14T22:07:08","modified_gmt":"2025-11-14T22:07:08","slug":"todo-lo-que-esperas-de-la-pelicula-del-verano","status":"publish","type":"post","link":"https:\/\/www.europesays.com\/es\/236287\/","title":{"rendered":"Todo lo que esperas de la pel\u00edcula del verano"},"content":{"rendered":"<p class=\"c-paragraph\"><b\/>A<b> <a href=\"https:\/\/www.20minutos.es\/cinemania\/noticias\/christopher-nolan-the-rock-este-fracaso-taquilla_6525085_0.html\" rel=\"nofollow noopener\" target=\"_blank\">Christopher Nolan<\/a> <\/b>le cost\u00f3 suyo encontrar el suficiente respaldo como para ser favorito al<b> Oscar<\/b>. Muchas pel\u00edculas, mucho tiempo para convertirse en posiblemente<a href=\"https:\/\/www.20minutos.es\/cinemania\/noticias\/christopher-nolan-industria-cine-odisea-revolucion-modelo-replantea-5712945\/\" rel=\"nofollow noopener\" target=\"_blank\"> el cineasta m\u00e1s popular de Hollywood<\/a>, y todo refrendado al final con el \u00e9xito categ\u00f3rico de <b><a href=\"https:\/\/www.20minutos.es\/cinemania\/noticias\/james-cameron-oppenheimer-nolan-christopher-critica-pelicula-5727021\/\" rel=\"nofollow noopener\" target=\"_blank\">Oppenheimer<\/a><\/b>. Luego de haber ganado los Oscar principales con su pel\u00edcula m\u00e1s <b>\u201cseria\u201d<\/b> (un biopic del padre de la bomba at\u00f3mica, a fin de cuentas), tiene su gracia que el siguiente paso sea rodar<b><a href=\"https:\/\/www.20minutos.es\/cinemania\/noticias\/christopher-nolan-regresa-itaca-20-anos-director-odisea-vuelve-origen_5733567_0.html\" rel=\"nofollow noopener\" target=\"_blank\"> el blockbuster veraniego definitivo<\/a><\/b>.<\/p>\n<p class=\"c-paragraph\">Eso es justo lo que quiere ser <b>La Odisea<\/b>. Volver a la historia de la que nacen todas las historias (aquel poema cl\u00e1sico de<b> Homero<\/b>), para plantear una monumental superproducci\u00f3n de aventuras y fantas\u00eda. Como todo el mundo sabe, La Odisea narra el dif\u00edcil regreso a casa de <b>Ulises (u Odiseo)<\/b> durante diez a\u00f1os, despu\u00e9s de <b>la guerra de Troya<\/b> que logr\u00f3 ganar gracias a la estratagema del caballo. Es este caballo, justamente, el que encabeza la portada del \u00faltimo n\u00famero de <a href=\"https:\/\/www.empireonline.com\/movies\/news\/christopher-nolan-the-odyssey-epic-to-end-all-epics-cn-exclusive\/\" rel=\"nofollow noreferrer noopener\" target=\"_blank\">Empire<\/a>, dedicado a La Odisea de Nolan.<\/p>\n<p class=\"c-paragraph\">De este reportaje hemos podido extraer un par de nuevas im\u00e1genes, que han desatado alg\u00fan que otro mosqueo en redes sociales por el color tan gris\u00e1ceo de la fotograf\u00eda. Lo importante sin embargo es ver nuevamente a <b>Matt Damon<\/b> en el papel de Ulises, que ha mostrado un visible entusiasmo al ser entrevistado por el medio. \u201cPuedo decir, sin exagerar, que ha sido <b>la mejor experiencia de mi carrera<\/b>\u201d, asegura el actor.<\/p>\n<p class=\"c-paragraph\">Es la tercera vez que Damon trabaja con Nolan, tras\u00a0<b>Interstellar<\/b><b> <\/b>y la propia Oppenheimer. El actor dice que si todo va bien \u201cser\u00eda la pel\u00edcula m\u00e1s entretenida de todas y sentirse m\u00edtica\u201d, a la estela de la obra original griega. Sobre todo ha hecho hincapi\u00e9 en el espect\u00e1culo gigantesco que ser\u00e1, y en c\u00f3mo estar\u00e1 consagrado totalmente al escapismo y la aventura. Ser\u00e1<b> \u201cexactamente lo que esperas de un <\/b><b>blockbuster<\/b><b> veraniego\u201d<\/b>, dice.<\/p>\n<p class=\"c-paragraph\">El reportaje incluye declaraciones de Nolan sobre lo dif\u00edcil que ha sido el rodaje, sobre todo por su empe\u00f1o en rodar en el mismo oc\u00e9ano. \u201cHe estado en mar abierto los \u00faltimos cuatro meses. Y s\u00ed, es vasto y aterrador y maravilloso y ben\u00e9volo, seg\u00fan cambian las condiciones. Quer\u00edamos capturar lo dif\u00edciles que debieron ser aquellos viajes. Y el acto de fe que supuso adentrarse en un mundo <b>sin cartografiar, sin explorar<\/b>\u201d.<\/p>\n<p class=\"c-paragraph\">La Odisea tiene previsto el estreno para el<b> 17 de julio de 2026<\/b>. Todav\u00eda no ha publicado su primer tr\u00e1iler, aunque s\u00ed que se ha llegado a mostrar peque\u00f1os avances en los cines.<\/p>\n","protected":false},"excerpt":{"rendered":"A Christopher Nolan le cost\u00f3 suyo encontrar el suficiente respaldo como para ser favorito al Oscar. Muchas pel\u00edculas,&hellip;\n","protected":false},"author":2,"featured_media":236288,"comment_status":"","ping_status":"","sticky":false,"template":"","format":"standard","meta":{"footnotes":""},"categories":[169],"tags":[43999,177,146,147,25,24,176,28201,5258,175,23],"class_list":{"0":"post-236287","1":"post","2":"type-post","3":"status-publish","4":"format-standard","5":"has-post-thumbnail","7":"category-cine","8":"tag-christopher-nolan","9":"tag-cine","10":"tag-entertainment","11":"tag-entretenimiento","12":"tag-es","13":"tag-espana","14":"tag-film","15":"tag-la-odisea","16":"tag-matt-damon","17":"tag-movies","18":"tag-spain"},"share_on_mastodon":{"url":"https:\/\/pubeurope.com\/@es\/115550332236056368","error":""},"_links":{"self":[{"href":"https:\/\/www.europesays.com\/es\/wp-json\/wp\/v2\/posts\/236287","targetHints":{"allow":["GET"]}}],"collection":[{"href":"https:\/\/www.europesays.com\/es\/wp-json\/wp\/v2\/posts"}],"about":[{"href":"https:\/\/www.europesays.com\/es\/wp-json\/wp\/v2\/types\/post"}],"author":[{"embeddable":true,"href":"https:\/\/www.europesays.com\/es\/wp-json\/wp\/v2\/users\/2"}],"replies":[{"embeddable":true,"href":"https:\/\/www.europesays.com\/es\/wp-json\/wp\/v2\/comments?post=236287"}],"version-history":[{"count":0,"href":"https:\/\/www.europesays.com\/es\/wp-json\/wp\/v2\/posts\/236287\/revisions"}],"wp:featuredmedia":[{"embeddable":true,"href":"https:\/\/www.europesays.com\/es\/wp-json\/wp\/v2\/media\/236288"}],"wp:attachment":[{"href":"https:\/\/www.europesays.com\/es\/wp-json\/wp\/v2\/media?parent=236287"}],"wp:term":[{"taxonomy":"category","embeddable":true,"href":"https:\/\/www.europesays.com\/es\/wp-json\/wp\/v2\/categories?post=236287"},{"taxonomy":"post_tag","embeddable":true,"href":"https:\/\/www.europesays.com\/es\/wp-json\/wp\/v2\/tags?post=236287"}],"curies":[{"name":"wp","href":"https:\/\/api.w.org\/{rel}","templated":true}]}}