{"id":236330,"date":"2025-11-14T22:36:10","date_gmt":"2025-11-14T22:36:10","guid":{"rendered":"https:\/\/www.europesays.com\/es\/236330\/"},"modified":"2025-11-14T22:36:10","modified_gmt":"2025-11-14T22:36:10","slug":"el-anuncio-de-la-nueva-operacion-militar-estadounidense-contra-la-droga-dispara-la-tension-en-el-caribe-internacional","status":"publish","type":"post","link":"https:\/\/www.europesays.com\/es\/236330\/","title":{"rendered":"El anuncio de la nueva operaci\u00f3n militar estadounidense contra la droga dispara la tensi\u00f3n en el Caribe | Internacional"},"content":{"rendered":"<p class=\"\"><a href=\"https:\/\/elpais.com\/america\/2025-11-14\/silencio-en-la-cupula-chavista-ante-la-escalada-militar-de-washington-en-latinoamerica.html\" target=\"_self\" rel=\"nofollow noopener\" title=\"https:\/\/elpais.com\/america\/2025-11-14\/silencio-en-la-cupula-chavista-ante-la-escalada-militar-de-washington-en-latinoamerica.html\">La presi\u00f3n en el Caribe va en aumento<\/a>, entre se\u00f1ales crecientes de que Estados Unidos puede escalar en cualquier momento su campa\u00f1a de ataques militares contra supuestos narcolanchas en esas aguas y en el este del Pac\u00edfico. El Mando Sur ha difundido este viernes las primeras fotos oficiales del mayor portaaviones del mundo, el Gerald Ford, operando ya en su zona de responsabilidad, un d\u00eda despu\u00e9s de que el secretario de Defensa, Pete Hegseth, anunciara en redes sociales el <a href=\"https:\/\/elpais.com\/internacional\/2025-11-13\/hegseth-anuncia-el-comienzo-de-la-operacion-lanza-del-sur-para-acabar-con-el-narcoterrorismo-en-america-latina.html\" target=\"_self\" rel=\"nofollow noopener\" title=\"https:\/\/elpais.com\/internacional\/2025-11-13\/hegseth-anuncia-el-comienzo-de-la-operacion-lanza-del-sur-para-acabar-con-el-narcoterrorismo-en-america-latina.html\">comienzo de una nueva operaci\u00f3n de gran calado contra los \u201cnarcoterroristas\u201d<\/a> en el hemisferio occidental.<\/p>\n<p class=\"\">Por ahora, los detalles de esa operaci\u00f3n son muy limitados. En su mensaje en la red social X, al que no ha dado continuidad, el jefe del Pent\u00e1gono indic\u00f3 que el nombre de la nueva operaci\u00f3n es Lanza del Sur (Southern Spear), pero no aport\u00f3 m\u00e1s datos sobre qu\u00e9 tipo de misiones llevar\u00e1 a cabo. Tampoco si, dentro de ella, se ejecutar\u00e1 la \u201cfase dos\u201d de la que ha hablado el presidente estadounidense, Donald Trump, en su campa\u00f1a contra el narcotr\u00e1fico. Incluir\u00eda, ha apuntado, objetivos en tierra como parte de las medidas de presi\u00f3n al r\u00e9gimen chavista en <a href=\"https:\/\/elpais.com\/noticias\/venezuela\/\" target=\"_self\" rel=\"nofollow noopener\" title=\"https:\/\/elpais.com\/noticias\/venezuela\/\">Venezuela<\/a>, a cuyo presidente, Nicol\u00e1s Maduro, acusa de formar parte de los carteles de la droga.<\/p>\n<p class=\"\">El Departamento de Defensa estadounidense ya hab\u00eda anunciado en enero una operaci\u00f3n con el mismo nombre, que planeaba el despliegue de robots y de drones en la lucha contra el narcotr\u00e1fico en el continente americano.<\/p>\n<blockquote class=\"twitter-tweet\">\n<p lang=\"en\" dir=\"ltr\">\ud83d\udccdWestern Atlantic Ocean<br \/>In the <a href=\"https:\/\/twitter.com\/hashtag\/SOUTHCOM?src=hash&amp;ref_src=twsrc%5Etfw\" rel=\"nofollow noopener\" target=\"_blank\">#SOUTHCOM<\/a> region, Carrier Strike Group Twelve delivers presence with purpose &#8211; deterring illicit networks, disrupting transnational threats, safeguarding the Caribbean, and defending the homeland. <a href=\"https:\/\/twitter.com\/CVN78_GRFord?ref_src=twsrc%5Etfw\" rel=\"nofollow noopener\" target=\"_blank\">@CVN78_GRFord<\/a> <a href=\"https:\/\/t.co\/zG4IVQS2ln\" rel=\"nofollow\">pic.twitter.com\/zG4IVQS2ln<\/a><\/p>\n<p>\u2014 U.S. Southern Command (@Southcom) <a href=\"https:\/\/twitter.com\/Southcom\/status\/1989347787969003597?ref_src=twsrc%5Etfw\" rel=\"nofollow noopener\" target=\"_blank\">November 14, 2025<\/a><\/p><\/blockquote>\n<p class=\"\">El Pent\u00e1gono no ha querido aportar m\u00e1s detalles y se ha limitado a referirse al mensaje en redes de Hegseth. En \u00e9l, el secretario de Defensa declar\u00f3: \u201cEl presidente Trump nos orden\u00f3 actuar y el Departamento de Guerra [el nombre que Hegseth prefiere para el Departamento de Defensa] est\u00e1 cumpliendo. Hoy anuncio la Operaci\u00f3n Lanza del Sur\u201d.<\/p>\n<p class=\"\">\u201cLiderada por la Fuerza de Tarea Conjunta Lanza del Sur y el Comando Sur, esta misi\u00f3n defiende nuestra patria, expulsa a los narcoterroristas de nuestro hemisferio y protege a nuestra patria de las drogas que est\u00e1n matando a nuestra gente\u201d, declar\u00f3 el responsable de las Fuerzas Armadas estadounidenses. \u201cEl Hemisferio Occidental es el vecindario de Estados Unidos, y lo protegeremos\u201d.<\/p>\n<p class=\"\">La cr\u00edptica declaraci\u00f3n de Hegseth ha desatado un frenes\u00ed de conjeturas acerca de la posibilidad de que Estados Unidos est\u00e9 preparando alg\u00fan tipo de ataque contra objetivos dentro de Venezuela tras <a href=\"https:\/\/elpais.com\/internacional\/2025-11-11\/el-portaaviones-gerald-ford-el-mayor-y-mas-moderno-de-estados-unidos-se-incorpora-al-despliegue-en-el-caribe.html\" target=\"_self\" rel=\"nofollow noopener\" title=\"https:\/\/elpais.com\/internacional\/2025-11-11\/el-portaaviones-gerald-ford-el-mayor-y-mas-moderno-de-estados-unidos-se-incorpora-al-despliegue-en-el-caribe.html\">la llegada<\/a> del Gerald Ford. El portaaviones, el m\u00e1s moderno del mundo y la gran joya de la corona de la flota estadounidense, fue convocado al Caribe el pasado 24 de octubre, dejando al Mediterr\u00e1neo y la zona de responsabilidad del Mando Central \u2015donde estaba encargado de Oriente Pr\u00f3ximo\u2015 sin un portaaviones en sus aguas pese a lo delicado de la situaci\u00f3n geopol\u00edtica en la zona, donde el alto el fuego en Gaza se mantiene en fr\u00e1giles condiciones.<\/p>\n<p class=\"\">El Gerald Ford, que puede transportar hasta 90 aeronaves de combate y cuenta con una dotaci\u00f3n de 5.000 soldados, est\u00e1 acompa\u00f1ado por su grupo de escolta, que incluye tres destructores armados con misiles de largo alcance. Entre ellos se cuentan proyectiles Tomahawk, <a href=\"https:\/\/elpais.com\/internacional\/2025-10-09\/ucrania-confia-en-recibir-de-ee-uu-los-misiles-de-largo-alcance-tomahawk.html\" target=\"_self\" rel=\"nofollow noopener\" title=\"https:\/\/elpais.com\/internacional\/2025-10-09\/ucrania-confia-en-recibir-de-ee-uu-los-misiles-de-largo-alcance-tomahawk.html\">los que Ucrania ha solicitado sin \u00e9xito a Trump<\/a> al considerar que les permitir\u00edan alcanzar objetivos muy adentrados en el territorio ruso.<\/p>\n<p>Opciones militares<\/p>\n<p class=\"\">El anuncio de Hegseth lleg\u00f3 un d\u00eda despu\u00e9s de que tanto \u00e9l como el jefe del Estado Mayor, el general Dan Caine, encabezaran este mi\u00e9rcoles la sesi\u00f3n informativa sobre inteligencia que Trump recibe cada semana. En esa sesi\u00f3n le expusieron las opciones militares con que cuenta EE UU para actuar en el Caribe y Venezuela, sin que Trump haya tomado hasta el momento una decisi\u00f3n definitiva.<\/p>\n<p class=\"\">Bajo el argumento de combatir las drogas que entran en territorio estadounidense y matan cada a\u00f1o a decenas de miles de personas en este pa\u00eds, la Administraci\u00f3n de Trump ha lanzado una campa\u00f1a militar contra los carteles latinoamericanos. Ha incluido a varios de ellos en su lista de organizaciones terroristas internacionales, lo que los coloca en la misma categor\u00eda que el Estado Isl\u00e1mico o la guerrilla hut\u00ed en Yemen. Con el argumento de que sus integrantes son combatientes enemigos, considera que se encuentra en un \u201cconflicto armado directo y no internacional\u201d con esas organizaciones.<\/p>\n<p class=\"\">En agosto, Washington comenz\u00f3 un despliegue militar en la zona que, con la llegada del Gerald Ford, ya acumula en las aguas internacionales cercanas a Venezuela el 20% de sus buques de guerra movilizados en todo el mundo. El portaaviones y su grupo de escolta se suman, as\u00ed, a una flotilla que ya contaba con una decena de barcos \u2015incluido un submarino\u2015 y aviones F-35. Tras su arribo, tambi\u00e9n se elevan a cerca de 15.000 los soldados estadounidenses activos en la zona. Es una acumulaci\u00f3n que no ten\u00eda lugar en Am\u00e9rica Latina desde hace d\u00e9cadas, y que Washington reserva para los conflictos m\u00e1s peligrosos.<\/p>\n<p class=\"\">Desde el 2 de septiembre, las fuerzas estadounidenses han perpetrado al menos 20 ataques contra supuestas narcolanchas, en los que han muerto al menos 80 personas, tanto en aguas internacionales del Caribe como del Pac\u00edfico oriental. La ONU considera que estos ataques violan el derecho internacional, una opini\u00f3n a la que se suman numerosos expertos, organizaciones defensoras de derechos humanos \u2015incluida Amnist\u00eda Internacional\u2015 y legisladores estadounidenses. A la presi\u00f3n se han sumado vuelos de adiestramiento de bombarderos cerca de las costas venezolanas, y <a href=\"https:\/\/elpais.com\/internacional\/2025-10-15\/trump-autoriza-acciones-encubiertas-de-la-cia-en-venezuela-segun-the-new-york-times.html\" target=\"_self\" rel=\"nofollow noopener\" title=\"https:\/\/elpais.com\/internacional\/2025-10-15\/trump-autoriza-acciones-encubiertas-de-la-cia-en-venezuela-segun-the-new-york-times.html\">la autorizaci\u00f3n de Trump a la CIA para llevar a cabo acciones encubiertas dentro de Venezuela<\/a>. <\/p>\n<p class=\"\">El Pent\u00e1gono tambi\u00e9n ha desplazado fuerzas terrestres a Panam\u00e1, el pa\u00eds que invadi\u00f3 en 1989 para derrocar al r\u00e9gimen de Manuel Noriega y al que Trump hab\u00eda amenazado antes de jurar su cargo con una intervenci\u00f3n para recuperar el control del canal que conecta el Pac\u00edfico con el Atl\u00e1ntico. Tanto Washington como Panam\u00e1 han negado que esa movilizaci\u00f3n est\u00e9 relacionada con las actividades en el Caribe.<\/p>\n<p class=\"\">El despliegue militar ha <a href=\"https:\/\/elpais.com\/america-colombia\/2025-11-12\/petro-ordena-suspender-la-colaboracion-de-inteligencia-con-estados-unidos-por-los-ataques-contra-las-narcolanchas.html\" target=\"_self\" rel=\"nofollow noopener\" title=\"https:\/\/elpais.com\/america-colombia\/2025-11-12\/petro-ordena-suspender-la-colaboracion-de-inteligencia-con-estados-unidos-por-los-ataques-contra-las-narcolanchas.html\">tensado la relaci\u00f3n de Estados Unidos con Colombia<\/a> y su presidente, Gustavo Petro, al que Trump ha acusado de \u201cmat\u00f3n\u201d y de \u201cnarcotraficante\u201d, y contra el que ha impuesto sanciones econ\u00f3micas. A su vez, el mandatario colombiano ha descrito los ataques contra las lanchas como \u201cejecuciones extrajudiciales\u201d, un t\u00e9rmino que tambi\u00e9n ha utilizado el Alto Comisionado de la ONU para los Derechos Humanos. Esta semana anunciaba la suspensi\u00f3n de la colaboraci\u00f3n de inteligencia estadounidense por ese motivo.<\/p>\n<p class=\"\">En Venezuela, donde Maduro considera que el despliegue estadounidense busca eliminarlo del poder, el presidente ha llamado a la poblaci\u00f3n a prepararse para una hipot\u00e9tica \u201clucha armada\u201d y ha ordenado la creaci\u00f3n de unos comandos de defensa en los que se integrar\u00e1n ciudadanos, funcionarios y militares. Adem\u00e1s, tambi\u00e9n anunci\u00f3 el despliegue de 200.000 militares y la \u201cmovilizaci\u00f3n de medios terrestres, a\u00e9reos, navales, fluviales y misil\u00edsticos\u201d para hacer frente a una posible agresi\u00f3n estadounidense.<\/p>\n<p class=\"\">Desde Canad\u00e1, donde esta semana se ha celebrado una reuni\u00f3n de ministros de Exteriores del G-7, el secretario de Estado estadounidense, Marco Rubio, asegur\u00f3 que la campa\u00f1a militar de su pa\u00eds est\u00e1 centrada en la lucha contra el narcotr\u00e1fico. \u201cEs lo que [Trump] autoriz\u00f3, y es lo que est\u00e1n haciendo los militares. Por eso est\u00e1n nuestros efectivos all\u00ed\u201d, insisti\u00f3. Pero tambi\u00e9n puntualiz\u00f3 que Washington no reconoce a Maduro como presidente leg\u00edtimo de Venezuela y que considera que el r\u00e9gimen chavista coopera abiertamente con los carteles de la droga.<\/p>\n<p class=\"\">La l\u00edder opositora Mar\u00eda Corina Machado, reci\u00e9n galardonada con el <a href=\"https:\/\/elpais.com\/internacional\/2025-10-10\/premio-nobel-de-la-paz.html\" target=\"_self\" rel=\"nofollow noopener\" title=\"https:\/\/elpais.com\/internacional\/2025-10-10\/premio-nobel-de-la-paz.html\">premio Nobel de la Paz<\/a> y que ha defendido p\u00fablicamente las acciones estadounidenses en el Caribe, asegur\u00f3 el mi\u00e9rcoles que han llegado las \u201choras decisivas\u201d de un \u201cmomento hist\u00f3rico\u201d. No mencion\u00f3 de modo expl\u00edcito la campa\u00f1a militar del pa\u00eds norteamericano ni sus posibles intenciones en Venezuela, pero s\u00ed pidi\u00f3 una \u201ctransici\u00f3n pac\u00edfica\u201d, algo que ha arrojado a\u00fan m\u00e1s le\u00f1a al fuego de las conjeturas. <\/p>\n<p><script async src=\"https:\/\/platform.twitter.com\/widgets.js\" charset=\"utf-8\"><\/script><\/p>\n","protected":false},"excerpt":{"rendered":"La presi\u00f3n en el Caribe va en aumento, entre se\u00f1ales crecientes de que Estados Unidos puede escalar en&hellip;\n","protected":false},"author":2,"featured_media":236331,"comment_status":"","ping_status":"","sticky":false,"template":"","format":"standard","meta":{"footnotes":""},"categories":[42],"tags":[889,17,18,4329,352,629,13,14,11,61,62,63,64,19,20,9,2556,10,15,16,17918,952,12,21,22,2558,65,66,67],"class_list":{"0":"post-236330","1":"post","2":"type-post","3":"status-publish","4":"format-standard","5":"has-post-thumbnail","7":"category-internacional","8":"tag-america","9":"tag-breaking-news","10":"tag-breakingnews","11":"tag-casa-blanca","12":"tag-donald-trump","13":"tag-estados-unidos","14":"tag-featured-news","15":"tag-featurednews","16":"tag-headlines","17":"tag-internacional","18":"tag-international","19":"tag-international-news","20":"tag-internationalnews","21":"tag-latest-news","22":"tag-latestnews","23":"tag-news","24":"tag-norteamerica","25":"tag-noticias","26":"tag-noticias-destacadas","27":"tag-noticiasdestacadas","28":"tag-partido-republicano-ee-uu","29":"tag-politica","30":"tag-titulares","31":"tag-ultimas-noticias","32":"tag-ultimasnoticias","33":"tag-washington-d-c","34":"tag-world","35":"tag-world-news","36":"tag-worldnews"},"share_on_mastodon":{"url":"","error":"Validation failed: Text character limit of 500 exceeded"},"_links":{"self":[{"href":"https:\/\/www.europesays.com\/es\/wp-json\/wp\/v2\/posts\/236330","targetHints":{"allow":["GET"]}}],"collection":[{"href":"https:\/\/www.europesays.com\/es\/wp-json\/wp\/v2\/posts"}],"about":[{"href":"https:\/\/www.europesays.com\/es\/wp-json\/wp\/v2\/types\/post"}],"author":[{"embeddable":true,"href":"https:\/\/www.europesays.com\/es\/wp-json\/wp\/v2\/users\/2"}],"replies":[{"embeddable":true,"href":"https:\/\/www.europesays.com\/es\/wp-json\/wp\/v2\/comments?post=236330"}],"version-history":[{"count":0,"href":"https:\/\/www.europesays.com\/es\/wp-json\/wp\/v2\/posts\/236330\/revisions"}],"wp:featuredmedia":[{"embeddable":true,"href":"https:\/\/www.europesays.com\/es\/wp-json\/wp\/v2\/media\/236331"}],"wp:attachment":[{"href":"https:\/\/www.europesays.com\/es\/wp-json\/wp\/v2\/media?parent=236330"}],"wp:term":[{"taxonomy":"category","embeddable":true,"href":"https:\/\/www.europesays.com\/es\/wp-json\/wp\/v2\/categories?post=236330"},{"taxonomy":"post_tag","embeddable":true,"href":"https:\/\/www.europesays.com\/es\/wp-json\/wp\/v2\/tags?post=236330"}],"curies":[{"name":"wp","href":"https:\/\/api.w.org\/{rel}","templated":true}]}}