{"id":236371,"date":"2025-11-14T23:10:14","date_gmt":"2025-11-14T23:10:14","guid":{"rendered":"https:\/\/www.europesays.com\/es\/236371\/"},"modified":"2025-11-14T23:10:14","modified_gmt":"2025-11-14T23:10:14","slug":"osasuna-jugara-la-copa-en-el-estadio-del-zaragoza","status":"publish","type":"post","link":"https:\/\/www.europesays.com\/es\/236371\/","title":{"rendered":"Osasuna jugar\u00e1 la Copa en el estadio del Zaragoza"},"content":{"rendered":"<p>    <img loading=\"lazy\" decoding=\"async\" src=\"https:\/\/www.europesays.com\/es\/wp-content\/uploads\/2025\/11\/3d685332-8f62-403b-b5e4-5114d2b8b5da_16-9-discover-aspect-ratio_default_0.jpg\" alt=\"Los jugadores de Osasuna felicitan a Ra\u00fal Garc\u00eda de Haro por uno de sus goles ante el Sant Jordi.\" width=\"1200\" height=\"675\" title=\"Los jugadores de Osasuna felicitan a Ra\u00fal Garc\u00eda de Haro por uno de sus goles ante el Sant Jordi.\" style=\"height:auto;\"\/><\/p>\n<p class=\"article-photo__footer\">\n        Los jugadores de Osasuna felicitan a Ra\u00fal Garc\u00eda de Haro por uno de sus goles ante el Sant Jordi.<br \/>\n                    AGENCIA LOF\n            <\/p>\n<p class=\"article-body__text article-body__text--entry article-body__text-middle\">\n        <a href=\"https:\/\/www.noticiasdenavarra.com\/tags\/osasuna\/\" title=\"Osasuna\" target=\"_blank\" class=\"link copy\" rel=\"nofollow noopener\">Osasuna<\/a> jugar\u00e1 la segunda ronda de <a href=\"https:\/\/www.noticiasdenavarra.com\/tags\/copa-del-rey\/\" title=\"Copa del Rey\" target=\"_blank\" class=\"link copy\" rel=\"nofollow noopener\">Copa del Rey<\/a> en el campo del <a href=\"https:\/\/www.noticiasdenavarra.com\/tags\/real-zaragoza\/\" title=\"Zaragoza\" target=\"_blank\" class=\"link copy\" rel=\"nofollow noopener\">Zaragoza<\/a>. La<strong> RFEF ha comunicado la modificaci\u00f3n del horario del encuentro ante el Ebro,<\/strong> correspondiente a la segunda eliminatoria del torneo copero, por lo que finalmente <strong>el encuentro se disputar\u00e1 en el Ibercaja Estadio el martes, 2 de diciembre, a las 19:00 horas<\/strong>, una modificaci\u00f3n que tambi\u00e9n implica el cambio de fecha del encuentro del conjunto ma\u00f1o, <strong>que recibe al Burgos de los navarros Ander Cantero, Aitor Bu\u00f1uel y Ferm\u00edn Garc\u00eda en la misma ronda,<\/strong> que queda fijado para el jueves 4 de diciembre a las 20.00 horas.\n<\/p>\n<blockquote class=\"twitter-tweet\" data-lang=\"es\">\n<p lang=\"es\" dir=\"ltr\">\ud83d\uddd3\ufe0f La <a href=\"https:\/\/twitter.com\/rfef?ref_src=twsrc%5Etfw\" rel=\"nofollow noopener\" target=\"_blank\">@rfef<\/a> ha comunicado la modificaci\u00f3n del horario del encuentro ante el <a href=\"https:\/\/twitter.com\/CD_Ebro?ref_src=twsrc%5Etfw\" rel=\"nofollow noopener\" target=\"_blank\">@CD_Ebro<\/a>, correspondiente a la segunda eliminatoria de la Copa del Rey. <\/p>\n<p>El partido finalmente se disputar\u00e1 en el Ibercaja Estadio el martes, 2 de diciembre, a las 19:00 horas.<a href=\"https:\/\/twitter.com\/hashtag\/EbroOsasuna?src=hash&amp;ref_src=twsrc%5Etfw\" rel=\"nofollow noopener\" target=\"_blank\">#EbroOsasuna<\/a> <a href=\"https:\/\/t.co\/kjOtUMSCM3\" rel=\"nofollow\">pic.twitter.com\/kjOtUMSCM3<\/a><\/p>\n<p>\u2014 C. A. OSASUNA (@Osasuna) <a href=\"https:\/\/twitter.com\/Osasuna\/status\/1989386825971241021?ref_src=twsrc%5Etfw\" rel=\"nofollow noopener\" target=\"_blank\">14 de noviembre de 2025<\/a><\/p><\/blockquote>\n<p class=\"article-body__text \">\n        Osasuna se encontraba a la espera de que la Real Federaci\u00f3n Espa\u00f1ola de F\u00fatbol autorizase que el partido de Copa frente al\u00a0CD Ebro\u00a0se disputara en el estadio zaragozista, <strong>un recinto de 20.000 localidades en el que juega sus encuentros el Zaragoza mientras se llevan a cabo las obras de La Romareda<\/strong> \u2013que tienen una duraci\u00f3n de dos a\u00f1os\u2013  y que se adecuaba mejor para el compromiso de la segunda Copa del Rey. <strong>Todas las partes implicadas en el asunto estaban por la labor del cambio de escenario<\/strong>\u00a0\u2013el Ebro juega sus partidos en el campo municipal de La Almozara\u2013 porque Osasuna ha pedido que se juegue en el Ibercaja, el Ebro tambi\u00e9n lo quer\u00eda, el Zaragoza \u2013inquilino de la instalaci\u00f3n\u2013 no pon\u00eda problemas, el Ayuntamiento de Zaragoza\u00a0y la Federaci\u00f3n Aragonesa tambi\u00e9n contemplaban favorablemente el cambio de escenario y la sociedad que gestiona la instalaci\u00f3n no se opon\u00edan al evento, tal y como indicaban en medios de Zaragoza.\u00a0De hecho, el Ebro ya disput\u00f3 su encuentro copero la temporada pasada en La Romareda.\n<\/p>\n<p class=\"article-body__text \">\n        <strong>La entidad rojilla pretend\u00eda jugar sobre un terreno de juego en condiciones<\/strong>\u00a0despu\u00e9s de que la experiencia en la primera ronda de la competici\u00f3n, frente al Sant Jordi, en el estadio de Son Malferit, con c\u00e9sped de hierba artificial \u2013se fue a este campo de la Federaci\u00f3n Balear precisamente para ganar calidad en el escenario\u2013, no fuese satisfactoria por los condicionantes del campo. El club rojillo sali\u00f3 muy molesto por esta experiencia al considerar que pese a que se cambi\u00f3 el emplazamiento <strong>no se reun\u00edan las condiciones adecuadas<\/strong> \u2013un terreno duro, con c\u00e9sped m\u00ednimo\u2013. <strong>El Ibercaja Estadio es el primer estadio modular y desmontable de Espa\u00f1a<\/strong>\u00a0y se encuentra ubicado en el parking norte de la Expo. El partido se disputar\u00e1 ahora el martes 2 de diciembre a las 19.00 horas.\n<\/p>\n<p>                 <script async src=\"https:\/\/platform.twitter.com\/widgets.js\" charset=\"utf-8\"><\/script><\/p>\n","protected":false},"excerpt":{"rendered":"Los jugadores de Osasuna felicitan a Ra\u00fal Garc\u00eda de Haro por uno de sus goles ante el Sant&hellip;\n","protected":false},"author":2,"featured_media":236372,"comment_status":"","ping_status":"","sticky":false,"template":"","format":"standard","meta":{"footnotes":""},"categories":[268],"tags":[2493,168,25,24,3129,280,282,10660,621,281,23,167,491],"class_list":{"0":"post-236371","1":"post","2":"type-post","3":"status-publish","4":"format-standard","5":"has-post-thumbnail","7":"category-futbol","8":"tag-copa","9":"tag-deportes","10":"tag-es","11":"tag-espana","12":"tag-estadio","13":"tag-football","14":"tag-futbol","15":"tag-jugara","16":"tag-osasuna","17":"tag-soccer","18":"tag-spain","19":"tag-sports","20":"tag-zaragoza"},"share_on_mastodon":{"url":"https:\/\/pubeurope.com\/@es\/115550580152032418","error":""},"_links":{"self":[{"href":"https:\/\/www.europesays.com\/es\/wp-json\/wp\/v2\/posts\/236371","targetHints":{"allow":["GET"]}}],"collection":[{"href":"https:\/\/www.europesays.com\/es\/wp-json\/wp\/v2\/posts"}],"about":[{"href":"https:\/\/www.europesays.com\/es\/wp-json\/wp\/v2\/types\/post"}],"author":[{"embeddable":true,"href":"https:\/\/www.europesays.com\/es\/wp-json\/wp\/v2\/users\/2"}],"replies":[{"embeddable":true,"href":"https:\/\/www.europesays.com\/es\/wp-json\/wp\/v2\/comments?post=236371"}],"version-history":[{"count":0,"href":"https:\/\/www.europesays.com\/es\/wp-json\/wp\/v2\/posts\/236371\/revisions"}],"wp:featuredmedia":[{"embeddable":true,"href":"https:\/\/www.europesays.com\/es\/wp-json\/wp\/v2\/media\/236372"}],"wp:attachment":[{"href":"https:\/\/www.europesays.com\/es\/wp-json\/wp\/v2\/media?parent=236371"}],"wp:term":[{"taxonomy":"category","embeddable":true,"href":"https:\/\/www.europesays.com\/es\/wp-json\/wp\/v2\/categories?post=236371"},{"taxonomy":"post_tag","embeddable":true,"href":"https:\/\/www.europesays.com\/es\/wp-json\/wp\/v2\/tags?post=236371"}],"curies":[{"name":"wp","href":"https:\/\/api.w.org\/{rel}","templated":true}]}}