{"id":236373,"date":"2025-11-14T23:11:08","date_gmt":"2025-11-14T23:11:08","guid":{"rendered":"https:\/\/www.europesays.com\/es\/236373\/"},"modified":"2025-11-14T23:11:08","modified_gmt":"2025-11-14T23:11:08","slug":"la-policia-investiga-la-muerte-de-la-cantante-encarnita-polo-en-una-residencia-de-avila-2","status":"publish","type":"post","link":"https:\/\/www.europesays.com\/es\/236373\/","title":{"rendered":"La Polic\u00eda investiga la muerte de la cantante Encarnita Polo en una residencia de \u00c1vila"},"content":{"rendered":"<p class=\"paragraph-atom &#10;        A-500-300-700-N A-550-300-700-N--md  \">Agentes de la Polic\u00eda Nacional han abierto una investigaci\u00f3n por la muerte de la cantante y actriz Encarnita Polo, fallecida este viernes a los 86 a\u00f1os en una residencia de mayores en \u00c1vila.<\/p>\n<p class=\"paragraph-atom &#10;        A-500-300-700-N A-550-300-700-N--md  \">Fuentes de la investigaci\u00f3n han confirmado a Europa Press que se est\u00e1 investigando las circunstancias del fallecimiento. Los primeros indicios apuntan a que habr\u00eda sido otro residente el autor de la muerte.<\/p>\n<p class=\"paragraph-atom &#10;        A-500-300-700-N A-550-300-700-N--md  \">La Subdelegaci\u00f3n del Gobierno hab\u00eda informado previamente de que la Brigada Provincial de Polic\u00eda Judicial de la Polic\u00eda Nacional investigaba un fallecimiento que se hab\u00eda producido en la residencia de mayores Decanos de \u00c1vila.<\/p>\n<p class=\"paragraph-atom &#10;        A-500-300-700-N A-550-300-700-N--md  \">Ha sido la hija de Encarnita Polo, Raquel Waitzman Polo, quien ha comunicado el fallecimiento en un comunicado remitido a los medios.<\/p>\n","protected":false},"excerpt":{"rendered":"Agentes de la Polic\u00eda Nacional han abierto una investigaci\u00f3n por la muerte de la cantante y actriz Encarnita&hellip;\n","protected":false},"author":2,"featured_media":236374,"comment_status":"","ping_status":"","sticky":false,"template":"","format":"standard","meta":{"footnotes":""},"categories":[174],"tags":[57348,6456,988,4328,255,146,147,25,24,5992,256,23],"class_list":{"0":"post-236373","1":"post","2":"type-post","3":"status-publish","4":"format-standard","5":"has-post-thumbnail","7":"category-famosos","8":"tag-57348","9":"tag-actriz","10":"tag-anos","11":"tag-cantante","12":"tag-celebrities","13":"tag-entertainment","14":"tag-entretenimiento","15":"tag-es","16":"tag-espana","17":"tag-fallece","18":"tag-famosos","19":"tag-spain"},"share_on_mastodon":{"url":"https:\/\/pubeurope.com\/@es\/115550583705524515","error":""},"_links":{"self":[{"href":"https:\/\/www.europesays.com\/es\/wp-json\/wp\/v2\/posts\/236373","targetHints":{"allow":["GET"]}}],"collection":[{"href":"https:\/\/www.europesays.com\/es\/wp-json\/wp\/v2\/posts"}],"about":[{"href":"https:\/\/www.europesays.com\/es\/wp-json\/wp\/v2\/types\/post"}],"author":[{"embeddable":true,"href":"https:\/\/www.europesays.com\/es\/wp-json\/wp\/v2\/users\/2"}],"replies":[{"embeddable":true,"href":"https:\/\/www.europesays.com\/es\/wp-json\/wp\/v2\/comments?post=236373"}],"version-history":[{"count":0,"href":"https:\/\/www.europesays.com\/es\/wp-json\/wp\/v2\/posts\/236373\/revisions"}],"wp:featuredmedia":[{"embeddable":true,"href":"https:\/\/www.europesays.com\/es\/wp-json\/wp\/v2\/media\/236374"}],"wp:attachment":[{"href":"https:\/\/www.europesays.com\/es\/wp-json\/wp\/v2\/media?parent=236373"}],"wp:term":[{"taxonomy":"category","embeddable":true,"href":"https:\/\/www.europesays.com\/es\/wp-json\/wp\/v2\/categories?post=236373"},{"taxonomy":"post_tag","embeddable":true,"href":"https:\/\/www.europesays.com\/es\/wp-json\/wp\/v2\/tags?post=236373"}],"curies":[{"name":"wp","href":"https:\/\/api.w.org\/{rel}","templated":true}]}}