{"id":236395,"date":"2025-11-14T23:29:04","date_gmt":"2025-11-14T23:29:04","guid":{"rendered":"https:\/\/www.europesays.com\/es\/236395\/"},"modified":"2025-11-14T23:29:04","modified_gmt":"2025-11-14T23:29:04","slug":"alcaraz-mantiene-su-ambicion-consagrado-como-numero-1-mi-deseo-terminar-el-ano-con-los-titulos-de-las-finales-atp-y-la-davis-tenis","status":"publish","type":"post","link":"https:\/\/www.europesays.com\/es\/236395\/","title":{"rendered":"Alcaraz mantiene su ambici\u00f3n consagrado como n\u00famero 1: \u00ab\u00bfMi deseo? Terminar el a\u00f1o con los t\u00edtulos de las Finales ATP y la Davis\u00bb | Tenis"},"content":{"rendered":"<p>Desde lo m\u00e1s alto del trono de la ATP despide Carlos Alcaraz una temporada con cuentas pendientes todav\u00eda para el tenista espa\u00f1ol. Cumpli\u00f3 en la <a href=\"https:\/\/cadenaser.com\/nacional\/2025\/11\/14\/hay-una-diferencia-abismal-en-mayusculas-corretja-descubre-el-cambio-que-ha-hecho-a-alcaraz-ser-favorito-en-esta-copa-de-maestros-cadena-ser\/\" target=\"_blank\" rel=\"nofollow noopener\" title=\"https:\/\/cadenaser.com\/nacional\/2025\/11\/14\/hay-una-diferencia-abismal-en-mayusculas-corretja-descubre-el-cambio-que-ha-hecho-a-alcaraz-ser-favorito-en-esta-copa-de-maestros-cadena-ser\/\">Copa de Maestros<\/a> con las tres victorias que necesitaba para auparse a cotas inalcanzables para cualquier otro, siendo Jannik Sinner el \u00fanico capaz de mantenerle el pulso hasta la \u00faltima semana, y ha celebrado su \u00e9xito este viernes en El Larguero. Es el segundo a\u00f1o de su carrera finalizando como <a href=\"https:\/\/cadenaser.com\/nacional\/2025\/11\/13\/carlos-alcaraz-ser-el-numero-1-del-mundo-este-ano-significa-un-mundo-para-mi-cadena-ser\/\" target=\"_blank\" rel=\"nofollow noopener\" title=\"https:\/\/cadenaser.com\/nacional\/2025\/11\/13\/carlos-alcaraz-ser-el-numero-1-del-mundo-este-ano-significa-un-mundo-para-mi-cadena-ser\/\">n\u00famero 1 del r\u00e1nking<\/a> y no ha dudado en plasmar sus ambiciones de primeras ante el micr\u00f3fono de Pedro Fullana para la Cadena SER: \u00abCon 22 a\u00f1os tengo muchas temporadas por delante. Ojal\u00e1 que no se estanque aqu\u00ed\u00bb, ha deseado sin reparos.<\/p>\n<p>M\u00e1s informaci\u00f3n<\/p>\n<p>Haciendo repaso a todo lo vivido a lo largo del 2025, Alcaraz admite: \u00abHa habido idas y venidas, altibajos, momentos buenos, momentos malos&#8230; poder aprender de todos esos momentos y seguir yendo adelante, jugando un tenis bueno y consistente, es lo que transmite el terminar el a\u00f1o como n\u00famero 1\u00bb, apunt\u00f3, poniendo el valor un galard\u00f3n \u00abmuy especial\u00bb porque \u00abes el premio al trabajo durante todo el a\u00f1o\u00bb.<\/p>\n<p>Tambi\u00e9n Alcaraz ha reconocido que desde su primer cierre en la cima all\u00e1 por el 2022 al n\u00famero 1 actual hay clara \u00abdiferencia\u00bb. \u00abHemos crecido aunque sean solo dos a\u00f1os, hemos madurado y hemos aprendido a lidiar con ciertas situaciones y a lo que tenemos que hacer tanto dentro como fuera de la pista, que es lo que te permite mostrar el nivel y los t\u00edtulos tambi\u00e9n se reflejan en eso\u00bb, ha asegurado.<\/p>\n<p>\u00abGanar a Sinner en &#8216;indoor&#8217; es el reto a batir\u00bb<\/p>\n<p>Adem\u00e1s, preguntado por Pedro Fullana sobre sus deseos pendientes en una temporada arrolladora en la que ya ha sumado 8 t\u00edtulos, Alcaraz no ha dudado ni un segundo: \u00abTerminar el a\u00f1o con 10 t\u00edtulos, con las Finales ATP y la Copa Davis\u00bb. \u00abSer\u00eda incre\u00edble. Vamos a intentarlo. Son las dos \u00faltimas semanas de un a\u00f1o ya exigente\u00bb, ha indicado, repleto de ambici\u00f3n a sabiendas de que esta semana tendr\u00e1 \u00abuno de los mayores retos que hay\u00bb tratando de frustrar la rev\u00e1lida de Jannik Sinner como &#8216;maestro de maestros&#8217;. \u00abJannik lleva sin perder un partido en indoor dos a\u00f1os. Lleva sin perder un set mucho tiempo. Es el reto a batir\u00bb, ha avisado, aun confirmando que tiene \u00abenerg\u00eda\u00bb para hacerlo.<\/p>\n<p>Sabe Alcaraz que es uno de los elegidos con capacidad para hacerle frente a Sinner, la otra gran bestia del circuito actual. De hecho, las cuatro finales que ha perdido el italiano este a\u00f1o han sido contra el de El Palmar. Aun as\u00ed, Alcaraz ha alzado la voz en antena para poner en aviso a quienes dan por hecho un duopolio en cada torneo: \u00abPor los resultados que se est\u00e1n dando puede ser que la gente nos tenga a nosotros dos como cabezas del circuito, pero la realidad es que hay muchos jugadores que nos ponen en problemas, que tienen opciones de ganar torneos y estar peleando por grandes cosas. Esa es la realidad, aunque los resultados est\u00e9n mostrando que Jannik y yo estamos siempre ah\u00ed\u00bb.<\/p>\n<p>\u00abSe puede llegar a mostrar que est\u00e1n lejos, pero la realidad es otra. Yo en cada partido pienso que puedo perder si no estoy al nivel que debo estar\u00bb, ha a\u00f1adido, desvelando incluso su mentalidad para mantener el hambre de triunfos: \u00abEl sentimiento cuando alzas una copa de Grand Slam es lo que te sigue moviendo para seguir d\u00e1ndolo todo y seguir mejorando. Es lo que realmente me motiva\u00bb, se ha sincerado, hablando hasta de la \u00abilusi\u00f3n\u00bb especial con la que asume la Copa Davis de la pr\u00f3xima semana.<\/p>\n<p>\u00abYo conf\u00edo en cada uno de los jugadores del equipo, conf\u00edo en m\u00ed y voy a darlo todo para que este a\u00f1o se d\u00e9 la semana para salir campe\u00f3n. Jannik y Lorenzo son bajas importantes para Italia, pero siguen teniendo un equipo muy fuerte, Alemania con Zverev tambi\u00e9n es bastante fuerte en indoor y obviamente a los checos hay que tenerlos en el punto de mira porque son muy peligrosos\u00bb, resumi\u00f3, mirando de reojo a su pr\u00f3xima cita con La Armada.<\/p>\n<p>\u00bfHasta d\u00f3nde llegar\u00e1 Djokovic?<\/p>\n<p>Otra pregunta sobrevuela el circuito en relaci\u00f3n al \u00faltimo tit\u00e1n del Big Three en activo, Novak Djokovic. El serbio ya ha verbalizado su impotencia cada vez que Sinner o Alcaraz se cruzan en su camino, aunque en el horizonte avista el deseo de conquistar un Grand Slam n\u00famero 25 que, para el tenista espa\u00f1ol, no est\u00e1 ni mucho menos descartado: \u00ab\u00bfSi merece el 25? No lo s\u00e9. Est\u00e1 ah\u00ed arriba como ganador de Grand Slams y veremos a ver. Ha llegado a semifinales en los cuatro Grand Slams y, si se mantiene motivado, puede hacer grandes cosas\u00bb, ha reflejado en la SER un Alcaraz en plena v\u00edspera de una jornada especial, ya que este s\u00e1bado <a href=\"https:\/\/cadenaser.com\/nacional\/2025\/11\/13\/semifinales-en-turin-regreso-al-numero-uno-del-mundo-y-una-posible-reedicion-alcaraz-sinner-en-la-final-de-la-copa-de-maestros-cadena-ser\/\" target=\"_blank\" rel=\"nofollow noopener\" title=\"https:\/\/cadenaser.com\/nacional\/2025\/11\/13\/semifinales-en-turin-regreso-al-numero-uno-del-mundo-y-una-posible-reedicion-alcaraz-sinner-en-la-final-de-la-copa-de-maestros-cadena-ser\/\">se jugar\u00e1 ante Auger-Aliassime el pase a la final de la Copa de Maestros<\/a>.<\/p>\n","protected":false},"excerpt":{"rendered":"Desde lo m\u00e1s alto del trono de la ATP despide Carlos Alcaraz una temporada con cuentas pendientes todav\u00eda&hellip;\n","protected":false},"author":2,"featured_media":236396,"comment_status":"","ping_status":"","sticky":false,"template":"","format":"standard","meta":{"footnotes":""},"categories":[274],"tags":[168,25,24,23,167,327,326],"class_list":{"0":"post-236395","1":"post","2":"type-post","3":"status-publish","4":"format-standard","5":"has-post-thumbnail","7":"category-tenis","8":"tag-deportes","9":"tag-es","10":"tag-espana","11":"tag-spain","12":"tag-sports","13":"tag-tenis","14":"tag-tennis"},"share_on_mastodon":{"url":"https:\/\/pubeurope.com\/@es\/115550654646556374","error":""},"_links":{"self":[{"href":"https:\/\/www.europesays.com\/es\/wp-json\/wp\/v2\/posts\/236395","targetHints":{"allow":["GET"]}}],"collection":[{"href":"https:\/\/www.europesays.com\/es\/wp-json\/wp\/v2\/posts"}],"about":[{"href":"https:\/\/www.europesays.com\/es\/wp-json\/wp\/v2\/types\/post"}],"author":[{"embeddable":true,"href":"https:\/\/www.europesays.com\/es\/wp-json\/wp\/v2\/users\/2"}],"replies":[{"embeddable":true,"href":"https:\/\/www.europesays.com\/es\/wp-json\/wp\/v2\/comments?post=236395"}],"version-history":[{"count":0,"href":"https:\/\/www.europesays.com\/es\/wp-json\/wp\/v2\/posts\/236395\/revisions"}],"wp:featuredmedia":[{"embeddable":true,"href":"https:\/\/www.europesays.com\/es\/wp-json\/wp\/v2\/media\/236396"}],"wp:attachment":[{"href":"https:\/\/www.europesays.com\/es\/wp-json\/wp\/v2\/media?parent=236395"}],"wp:term":[{"taxonomy":"category","embeddable":true,"href":"https:\/\/www.europesays.com\/es\/wp-json\/wp\/v2\/categories?post=236395"},{"taxonomy":"post_tag","embeddable":true,"href":"https:\/\/www.europesays.com\/es\/wp-json\/wp\/v2\/tags?post=236395"}],"curies":[{"name":"wp","href":"https:\/\/api.w.org\/{rel}","templated":true}]}}