{"id":236421,"date":"2025-11-14T23:45:11","date_gmt":"2025-11-14T23:45:11","guid":{"rendered":"https:\/\/www.europesays.com\/es\/236421\/"},"modified":"2025-11-14T23:45:11","modified_gmt":"2025-11-14T23:45:11","slug":"repunta-la-violencia-de-jovenes-radicales-israelies-en-cisjordania-el-mundo","status":"publish","type":"post","link":"https:\/\/www.europesays.com\/es\/236421\/","title":{"rendered":"Repunta la violencia de j\u00f3venes radicales israel\u00edes en Cisjordania &#8211; El Mundo"},"content":{"rendered":"<ol>\n<li><a href=\"https:\/\/news.google.com\/rss\/articles\/CBMigwFBVV95cUxNakVQdVpzQTc0b3dLVGtUNFNTREhEaTZtUTVjZ3dzNmZ5TzAwMkE1N0lmMjJMbk5vLWRrdDlFeHZ5TlB3UVhvdkhicUc5WWlVRlduSnhQOFQ3NGsyRmFRMmRmdks2aGl3RW9NT2VJQXI2UjF3ZVNCRU0xQk54dF9NTWlIb9IBgwFBVV95cUxPQXprZms2NEVhRDNVTEk4T3YxQm1wWFYwUVlWS1RLdFJHNXpVUXA1MmlfUy1SdXJqQXRfNDhiT3ZodHRlX014bXBhWG9pOFk4Nkd1S0pSUk9keGxydFRtT2FtWTF2TnotUmlLV3o1bkRRWFgzQkhEWjN0RlZQYy14Tklzcw?oc=5\" target=\"_blank\" rel=\"nofollow noopener\">Repunta la violencia de j\u00f3venes radicales israel\u00edes en Cisjordania<\/a>&nbsp;&nbsp;El Mundo<\/li>\n<li><a href=\"https:\/\/news.google.com\/rss\/articles\/CBMi1gFBVV95cUxPNllWQVl6YlZEV3pmQThlbHR4dXBudG1YeXZrTUplWGFlNWVWTnh4SWNXWF9wQWpKMDY0RU5sNFVMM2dlNlQ4Mm0xTzJWVmROVUFZS0otTU1ZZTI5eEVuaU1MaWNJODlSUi1TQS1KYTBhOVpwT2Jmem9oZXJ5TnRKUktGdWNoTkk5cGp2LVdYX2ZNdUoyTHI0WjMxZHZwZHRaVnE2OWQxSldFYzhOcENZa2tKOXpJblBJQkhueGNaTGJZWTJzSTNUZlAwaXJDQlJ4c1I1YVNR?oc=5\" target=\"_blank\" rel=\"nofollow noopener\">Colonos israel\u00edes prenden fuego a una mezquita en una escalada de violencia en Cisjordania<\/a>&nbsp;&nbsp;EL PA\u00cdS<\/li>\n<li><a href=\"https:\/\/news.google.com\/rss\/articles\/CBMitwFBVV95cUxQeFlhUXptVHh1cDk1VWkyZkdqLUNpZUo5dWNhd3VTSFV5Tks3bkpybndoLTJkTl9nOVVfbldTcENOR0NvTXdONmtMRUx6RnNqR0FGYzdoR05RVENIY1BTSEhBdEEtOTJBMTJUS1FqZXdWcjNTendMczZEX2t0LWJYaXp0OS11LVdiYzNuMVA1dEVXMU5kUEVRQXRxb05ZdUhxVHhKZGF5M2VyWkFmdHBVUmd5cHBoQjg?oc=5\" target=\"_blank\" rel=\"nofollow noopener\">Una noche en las aldeas palestinas que activistas israel\u00edes protegen frente a los colonos<\/a>&nbsp;&nbsp;ABC<\/li>\n<li><a href=\"https:\/\/news.google.com\/rss\/articles\/CBMi4gFBVV95cUxPZlVrREdHRjR1eHptV0RJS0JGRW5fWUtDUUF2cW9YcjE1M1Q1Uk9yRFFSbXlYdXVqMzJ2WXBvbVVDX0kxLVpMX0dsRFZjS0N5dGh0NWhWalR5SG0yNG9jR3NJcUU4RGVOLVdLSEVjM21NY0FiaGR1bzdoWjd4R1UydGxUVkFrelB4and2X0RlNjJZYUtjSDF5UHR5WXI3T0J3Tm1EOUZGcjFRU1NDNUlpay00UHZOZDNSRnNBUEU4ZTdqVmxVZkdNUlZTcnFscHN3SXhzMllwbXN3OWRVcEJCMlhn0gH-AUFVX3lxTFB6TF9OYTY2dXN0WURUMFNrbHNYU1o2Q1ZsV253b21HQXlxSzFWTlpKcWs4eG9SNVRmT0ZETWM3SUhjUWZ1NzhuYkZEank5d3htSnhoc29IUlg5M2trSlRJOUhUOXo3X1Z4SFdXc3IwZW8wS1RiZ05kTUxWRkYtVjJZNGZhcmZoclNKWm9ib1liRHZUZUNUVnJzcHVVckI1SHhnWXZlMGdaZlJBamFOTi1xWmJtY2g0RG5iVnZ6ZTZzQldPY3U3aTBwWUt4X005aFlwa2ZFZzRwa3R4bzl0b2JFYVgyeW5EU3hpcEw3VWxoWUdGODl5YmtyOHlUTWJ3?oc=5\" target=\"_blank\" rel=\"nofollow noopener\">La ONU constata que Israel est\u00e1 acelerando su anexi\u00f3n ilegal de Cisjordania<\/a>&nbsp;&nbsp;La Voz de Galicia<\/li>\n<li><a href=\"https:\/\/news.google.com\/rss\/articles\/CBMi2gFBVV95cUxOeW9SNDhpTEJkS21xZXUwREJEQ3FPMGhrNmp5REdaRkJqZ1RqZmZSbTh2dUF3TGZfNlNuNjRqdU1jRVZnRktHM1RaRExHb1J4ZkRSejRUdjQ3eFFTQkt2YlltMVBMYTA1TUNFUVRqM2NXMHhOd19BUHVDTUhubjVSREd2X29WODE0Qm0tTDNnTkJiRUVwSHZ2ajJxRXNKNFphZUhGMUtycTlHTGRNZWZhLUNTRHdQWUhpRVpoeFNUQjdNbk1yaW1oVWYxdDZseE4ycHlhcE9ySm9aQQ?oc=5\" target=\"_blank\" rel=\"nofollow noopener\">Colonos radicales desaf\u00edan al ej\u00e9rcito con la quema de una mezquita en Cisjordania<\/a>&nbsp;&nbsp;El Correo<\/li>\n<\/ol>\n","protected":false},"excerpt":{"rendered":"Repunta la violencia de j\u00f3venes radicales israel\u00edes en Cisjordania&nbsp;&nbsp;El Mundo Colonos israel\u00edes prenden fuego a una mezquita en&hellip;\n","protected":false},"author":2,"featured_media":236422,"comment_status":"","ping_status":"","sticky":false,"template":"","format":"standard","meta":{"footnotes":""},"categories":[42],"tags":[17,18,6920,13,14,28182,11,61,62,63,64,74,19,20,9,10,15,16,76,12,21,22,65,66,67],"class_list":{"0":"post-236421","1":"post","2":"type-post","3":"status-publish","4":"format-standard","5":"has-post-thumbnail","7":"category-internacional","8":"tag-breaking-news","9":"tag-breakingnews","10":"tag-cisjordania","11":"tag-featured-news","12":"tag-featurednews","13":"tag-guerra-en-israel","14":"tag-headlines","15":"tag-internacional","16":"tag-international","17":"tag-international-news","18":"tag-internationalnews","19":"tag-israel","20":"tag-latest-news","21":"tag-latestnews","22":"tag-news","23":"tag-noticias","24":"tag-noticias-destacadas","25":"tag-noticiasdestacadas","26":"tag-palestina","27":"tag-titulares","28":"tag-ultimas-noticias","29":"tag-ultimasnoticias","30":"tag-world","31":"tag-world-news","32":"tag-worldnews"},"share_on_mastodon":{"url":"https:\/\/pubeurope.com\/@es\/115550718470452678","error":""},"_links":{"self":[{"href":"https:\/\/www.europesays.com\/es\/wp-json\/wp\/v2\/posts\/236421","targetHints":{"allow":["GET"]}}],"collection":[{"href":"https:\/\/www.europesays.com\/es\/wp-json\/wp\/v2\/posts"}],"about":[{"href":"https:\/\/www.europesays.com\/es\/wp-json\/wp\/v2\/types\/post"}],"author":[{"embeddable":true,"href":"https:\/\/www.europesays.com\/es\/wp-json\/wp\/v2\/users\/2"}],"replies":[{"embeddable":true,"href":"https:\/\/www.europesays.com\/es\/wp-json\/wp\/v2\/comments?post=236421"}],"version-history":[{"count":0,"href":"https:\/\/www.europesays.com\/es\/wp-json\/wp\/v2\/posts\/236421\/revisions"}],"wp:featuredmedia":[{"embeddable":true,"href":"https:\/\/www.europesays.com\/es\/wp-json\/wp\/v2\/media\/236422"}],"wp:attachment":[{"href":"https:\/\/www.europesays.com\/es\/wp-json\/wp\/v2\/media?parent=236421"}],"wp:term":[{"taxonomy":"category","embeddable":true,"href":"https:\/\/www.europesays.com\/es\/wp-json\/wp\/v2\/categories?post=236421"},{"taxonomy":"post_tag","embeddable":true,"href":"https:\/\/www.europesays.com\/es\/wp-json\/wp\/v2\/tags?post=236421"}],"curies":[{"name":"wp","href":"https:\/\/api.w.org\/{rel}","templated":true}]}}