{"id":236479,"date":"2025-11-15T00:26:07","date_gmt":"2025-11-15T00:26:07","guid":{"rendered":"https:\/\/www.europesays.com\/es\/236479\/"},"modified":"2025-11-15T00:26:07","modified_gmt":"2025-11-15T00:26:07","slug":"auger-aliassime-dio-el-golpe-en-las-atp-finals-elimino-a-zverev-se-metio-en-semis-y-jugara-con-alcaraz-espn-deportes","status":"publish","type":"post","link":"https:\/\/www.europesays.com\/es\/236479\/","title":{"rendered":"Auger-Aliassime dio el golpe en las ATP Finals: elimin\u00f3 a Zverev, se meti\u00f3 en semis y jugar\u00e1 con Alcaraz &#8211; ESPN Deportes"},"content":{"rendered":"<ol>\n<li><a href=\"https:\/\/news.google.com\/rss\/articles\/CBMi_wFBVV95cUxQNy1ZX3hDWmFkaFZRSU9MTHI1SWctTzlxNHpmZHhLYnFYWWpxb04tWkJFQXRTREQ0eXRRWS1CUnB0UExyNjJLczNSUmVXRjFzOXMtZGE3VjUzR19EWW1xMDhvVE1SaVppTjBkd1BCNWkxWDM0WGdFNE92LWR3SFRORkNfN1FnbDBKMFJ2UHBRQ0JCcGt3QjV6RVdCOHdxVGg5SFZrWGdoSUNPY2R3aUFrX2tzWDJETS1qQUY3UWFyM0YzWGJfSVdBRHFKRDhlSVRURjdJN1BzN1VrYTRiUk1MZXJnZExWcnhxaGttTHI3YUhQNjFjVmlTZ2dMR0hVZmc?oc=5\" target=\"_blank\" rel=\"nofollow noopener\">Auger-Aliassime dio el golpe en las ATP Finals: elimin\u00f3 a Zverev, se meti\u00f3 en semis y jugar\u00e1 con Alcaraz<\/a>&nbsp;&nbsp;ESPN Deportes<\/li>\n<li><a href=\"https:\/\/news.google.com\/rss\/articles\/CBMihAFBVV95cUxPejlhQ3NqMWNwdzdBenVRYzUzRzVTVk1WUXpKd1I3b1gzY1lZSTVweEUxYUdGQnc0bzZzX05zcXgwaWlobWZ6Z0l3dU84ZWxLUkVUZ1RnN0k3S2FMQnVCZ1pyRzBJTVFpU051aWx4QlpocmZuNnhZdk0xTEhzTzZRLUF0WlTSAYQBQVVfeXFMTXlidFVLdU1QSW1zOUZjYzFKSm1kWGFQUGZYdnJobUhBU1dYYkNjdlh5WmRmbWRzZE56ODNveFpkTE1vc3RhU19fNm4wZjZJWEMzTWhLTUVETXd2RmUyeFBoRFAydlpEOVVKamcxODFkekV4M2hhUnNrckI2WlBOOUtoRDRy?oc=5\" target=\"_blank\" rel=\"nofollow noopener\">Auger-Aliassime ser\u00e1 el rival de Alcaraz tras derrotar a un fr\u00e1gil Zverev<\/a>&nbsp;&nbsp;El Mundo<\/li>\n<li><a href=\"https:\/\/news.google.com\/rss\/articles\/CBMiyAFBVV95cUxQd1lGSDY1S2kxT2FKYjI1VUlXSDljUlAwX29HSnBuR0UxS19HdlZVTlIyZkJYZXd5MG53b3J2QWNOdE9xU3I0VEg0TW9wVXVqRU9qMEFWOGgxcm5CM1hKa1JsVll0bnpEOGt2ZmtFLVdOS2NLTUJrVDJVai1tRW1MbzVfZ0xoMWlqTTZQZ2dKRnVmTGVrTjJiOEJRSXlBOGtPRjctY18zeEQ4WmNKd2VNTVZXck9lSDlNT2dEVkNyVEYwTzlYUm8xb9IB3AFBVV95cUxONVhaTlFpNFMyWnNPbTBqWVVDeGs4MC1TRkhPMFAtdGdVczRCRERTajR3OU1mNWRYRXc2dWFMSWF0UzM0Zk1fOHAtb28yY1ozNEpTWGJ5YnRUajZvNDl4YkVUN3E3NWR1dVJUaGtHNVgzQjlsRkIzbWJxdnNNZmwybnBUQnlMbVRmZl9qRkVJUWNEVVRONzMwSEhhX1J6ZVRKRVdKU0NwcER2VXo2RS1NUXRCTU9TWXNZZ3ZpMHAxV1ZHWTc2TjYyejR6MDNDNWRPcmdFai1KMjkwNFdu?oc=5\" target=\"_blank\" rel=\"nofollow noopener\">Resumen del Zverev &#8211; Auger-Aliassime: resultado y ganador de la fase de grupos de las ATP Finals<\/a>&nbsp;&nbsp;Diario AS<\/li>\n<li><a href=\"https:\/\/news.google.com\/rss\/articles\/CBMirwFBVV95cUxObkJoSlpVMWRaRmFLVnVqR3VqaHRmVGU4aVdPMmNQYUlPUzk2MjFSR2dCbm9iazJCVGhxRC1jdlRPX0NPaVZvREstdHQtUnYtWnRScm10RWpLME45RmdiR2VqblV5YktLa05OMVkxQTVvTmpDMXFsWUFXSWQ3Wjk0M092QWlHVElDckh1cmgzMFlCNTItbVBIZ1N4dG5SMVc1OFFXcEVacUZMektMRWxz0gGvAUFVX3lxTE9OaThCeFZjVnVwUzVNb0ZOejluUjgtTm11SWNnR1laNlhoVkhvclZqOFU4ck1rRzhUZWhVYXVTQXBCWE5pc1EyTGhBdmJ0UXU5RWZhMWYtbERiYk40SzNCaENocnc2dWl0TUJWMEhuYUFnU0cxeHMzR1JjbnZKYWxUZzRoRVBlVmVzR1JhYjNrZDdxLXlyaUF0SVlGU1BWQWNYLXVrRExYYUJsZ1NkMEE?oc=5\" target=\"_blank\" rel=\"nofollow noopener\">Zverev se la pega con Aliassime, rival de Alcaraz en las semifinales de Tur\u00edn<\/a>&nbsp;&nbsp;MARCA<\/li>\n<li><a href=\"https:\/\/news.google.com\/rss\/articles\/CBMiowFBVV95cUxQcV8yeVdXMG53ZWI2dXZQV1ZUTml6ajA3eUo1WENZc1VsaFY1ZjduanowNkl5b0ZOcmdvOWJZb3RQWFh2R3JxSXc5SUVkdmVaMHlfLTlzZmN0Ylhpa0dNOU03Zm9STWVpbDdpRzdZeWlGZG8xNVpjS2dXT256YmdMN2pVVXJEajZIWW9UM1Z2Z0JFd1ZFYlFnNGpxcWI3UkNRelkw?oc=5\" target=\"_blank\" rel=\"nofollow noopener\">Rival sorpresa para Alcaraz en las &#8216;semis&#8217; de las ATP Finals<\/a>&nbsp;&nbsp;Mundo Deportivo<\/li>\n<\/ol>\n","protected":false},"excerpt":{"rendered":"Auger-Aliassime dio el golpe en las ATP Finals: elimin\u00f3 a Zverev, se meti\u00f3 en semis y jugar\u00e1 con&hellip;\n","protected":false},"author":2,"featured_media":233937,"comment_status":"","ping_status":"","sticky":false,"template":"","format":"standard","meta":{"footnotes":""},"categories":[93],"tags":[168,25,24,23,167],"class_list":{"0":"post-236479","1":"post","2":"type-post","3":"status-publish","4":"format-standard","5":"has-post-thumbnail","7":"category-deportes","8":"tag-deportes","9":"tag-es","10":"tag-espana","11":"tag-spain","12":"tag-sports"},"share_on_mastodon":{"url":"https:\/\/pubeurope.com\/@es\/115550878677056061","error":""},"_links":{"self":[{"href":"https:\/\/www.europesays.com\/es\/wp-json\/wp\/v2\/posts\/236479","targetHints":{"allow":["GET"]}}],"collection":[{"href":"https:\/\/www.europesays.com\/es\/wp-json\/wp\/v2\/posts"}],"about":[{"href":"https:\/\/www.europesays.com\/es\/wp-json\/wp\/v2\/types\/post"}],"author":[{"embeddable":true,"href":"https:\/\/www.europesays.com\/es\/wp-json\/wp\/v2\/users\/2"}],"replies":[{"embeddable":true,"href":"https:\/\/www.europesays.com\/es\/wp-json\/wp\/v2\/comments?post=236479"}],"version-history":[{"count":0,"href":"https:\/\/www.europesays.com\/es\/wp-json\/wp\/v2\/posts\/236479\/revisions"}],"wp:featuredmedia":[{"embeddable":true,"href":"https:\/\/www.europesays.com\/es\/wp-json\/wp\/v2\/media\/233937"}],"wp:attachment":[{"href":"https:\/\/www.europesays.com\/es\/wp-json\/wp\/v2\/media?parent=236479"}],"wp:term":[{"taxonomy":"category","embeddable":true,"href":"https:\/\/www.europesays.com\/es\/wp-json\/wp\/v2\/categories?post=236479"},{"taxonomy":"post_tag","embeddable":true,"href":"https:\/\/www.europesays.com\/es\/wp-json\/wp\/v2\/tags?post=236479"}],"curies":[{"name":"wp","href":"https:\/\/api.w.org\/{rel}","templated":true}]}}