{"id":236564,"date":"2025-11-15T01:33:11","date_gmt":"2025-11-15T01:33:11","guid":{"rendered":"https:\/\/www.europesays.com\/es\/236564\/"},"modified":"2025-11-15T01:33:11","modified_gmt":"2025-11-15T01:33:11","slug":"adele-debutara-como-actriz-en-cry-to-heaven-la-nueva-pelicula-de-tom-ford","status":"publish","type":"post","link":"https:\/\/www.europesays.com\/es\/236564\/","title":{"rendered":"Adele debutar\u00e1 como actriz en \u00abCry to heaven\u00bb, la nueva pel\u00edcula de Tom Ford"},"content":{"rendered":"<p id=\"eQknzKZMf6\" data-wc=\"111\">El pasado julio de 2024, <a class=\"hm-link ho-link\" href=\"https:\/\/www.hola.com\/us-es\/celebrities\/20250818850819\/adele-reaparicion-retiro-escenarios-elegante\/\" data-mrf-recirculation=\"article-body-link\" rel=\"nofollow noopener\" target=\"_blank\">Adele<\/a> anunciaba a trav\u00e9s de la cadena alemana ZDF que entre sus planes no estaba lanzar nueva m\u00fasica en un futuro pr\u00f3ximo: \u00abQuiero un gran descanso, y creo que quiero hacer otras cosas creativas, solo por un tiempo\u00bb, anunciaba la cantante. Transcurrido m\u00e1s de un a\u00f1o desde estas declaraciones, ahora ya sabemos a qu\u00e9 se refer\u00eda con eso de \u00abotras cosas creativas\u00bb: la artista brit\u00e1nica ha decidido probar suerte en el mundo del cine, y su <strong>primer proyecto como actriz ser\u00e1 de la mano del director\u00a0<\/strong><a class=\"hm-link ho-link\" href=\"https:\/\/www.hola.com\/actualidad\/20230512345652\/tom-ford-disenador-retira-traicion-poder-curiosidades\/\" data-mrf-recirculation=\"article-body-link\" rel=\"nofollow noopener\" target=\"_blank\">Tom Ford<\/a><strong>, en la adaptaci\u00f3n de la novela Cry to heaven de Anne Rice<\/strong>, autora de Entrevista con el Vampiro.<\/p>\n<p> <img src=\"https:\/\/www.europesays.com\/es\/wp-content\/uploads\/2025\/11\/94955d78bb46-gettyimages-1246838064.jpg\"   width=\"1024\" height=\"686\" loading=\"lazy\" decoding=\"async\" alt=\"Adele posa con el Grammy a Mejor Interpretaci\u00f3n Pop Solista por &quot;Easy on Me&quot;\" fetchpriority=\"auto\" class=\"image ho-image\"\/>\u00a9 AFP via Getty Images, Getty ImagesAdele posa con el Grammy a Mejor Interpretaci\u00f3n Pop Solista por \u00abEasy on Me\u00bb<\/p>\n<p id=\"e9v-c5G1Bo\" data-wc=\"68\">La int\u00e9rprete de Hello y Someone Like You compartir\u00e1 reparto con reconocidas figuras de la industria, como <strong>Colin Firth<\/strong>, la actriz de Euphoria <strong>Hunter Schafer<\/strong>, el protaginsta de Skins <strong>Nicholas Hoult<\/strong>, <strong>George MacKay<\/strong> y otras personalidades como <strong>Ciar\u00e1n Hinds, Aaron Taylor-Johnson, Mark Strong, Daryl McCormack, Paul Bettany, Theodore Pellerin, Daryl McCormack, Hauk Hannemann,\u00a0<\/strong><strong>Lux Pascal<\/strong> (hermana de Pedro Pascal) y el joven <strong>Owen Cooper<\/strong>, la revelaci\u00f3n de Adolescence.<\/p>\n<p id=\"eE5yHuCyHe\" data-wc=\"82\">Cry to heaven transcurre en la Italia del siglo XVIII y narra la historia de Guido Maffero, campesino y maestro castrato que se convierte en estrella de la \u00f3pera (he aqu\u00ed la importancia de la elecci\u00f3n de Adele para el papel), y de Tonio Treschi, un noble veneciano. A lo largo de sus vidas, los caminos de los j\u00f3venes italianos se cruzar\u00e1n de maneras cuanto menos complicadas y escandalosas en un relato sobre identidad, familia, venganza y los l\u00edmites del talento art\u00edstico.<\/p>\n<p> <img src=\"https:\/\/www.europesays.com\/es\/wp-content\/uploads\/2025\/11\/e9e8b46dc176-gettyimages-2186652299.jpg\"   width=\"1024\" height=\"753\" loading=\"lazy\" decoding=\"async\" alt=\"Adele en su espect\u00e1culo con vestido negro con pedrer\u00eda y mangas abullonadas\" fetchpriority=\"auto\" class=\"image ho-image\"\/>\u00a9 Getty ImagesAdele act\u00faa durante su \u00faltimo espect\u00e1culo de residencia en Las Vegas <\/p>\n<p id=\"eSU-kUvUug\" data-wc=\"92\">En el pasado se especul\u00f3 que quiz\u00e1 Adele debutar\u00eda como actriz en La muerte y la vida de John F. Donovan, un proyecto del cineasta canadiense Xavier Dolan, quien dirigi\u00f3 su videoclip Hello: \u00abSeguro que me criticar\u00e1n por esto, pero la verdad es que me gustar\u00eda actuar despu\u00e9s de trabajar con Xavier. Sin duda, participar\u00eda en una pel\u00edcula suya\u00bb, declar\u00f3 la artista. Y, aunque su tema Rolling in the Deep apareci\u00f3 en la versi\u00f3n final, la cantante finalmente no figur\u00f3 como actriz en el filme, que adem\u00e1s fue fulminado por la cr\u00edtica.<\/p>\n<p id=\"e05sfA-pzI\" data-wc=\"76\">Esta nueva propuesta supone la tercera incursi\u00f3n en la industria del director, que es reconocido por proyectos como A Single Man o Animales nocturnos. Actualmente, la pel\u00edcula se encuentra en fase de preproducci\u00f3n tanto en Londres como en Roma, y el rodaje se pondr\u00e1 en marcha en enero con una fecha de estreno prevista para finales de 2026. El cineasta est\u00e1 autofinanciando el largometraje con la esperanza de encontrar un comprador una vez finalizada la producci\u00f3n.\u00a0<\/p>\n<p> <img src=\"https:\/\/www.europesays.com\/es\/wp-content\/uploads\/2025\/11\/3dd566b97ad3-gettyimages-2213628345.jpg\"   width=\"1024\" height=\"682\" loading=\"lazy\" decoding=\"async\" alt=\"Tom Ford acude a la Met Gala 2025 en el Museo Metropolitano de Arte, en Nueva York\" fetchpriority=\"auto\" class=\"image ho-image\"\/>\u00a9 Getty ImagesTom Ford acude a la Met Gala 2025 en el Museo Metropolitano de Arte, en Nueva York<\/p>\n<p id=\"eRhf4byo_J\" data-wc=\"84\">Antes de adentrarse en el mundo del cine, Tom Ford fue uno de los<strong>\u00a0nombres m\u00e1s consagrados en la industria de la moda<\/strong>; vendi\u00f3 su marca de moda hom\u00f3nima a Est\u00e9e Lauder por 2.800 millones de d\u00f3lares en 2022, anunciando que <a class=\"hm-link ho-link\" href=\"https:\/\/www.hola.com\/fashion\/tendencias\/2023042775352\/tom-ford-abandona-industria-moda-vende-empresa\/\" data-mrf-recirculation=\"article-body-link\" rel=\"nofollow noopener\" target=\"_blank\">se desped\u00eda del mundo fashion<\/a> y que los pr\u00f3ximos a\u00f1os de su vida se volcar\u00eda en el cine: \u00abMe encant\u00f3 hacer las dos pel\u00edculas que hice. Fue lo m\u00e1s divertido que he hecho en toda mi vida\u00bb, declar\u00f3 en una entrevista a GQ.<\/p>\n","protected":false},"excerpt":{"rendered":"El pasado julio de 2024, Adele anunciaba a trav\u00e9s de la cadena alemana ZDF que entre sus planes&hellip;\n","protected":false},"author":2,"featured_media":236565,"comment_status":"","ping_status":"","sticky":false,"template":"","format":"standard","meta":{"footnotes":""},"categories":[170],"tags":[517,30670,146,147,25,24,184,185,23,61336],"class_list":{"0":"post-236564","1":"post","2":"type-post","3":"status-publish","4":"format-standard","5":"has-post-thumbnail","7":"category-musica","8":"tag-actualidad","9":"tag-adele","10":"tag-entertainment","11":"tag-entretenimiento","12":"tag-es","13":"tag-espana","14":"tag-music","15":"tag-musica","16":"tag-spain","17":"tag-tom-ford"},"share_on_mastodon":{"url":"https:\/\/pubeurope.com\/@es\/115551142484542708","error":""},"_links":{"self":[{"href":"https:\/\/www.europesays.com\/es\/wp-json\/wp\/v2\/posts\/236564","targetHints":{"allow":["GET"]}}],"collection":[{"href":"https:\/\/www.europesays.com\/es\/wp-json\/wp\/v2\/posts"}],"about":[{"href":"https:\/\/www.europesays.com\/es\/wp-json\/wp\/v2\/types\/post"}],"author":[{"embeddable":true,"href":"https:\/\/www.europesays.com\/es\/wp-json\/wp\/v2\/users\/2"}],"replies":[{"embeddable":true,"href":"https:\/\/www.europesays.com\/es\/wp-json\/wp\/v2\/comments?post=236564"}],"version-history":[{"count":0,"href":"https:\/\/www.europesays.com\/es\/wp-json\/wp\/v2\/posts\/236564\/revisions"}],"wp:featuredmedia":[{"embeddable":true,"href":"https:\/\/www.europesays.com\/es\/wp-json\/wp\/v2\/media\/236565"}],"wp:attachment":[{"href":"https:\/\/www.europesays.com\/es\/wp-json\/wp\/v2\/media?parent=236564"}],"wp:term":[{"taxonomy":"category","embeddable":true,"href":"https:\/\/www.europesays.com\/es\/wp-json\/wp\/v2\/categories?post=236564"},{"taxonomy":"post_tag","embeddable":true,"href":"https:\/\/www.europesays.com\/es\/wp-json\/wp\/v2\/tags?post=236564"}],"curies":[{"name":"wp","href":"https:\/\/api.w.org\/{rel}","templated":true}]}}