{"id":236584,"date":"2025-11-15T01:47:11","date_gmt":"2025-11-15T01:47:11","guid":{"rendered":"https:\/\/www.europesays.com\/es\/236584\/"},"modified":"2025-11-15T01:47:11","modified_gmt":"2025-11-15T01:47:11","slug":"novak-djokovic-reconoce-que-tuvo-el-mejor-prime-de-la-historia-desde-principios-de-2015","status":"publish","type":"post","link":"https:\/\/www.europesays.com\/es\/236584\/","title":{"rendered":"Novak Djokovic reconoce que tuvo el mejor &#8216;prime&#8217; de la historia: \u00abDesde principios de 2015&#8230;\u00bb"},"content":{"rendered":"<p class=\"L6-news-detail__text\"><b>Novak Djokovic<\/b> ha sido la gran ausencia de las <b>Nitto ATP Finals<\/b> despu\u00e9s de salir campe\u00f3n en el<b> ATP250 de Atenas<\/b>. El serbio sumaba su <b>cent\u00e9simo primer t\u00edtulo<\/b> de su carrera antes de tomarse un descanso.<\/p>\n<p class=\"L6-news-detail__text\">Durante dicho per\u00edodo, en el que <b><a title=\"Carlos Alcaraz\" href=\"https:\/\/www.lasexta.com\/noticias\/deportes\/tenis\/propuesta-carlos-alcaraz-que-todos-tenistas-acudan-copa-davis_202511146916f33439b3f1652beb5d44.html\" target=\"_blank\" rel=\"nofollow noopener\">Carlos Alcaraz<\/a><\/b> ha recuperado el n\u00famero 1 del mundo tras sumar tres victorias en tres partidos de las ATP Finals, Djokovic ha concedido una entrevista con al periodista Piers Morgan.<\/p>\n<p class=\"L6-news-detail__text\">El tenista balc\u00e1nico confes\u00f3 cu\u00e1l hab\u00eda sido el momento de su carrera en el que <b>su tenis alcanz\u00f3 el nivel m\u00e1s alto<\/b>. \u00abSi pudieras revivir un periodo de tu carrera en el que sentiste que estabas jugando a tu m\u00e1ximo nivel, \u00bfcu\u00e1l ser\u00eda?\u00bb preguntaba Morgan.<\/p>\n<p class=\"L6-news-detail__text\">\u00ab<b>Desde principios de 2015 hasta mediados de 2016<\/b>\u00bb reconoci\u00f3 el serbio. Y a la respuesta le sigui\u00f3 una nueva pregunta de Piers: \u00ab\u00bfCrees que<b> alg\u00fan jugador en la historia podr\u00eda haberte vencido<\/b>?\u00bb<\/p>\n<p class=\"L6-news-detail__text\">Es entonces cuando, entre risas, el ganador de veinticuatro Grand Slams zanj\u00f3 la conversaci\u00f3n con un contundente \u00ab<b>no<\/b>\u00ab.<\/p>\n<p class=\"L6-news-detail__text\">De esta forma,<b> Novak afirma que es el mejor &#8216;prime&#8217; de la historia del tenis<\/b>. Un jugador que entre principios de 2015 y mediados de 2016 era, seg\u00fan el propio &#8216;Nole&#8217;, invencible. En esa \u00e9poca gan\u00f3 5 de 6 Grand Slam llegando a acumular los cuatro &#8216;Major&#8217; a la vez en el conocido &#8216;Nole Slam&#8217;. Adem\u00e1s, firm\u00f3 la mejor racha de su carrera y domin\u00f3 el circuito con un balance de 143 victorias y 10 derrotas.<\/p>\n<p class=\"L6-support-news-video__title\">\u00abY lo que ha hecho en el Bayer&#8230;\u00bb<\/p>\n<p>            <a href=\"https:\/\/www.lasexta.com\/noticias\/deportes\/futbol\/pedro-leon-duda-pregunta-pedrerol-xabi-alonso-triunfar-real-madrid_202511126914b8a14d14723b1ecec138.html\" class=\"L6-news__link\" rel=\"nofollow noopener\" target=\"_blank\"><br \/>\n                Pedro Le\u00f3n no duda ante la pregunta de Pedrerol: \u00abXabi Alonso va a triunfar en el Real Madrid\u00bb<\/p>\n<p class=\"recirculation-video-desc\">En &#8216;El Cafelito&#8217;, el exjugador del conjunto blanco explic\u00f3 que tiene confianza plena en el que fuera su compa\u00f1ero.<\/p>\n<p>            <\/a><\/p>\n","protected":false},"excerpt":{"rendered":"Novak Djokovic ha sido la gran ausencia de las Nitto ATP Finals despu\u00e9s de salir campe\u00f3n en el&hellip;\n","protected":false},"author":2,"featured_media":100440,"comment_status":"","ping_status":"","sticky":false,"template":"","format":"standard","meta":{"footnotes":""},"categories":[274],"tags":[168,25,24,23,167,327,326],"class_list":{"0":"post-236584","1":"post","2":"type-post","3":"status-publish","4":"format-standard","5":"has-post-thumbnail","7":"category-tenis","8":"tag-deportes","9":"tag-es","10":"tag-espana","11":"tag-spain","12":"tag-sports","13":"tag-tenis","14":"tag-tennis"},"share_on_mastodon":{"url":"https:\/\/pubeurope.com\/@es\/115551197149966108","error":""},"_links":{"self":[{"href":"https:\/\/www.europesays.com\/es\/wp-json\/wp\/v2\/posts\/236584","targetHints":{"allow":["GET"]}}],"collection":[{"href":"https:\/\/www.europesays.com\/es\/wp-json\/wp\/v2\/posts"}],"about":[{"href":"https:\/\/www.europesays.com\/es\/wp-json\/wp\/v2\/types\/post"}],"author":[{"embeddable":true,"href":"https:\/\/www.europesays.com\/es\/wp-json\/wp\/v2\/users\/2"}],"replies":[{"embeddable":true,"href":"https:\/\/www.europesays.com\/es\/wp-json\/wp\/v2\/comments?post=236584"}],"version-history":[{"count":0,"href":"https:\/\/www.europesays.com\/es\/wp-json\/wp\/v2\/posts\/236584\/revisions"}],"wp:featuredmedia":[{"embeddable":true,"href":"https:\/\/www.europesays.com\/es\/wp-json\/wp\/v2\/media\/100440"}],"wp:attachment":[{"href":"https:\/\/www.europesays.com\/es\/wp-json\/wp\/v2\/media?parent=236584"}],"wp:term":[{"taxonomy":"category","embeddable":true,"href":"https:\/\/www.europesays.com\/es\/wp-json\/wp\/v2\/categories?post=236584"},{"taxonomy":"post_tag","embeddable":true,"href":"https:\/\/www.europesays.com\/es\/wp-json\/wp\/v2\/tags?post=236584"}],"curies":[{"name":"wp","href":"https:\/\/api.w.org\/{rel}","templated":true}]}}