{"id":236601,"date":"2025-11-15T02:00:25","date_gmt":"2025-11-15T02:00:25","guid":{"rendered":"https:\/\/www.europesays.com\/es\/236601\/"},"modified":"2025-11-15T02:00:25","modified_gmt":"2025-11-15T02:00:25","slug":"pedro-sanchez-reserva-una-hora-para-rosalia-y-planea-festivales-musicales-para-cuando-deje-el-cargo","status":"publish","type":"post","link":"https:\/\/www.europesays.com\/es\/236601\/","title":{"rendered":"Pedro S\u00e1nchez reserva una hora para Rosal\u00eda y planea festivales musicales para cuando deje el cargo"},"content":{"rendered":"<p>Dejando aparcada su habitual vestimenta de traje y corbata, <a href=\"https:\/\/okdiario.com\/look\/actualidad\/que-haria-medico-estetico-pedro-sanchez-cambio-empieza-pomulo-2413954\" rel=\"nofollow noopener\" target=\"_blank\"><strong>Pedro S\u00e1nchez<\/strong><\/a> ha acudido al programa<strong> Generaci\u00f3n Ya <\/strong>de <strong>Radio 3<\/strong>, donde se ha pronunciado, como nunca antes lo hab\u00eda hecho, sobre sus gustos musicales. Durante la entrevista, tampoco ha tenido reparo en comentar la revoluci\u00f3n que se ha generado alrededor de Lux, el<strong> nuevo disco de <a href=\"https:\/\/okdiario.com\/look\/actualidad\/quien-rosalia-466450\" rel=\"nofollow noopener\" target=\"_blank\">Rosal\u00eda<\/a><\/strong>. Aunque lo cierto es que lo que realmente ha sorprendido a los oyentes ha sido su confesi\u00f3n sobre cu\u00e1ndo escuch\u00f3 el \u00e1lbum. Y es que, seg\u00fan sus propias palabras, hizo un hueco espec\u00edfico en su agenda para escuchar durante una hora sin interrupciones todas las canciones de la catalana. Unas declaraciones que han llevado a que m\u00e1s de uno se pregunte c\u00f3mo es posible que encuentre tiempo para este tipo de cosas mientras que tantas <strong>cuestiones sociales<\/strong> de nuestro pa\u00eds <strong>contin\u00faan esperando respuesta.<\/strong><\/p>\n<p>\u00abRealmente algunas veces hab\u00e9is comentado en los programas que ahora en los discos no escuchas todas las canciones. Escuchas una, dos o tres. Un poco lo que te d\u00e9 tiempo y en este tengo que deciros que <strong>me lo he escuchado del tir\u00f3n.<\/strong> De hecho, como hab\u00eda le\u00eddo que hab\u00eda que hacerlo as\u00ed, <strong>me reserv\u00e9 una hora para escucharlo\u00bb<\/strong>, comenzaba a decir, a\u00f1adiendo que le hab\u00eda parecido <strong>\u00abuna aut\u00e9ntica maravilla\u00bb<\/strong> el resultado y que lo hab\u00eda consumido v\u00eda streaming y no en la versi\u00f3n f\u00edsica, en la que se incluyen tres exclusivos temas: Focu ranni, Jeanne y Novia robot.<\/p>\n<blockquote class=\"twitter-tweet\">\n<p dir=\"ltr\" lang=\"es\">Pedro S\u00e1nchez visita <a href=\"https:\/\/twitter.com\/radio3_rne?ref_src=twsrc%5Etfw\" rel=\"nofollow noopener\" target=\"_blank\">@radio3_rne<\/a> y habla de \u2018LUX\u2019, el nuevo disco de Rosal\u00eda: \u00abMe ha parecido una maravilla. Me lo he escuchado del tir\u00f3n\u00bb.<a href=\"https:\/\/twitter.com\/hashtag\/Canal24Horas?src=hash&amp;ref_src=twsrc%5Etfw\" rel=\"nofollow noopener\" target=\"_blank\">#Canal24Horas<\/a><br \/>\u25b6\ufe0f <a href=\"https:\/\/t.co\/wIMPtOs0Wj\" rel=\"nofollow\">https:\/\/t.co\/wIMPtOs0Wj<\/a> <a href=\"https:\/\/t.co\/Mr4sJtDdym\" rel=\"nofollow\">pic.twitter.com\/Mr4sJtDdym<\/a><\/p>\n<p>\u2014 RTVE Noticias (@rtvenoticias) <a href=\"https:\/\/twitter.com\/rtvenoticias\/status\/1989008315137798164?ref_src=twsrc%5Etfw\" rel=\"nofollow noopener\" target=\"_blank\">November 13, 2025<\/a><\/p>\n<\/blockquote>\n<p>El plan de Pedro S\u00e1nchez para cuando deje sus responsabilidades<\/p>\n<p>Tras hablar del indudable \u00e9xito de Rosal\u00eda, el presidente del Gobierno tambi\u00e9n confes\u00f3 que la m\u00fasica le ayuda a desconectar y que prefiere eso a <strong>saturarse de informaci\u00f3n con tertulias pol\u00edticas.<\/strong> Unas palabras que han puesto de manifiesto el riesgo que existe de convertirse en un <strong>presidente desinformado y desconectado de la actualidad.<\/strong><\/p>\n<p>Por otro lado, el l\u00edder socialista tambi\u00e9n ha manifestado que cuando deje sus responsabilidades pol\u00edticas tiene intenci\u00f3n de volver a asistir a festivales de m\u00fasica, ya que es algo que a d\u00eda de hoy no puede hacer y que echa mucho de menos. \u00abLa pena es que ahora no puedo ir a muchos festivales de m\u00fasica. Lo echo de menos. <strong>Volver\u00e9 a retomar los festivales porque me parece que es otra forma de disfrutar la m\u00fasica\u00bb<\/strong>, apuntaba. Entrando m\u00e1s en detalle, a\u00f1ad\u00eda que ten\u00eda pendiente ir al<strong> Festival S\u00f3nar de Barcelona<\/strong>, el cual en su \u00faltima edici\u00f3n ha estado rodeado de pol\u00e9mica por ciertos rumores que se\u00f1alaban que estaba vinculado al <strong>fondo israel\u00ed KKR.<\/strong><\/p>\n<p>\n<img decoding=\"async\" loading=\"lazy\" class=\"size-medium wp-image-2426083\" alt=\"Pedro S\u00e1nchez, Rosal\u00eda, Radio 3\" width=\"620\" height=\"349\"  src=\"https:\/\/www.europesays.com\/es\/wp-content\/uploads\/2025\/10\/placeholder.jpg\"  bad-src=\"https:\/\/www.europesays.com\/es\/wp-content\/uploads\/2025\/10\/placeholder.jpg\"\/><\/p>\n<p><img decoding=\"async\" loading=\"lazy\" class=\"size-medium wp-image-2426083\" src=\"https:\/\/www.europesays.com\/es\/wp-content\/uploads\/2025\/11\/pedro-620x349.jpg\" alt=\"Pedro S\u00e1nchez, Rosal\u00eda, Radio 3\" width=\"620\" height=\"349\"  \/><\/p>\n<p> Pedro S\u00e1nchez en el programa \u2018Generaci\u00f3n Ya\u2019 de Radio 3. (Foto: RTVE)\n<\/p>\n<p>Entre sus cantantes favoritos ha revelado que se encuentran <strong>Destroyer<\/strong> o la banda<strong> Cala Vento.<\/strong> En cuanto a los conciertos que jam\u00e1s olvidar\u00e1, ha destacado el de <strong>Guns N\u2019 Roses<\/strong> en el Estadio Vicente Calder\u00f3n (el antiguo estadio de f\u00fatbol del Atl\u00e9tico de Madrid), al cual asisti\u00f3 cuando tan solo ten\u00eda 15 a\u00f1os.<\/p>\n<p>\t\t\t\t\t\t\t<script async src=\"https:\/\/platform.twitter.com\/widgets.js\" charset=\"utf-8\"><\/script><\/p>\n","protected":false},"excerpt":{"rendered":"Dejando aparcada su habitual vestimenta de traje y corbata, Pedro S\u00e1nchez ha acudido al programa Generaci\u00f3n Ya de&hellip;\n","protected":false},"author":2,"featured_media":236602,"comment_status":"","ping_status":"","sticky":false,"template":"","format":"standard","meta":{"footnotes":""},"categories":[91],"tags":[146,147,25,24,2959,23],"class_list":{"0":"post-236601","1":"post","2":"type-post","3":"status-publish","4":"format-standard","5":"has-post-thumbnail","7":"category-entretenimiento","8":"tag-entertainment","9":"tag-entretenimiento","10":"tag-es","11":"tag-espana","12":"tag-pedro-sanchez","13":"tag-spain"},"share_on_mastodon":{"url":"https:\/\/pubeurope.com\/@es\/115551248498844692","error":""},"_links":{"self":[{"href":"https:\/\/www.europesays.com\/es\/wp-json\/wp\/v2\/posts\/236601","targetHints":{"allow":["GET"]}}],"collection":[{"href":"https:\/\/www.europesays.com\/es\/wp-json\/wp\/v2\/posts"}],"about":[{"href":"https:\/\/www.europesays.com\/es\/wp-json\/wp\/v2\/types\/post"}],"author":[{"embeddable":true,"href":"https:\/\/www.europesays.com\/es\/wp-json\/wp\/v2\/users\/2"}],"replies":[{"embeddable":true,"href":"https:\/\/www.europesays.com\/es\/wp-json\/wp\/v2\/comments?post=236601"}],"version-history":[{"count":0,"href":"https:\/\/www.europesays.com\/es\/wp-json\/wp\/v2\/posts\/236601\/revisions"}],"wp:featuredmedia":[{"embeddable":true,"href":"https:\/\/www.europesays.com\/es\/wp-json\/wp\/v2\/media\/236602"}],"wp:attachment":[{"href":"https:\/\/www.europesays.com\/es\/wp-json\/wp\/v2\/media?parent=236601"}],"wp:term":[{"taxonomy":"category","embeddable":true,"href":"https:\/\/www.europesays.com\/es\/wp-json\/wp\/v2\/categories?post=236601"},{"taxonomy":"post_tag","embeddable":true,"href":"https:\/\/www.europesays.com\/es\/wp-json\/wp\/v2\/tags?post=236601"}],"curies":[{"name":"wp","href":"https:\/\/api.w.org\/{rel}","templated":true}]}}