{"id":236620,"date":"2025-11-15T02:19:13","date_gmt":"2025-11-15T02:19:13","guid":{"rendered":"https:\/\/www.europesays.com\/es\/236620\/"},"modified":"2025-11-15T02:19:13","modified_gmt":"2025-11-15T02:19:13","slug":"no-se-que-demonios-vieron-en-mi","status":"publish","type":"post","link":"https:\/\/www.europesays.com\/es\/236620\/","title":{"rendered":"No se qu\u00e9 demonios vieron en mi"},"content":{"rendered":"<p data-journey-content=\"true\" data-node-id=\"0\" class=\"body-dropcap css-1vn2egp emevuu60\">Un anuncio en el peri\u00f3dico cambi\u00f3 la vida de <strong data-node-id=\"0.1\">Victoria Beckham<\/strong>. Ella, que hasta ese momento era una <a href=\"https:\/\/www.harpersbazaar.com\/es\/famosas\/a64836316\/victoria-beckham-adolescencia-80-complejos-usaba-maquillaje-escudo\/\" target=\"_blank\" data-vars-ga-outbound-link=\"https:\/\/www.harpersbazaar.com\/es\/famosas\/a64836316\/victoria-beckham-adolescencia-80-complejos-usaba-maquillaje-escudo\/\" data-vars-ga-ux-element=\"Hyperlink\" data-vars-ga-call-to-action=\"joven t\u00edmida y algo taciturna\" data-node-id=\"0.3\" class=\"body-link css-156jt4g emevuu60\" rel=\"nofollow noopener\">joven t\u00edmida y algo taciturna<\/a> cuyo sue\u00f1o era triunfar en Broadway, vio un d\u00eda que buscaban chicas para formar una banda de m\u00fasica y decidi\u00f3 acudir al casting pese a que esto nunca hab\u00eda entrado en sus planes. <\/p>\n<p data-journey-content=\"true\" data-node-id=\"1\" class=\"css-6wxqfj emevuu60\">\u00abLlegu\u00e9 y hab\u00eda una larga cola de personas que llegaba bastante lejos del estudio donde era la audici\u00f3n. Hice fila, entr\u00e9 y cuando todos los dem\u00e1s estaban cantando a Madonna o a Whitney Houston yo llegu\u00e9 y cant\u00e9 Mein Herr de Cabaret\u00bb, cont\u00f3 la dise\u00f1adora a su paso por el podcast <a href=\"https:\/\/www.youtube.com\/watch?v=uv8MeH_e1lw\" target=\"_blank\" rel=\"nofollow noopener\" data-vars-ga-outbound-link=\"https:\/\/www.youtube.com\/watch?v=uv8MeH_e1lw\" data-vars-ga-ux-element=\"Hyperlink\" data-vars-ga-call-to-action=\"Call Her Daddy\" data-node-id=\"1.1.0\" class=\"body-link css-156jt4g emevuu60\">Call Her Daddy<\/a>, donde record\u00f3 lo largo que fue el proceso hasta convertirse en una Spice Girl. \u00ab<strong data-node-id=\"1.3\">No se qu\u00e9 demonios vieron en mi. Veo el video ahora y sigo pensando, &#8216;\u00bfqu\u00e9 es lo que vieron&#8217;?<\/strong>\u00ab, confes\u00f3 la brit\u00e1nica, quien para esa aparici\u00f3n se visti\u00f3 con unos leggings negros y un crop top.<\/p>\n<p><img draggable=\"true\" alt=\"national television awards\" title=\"National Television Awards\" loading=\"lazy\" width=\"5550\" height=\"3669\" decoding=\"async\" data-nimg=\"1\" style=\"color:transparent;width:100%;height:auto;\"   src=\"https:\/\/www.europesays.com\/es\/wp-content\/uploads\/2025\/11\/the-spice-girls-attend-the-national-television-awards-royal-news-photo-1763109713.pjpeg\" class=\"css-0 e1g79fud0\"\/><\/p>\n<p>Dave Benett\/\/Getty Images<\/p>\n<p data-journey-content=\"true\" data-node-id=\"3\" class=\"css-6wxqfj emevuu60\">Una vez superada la primera prueba de la audici\u00f3n, Victoria Beckham tuvo que seguir pasando rondas en diferentes d\u00edas hasta llegar a ser a la meta, en la cual se encontr\u00f3 con las otras cuatro elegidas que ser\u00edan sus compa\u00f1eras en el grupo. \u00ab<strong data-node-id=\"3.1\">N<\/strong><strong data-node-id=\"3.2\">o nos conoc\u00edamos y nos llevaron a todas a una casa en Maidenhead a vivir juntas<\/strong> (&#8230;). \u00abHonestamente, lo pasamos genial. Realmente lo disfrutamos mucho\u00bb, relat\u00f3 la Posh Spice sobre aquella etapa, en la que asegura el buen rollo entre ellas era real. <\/p>\n<p data-journey-content=\"true\" data-node-id=\"5\" class=\"css-6wxqfj emevuu60\">\u00ab\u00c9ramos todas cercanas entre nosotras. <a href=\"https:\/\/www.harpersbazaar.com\/es\/famosas\/el-estilo-de\/a40728292\/spice-girls-documental-reunion-victoria-beckham\/\" target=\"_blank\" data-vars-ga-outbound-link=\"https:\/\/www.harpersbazaar.com\/es\/famosas\/el-estilo-de\/a40728292\/spice-girls-documental-reunion-victoria-beckham\/\" data-vars-ga-ux-element=\"Hyperlink\" data-vars-ga-call-to-action=\"Cada una era muy diferente\" data-node-id=\"5.1\" class=\"body-link css-156jt4g emevuu60\" rel=\"nofollow noopener\">Cada una era muy diferente<\/a>. Hay que recordar que <strong data-node-id=\"5.3\">\u00e9ramos cinco inadaptadas a las que se nos hab\u00eda dicho que no<\/strong>. A todas se nos hab\u00eda dicho que no \u00e9ramos lo suficientemente buenas. Ven\u00edamos de or\u00edgenes muy diferentes pero funcion\u00e1bamos juntas. Sab\u00edamos que individualmente no \u00e9ramos tan geniales, pero juntas \u00e9ramos algo. Creo que eso es lo que fue tan m\u00e1gico\u00bb, reflexion\u00f3 Victoria Beckham sobre la que se convertir\u00eda en la girlband m\u00e1s popular de la historia. \u00abSo\u00f1\u00e9 con ser esa chica popular de la noche a la ma\u00f1ana lo fui y lo estaba haciendo con mis cuatro mejores amigas. Me emociono cuando pienso en ello\u00bb, a\u00f1adi\u00f3. <\/p>\n<p><img draggable=\"true\" alt=\"spice girls documental\" title=\"El documental sobre las Spice Girls\" loading=\"lazy\" width=\"1024\" height=\"667\" decoding=\"async\" data-nimg=\"1\" style=\"color:transparent;width:100%;height:auto;\"   src=\"https:\/\/www.europesays.com\/es\/wp-content\/uploads\/2025\/11\/spice-girls-documental-victoria-beckham-1658918713.jpg\" class=\"css-0 e1g79fud0\"\/><\/p>\n<p>Neil Munns &#8211; PA Images\/\/Getty Images<\/p>\n<p data-journey-content=\"true\" data-node-id=\"7\" class=\"css-6wxqfj emevuu60\">Aunque aquella etapa como Spice Girl fue clave en su vida porque fue la que le puso en el mapa y asegura que se siente muy \u00aborgullosa\u00bb de ella, Victoria Beckham lamenta que sea una sombra que le ha perseguido siempre en los siguientes pasos que ha dado en <a href=\"https:\/\/www.harpersbazaar.com\/es\/famosas\/el-estilo-de\/a69412276\/victoria-beckham-pantalones-vaqueros-ajustados-skinny-2010-moda-tendencias\/\" target=\"_blank\" data-vars-ga-outbound-link=\"https:\/\/www.harpersbazaar.com\/es\/famosas\/el-estilo-de\/a69412276\/victoria-beckham-pantalones-vaqueros-ajustados-skinny-2010-moda-tendencias\/\" data-vars-ga-ux-element=\"Hyperlink\" data-vars-ga-call-to-action=\"su carrera\" data-node-id=\"7.1\" class=\"body-link css-156jt4g emevuu60\" rel=\"nofollow noopener\">su carrera<\/a>. \u00abLlevo en la moda desde hace casi 20 a\u00f1os y estuve en las Spice Girls durante 4 a\u00f1os. Sin embargo, <strong data-node-id=\"7.3\">he estado definida por ese per\u00edodo de cuatro a\u00f1os y luchando contra los prejuicios durante 20 a\u00f1os<\/strong> pese a que amo lo que hago en la moda y me lo tomo muy muy en serio\u00bb, reflexion\u00f3 la dise\u00f1adora. <\/p>\n<p><img src=\"https:\/\/www.europesays.com\/es\/wp-content\/uploads\/2025\/11\/1763173153_487_53a7249f-9505-424c-9774-f2871b005ad4_1740746093.file\" alt=\"Headshot of Mar\u00eda Aguirre\" title=\"Headshot of Mar\u00eda Aguirre\" width=\"100%\" height=\"100%\" decoding=\"async\" loading=\"lazy\" class=\"css-o0wq4v ev8dhu53\"\/><\/p>\n<p>Licenciada en Periodismo en la Universidad Complutense de Madrid, cuenta con m\u00e1s de quince a\u00f1os de experiencia en revistas de moda y medios de comunicaci\u00f3n digitales despu\u00e9s de haber trabajado como colaboradora en diversas cabeceras como Woman, Mujerhoy, Instyle, Vanitatis o Gentleman. Se considera fiel defensora del slow life y, cuando apaga el ordenador, nada le gusta m\u00e1s que un concierto, un libro o una obra de teatro. \u00a0\u00a0<\/p>\n","protected":false},"excerpt":{"rendered":"Un anuncio en el peri\u00f3dico cambi\u00f3 la vida de Victoria Beckham. Ella, que hasta ese momento era una&hellip;\n","protected":false},"author":2,"featured_media":236621,"comment_status":"","ping_status":"","sticky":false,"template":"","format":"standard","meta":{"footnotes":""},"categories":[170],"tags":[253,146,147,25,24,184,185,23],"class_list":{"0":"post-236620","1":"post","2":"type-post","3":"status-publish","4":"format-standard","5":"has-post-thumbnail","7":"category-musica","8":"tag-discover","9":"tag-entertainment","10":"tag-entretenimiento","11":"tag-es","12":"tag-espana","13":"tag-music","14":"tag-musica","15":"tag-spain"},"share_on_mastodon":{"url":"https:\/\/pubeurope.com\/@es\/115551323403908847","error":""},"_links":{"self":[{"href":"https:\/\/www.europesays.com\/es\/wp-json\/wp\/v2\/posts\/236620","targetHints":{"allow":["GET"]}}],"collection":[{"href":"https:\/\/www.europesays.com\/es\/wp-json\/wp\/v2\/posts"}],"about":[{"href":"https:\/\/www.europesays.com\/es\/wp-json\/wp\/v2\/types\/post"}],"author":[{"embeddable":true,"href":"https:\/\/www.europesays.com\/es\/wp-json\/wp\/v2\/users\/2"}],"replies":[{"embeddable":true,"href":"https:\/\/www.europesays.com\/es\/wp-json\/wp\/v2\/comments?post=236620"}],"version-history":[{"count":0,"href":"https:\/\/www.europesays.com\/es\/wp-json\/wp\/v2\/posts\/236620\/revisions"}],"wp:featuredmedia":[{"embeddable":true,"href":"https:\/\/www.europesays.com\/es\/wp-json\/wp\/v2\/media\/236621"}],"wp:attachment":[{"href":"https:\/\/www.europesays.com\/es\/wp-json\/wp\/v2\/media?parent=236620"}],"wp:term":[{"taxonomy":"category","embeddable":true,"href":"https:\/\/www.europesays.com\/es\/wp-json\/wp\/v2\/categories?post=236620"},{"taxonomy":"post_tag","embeddable":true,"href":"https:\/\/www.europesays.com\/es\/wp-json\/wp\/v2\/tags?post=236620"}],"curies":[{"name":"wp","href":"https:\/\/api.w.org\/{rel}","templated":true}]}}