{"id":236628,"date":"2025-11-15T02:23:18","date_gmt":"2025-11-15T02:23:18","guid":{"rendered":"https:\/\/www.europesays.com\/es\/236628\/"},"modified":"2025-11-15T02:23:18","modified_gmt":"2025-11-15T02:23:18","slug":"theodor-kallifatides-escritor-me-cuesta-entender-que-despues-de-la-segunda-guerra-mundial-vuelva-a-haber-fanaticos-cultura","status":"publish","type":"post","link":"https:\/\/www.europesays.com\/es\/236628\/","title":{"rendered":"Theodor Kallifatides, escritor: \u201cMe cuesta entender que despu\u00e9s de la Segunda Guerra Mundial vuelva a haber fan\u00e1ticos\u201d | Cultura"},"content":{"rendered":"<p class=\"\"><a href=\"https:\/\/elpais.com\/espana\/comunidad-valenciana\/2025-05-09\/theodor-kallifatides-escritor-el-mundo-puede-acabar-en-una-guerra-mundial-como-la-que-vivi-de-nino-en-grecia.html\" target=\"_blank\" rel=\"noreferrer nofollow noopener\" title=\"https:\/\/elpais.com\/espana\/comunidad-valenciana\/2025-05-09\/theodor-kallifatides-escritor-el-mundo-puede-acabar-en-una-guerra-mundial-como-la-que-vivi-de-nino-en-grecia.html\">Theodor Kallifatides<\/a> (Molaoi, Grecia, 87 a\u00f1os) es hijo de la tristeza griega, aquel pa\u00eds desolado que conoci\u00f3 de ni\u00f1o, cuando a los cinco a\u00f1os presenci\u00f3 la ejecuci\u00f3n de un hombre a manos de los nazis que arrasaron su pa\u00eds y su infancia. <\/p>\n<p class=\"\"><a href=\"https:\/\/elpais.com\/opinion\/2021-01-29\/otra-vida-por-vivir.html\" target=\"_blank\" rel=\"noreferrer nofollow noopener\" title=\"https:\/\/elpais.com\/opinion\/2021-01-29\/otra-vida-por-vivir.html\">Otra vida por vivir<\/a> fue su primer libro publicado en Espa\u00f1a (por Galaxia Gutenberg, que ha venido editando toda su obra). El libro que presenta en Madrid, en el marco del <a href=\"https:\/\/elpais.com\/noticias\/festival-ene\/\" target=\"_blank\" rel=\"noreferrer nofollow noopener\" title=\"https:\/\/elpais.com\/noticias\/festival-ene\/\">Festival E\u00f1e<\/a> con la escritora portuguesa <a href=\"https:\/\/elpais.com\/eps\/2024-10-12\/lidia-jorge-escritora-hoy-estan-creadas-las-condiciones-finales-para-las-dictaduras-universales.html\" target=\"_blank\" rel=\"noreferrer nofollow noopener\" title=\"https:\/\/elpais.com\/eps\/2024-10-12\/lidia-jorge-escritora-hoy-estan-creadas-las-condiciones-finales-para-las-dictaduras-universales.html\">L\u00eddia Jorge<\/a>, es <a href=\"https:\/\/www.galaxiagutenberg.com\/producto\/una-mujer-a-quien-amar\/\" target=\"_self\" rel=\"nofollow noopener\" title=\"https:\/\/www.galaxiagutenberg.com\/producto\/una-mujer-a-quien-amar\/\">Una mujer a quien amar<\/a>, en la estela de aquel regreso suyo al griego de su vida.<\/p>\n<p>M\u00e1s informaci\u00f3n<\/p>\n<p class=\"\">Vive en Suecia desde que a los 25 a\u00f1os se fue lejos de aquel recuerdo que marc\u00f3 su vida: el dolor que mand\u00f3 a tantos al exilio, que marc\u00f3 su vida desde la infancia y que durante a\u00f1os le ved\u00f3 la escritura en su propia lengua. Otra vida por vivir (2019) lo recuper\u00f3 para su idioma.<\/p>\n<p class=\"\">En un tiempo el f\u00fatbol fue su pasi\u00f3n juvenil, y as\u00ed la rememora. \u201cLa primera vez que vi a alguien jugar al f\u00fatbol yo deb\u00eda de tener seis o siete a\u00f1os y los alemanes hab\u00edan invadido Grecia\u201d. <a href=\"https:\/\/elpais.com\/internacional\/2015\/04\/07\/actualidad\/1428400924_433682.html\" target=\"_blank\" rel=\"noreferrer nofollow noopener\" title=\"https:\/\/elpais.com\/internacional\/2015\/04\/07\/actualidad\/1428400924_433682.html\">La guerra mundial lleg\u00f3 a su casa<\/a>, a Grecia, al mundo, cuando \u00e9l era un muchacho que a los cinco a\u00f1os ya vio en la calle un asesinato organizado por el ej\u00e9rcito alem\u00e1n que arras\u00f3 su pa\u00eds y ennegreci\u00f3 el mundo al que \u00e9l se asomaba.<\/p>\n<p class=\"\">\u201cA veces los alemanes jugaban al f\u00fatbol, incluso contra la gente del pueblo. Yo no jugaba, era peque\u00f1o. Pero s\u00ed empec\u00e9 a jugar cuando nos trasladamos a Atenas, con los chicos del barrio, con un bal\u00f3n hecho con trapos. Descubr\u00ed que soy zurdo, lo que me dio un puesto en el equipo local. Luego prob\u00e9 suerte con los juveniles del <a href=\"https:\/\/elpais.com\/noticias\/panathinaikos-fc\/\" target=\"_self\" rel=\"nofollow noopener\" title=\"https:\/\/elpais.com\/noticias\/panathinaikos-fc\/\">Panathinaikos<\/a>. Estuve jugando all\u00ed hasta los dieciocho a\u00f1os. Se impusieron los estudios, y los dos a\u00f1os y medio de servicio militar\u201d.<\/p>\n<p class=\"\">En esa \u00e9poca era muy consciente de lo que pasaba en su pa\u00eds. \u201cPobreza, persecuci\u00f3n, miedo y angustia. Las madres, los padres, siempre viv\u00edan angustiados por el ni\u00f1o: \u2018d\u00f3nde estar\u00e1 el ni\u00f1o, qu\u00e9 le habr\u00e1 pasado\u2019\u2026 Despu\u00e9s de la ocupaci\u00f3n alemana vino la guerra civil, la m\u00e1s cruel de todas las guerras\u201d. En las paredes de su escuela hab\u00eda huellas de balas. \u201cVe\u00edas <a href=\"https:\/\/elpais.com\/opinion\/2025-10-05\/hacia-el-final-del-genocidio-si-genocidio.html\" target=\"_self\" rel=\"nofollow noopener\" title=\"https:\/\/elpais.com\/opinion\/2025-10-05\/hacia-el-final-del-genocidio-si-genocidio.html\">las consecuencias de la guerra<\/a>, los heridos, gente sin piernas, sin brazos, sin ojos, la guerra. Se convert\u00edan en mendigos. No hab\u00eda trabajo. Esta gente no pod\u00eda permitirse la risa. No era posible para ellos ser felices ni un segundo\u201d.<\/p>\n<p><img decoding=\"auto\" class=\"_re lazyload a_m-h\" height=\"233\"  width=\"414\"  src=\"https:\/\/www.europesays.com\/es\/wp-content\/uploads\/2025\/11\/YTNHVFRAKNDLTAAQBOCXCFBU54.jpg\" loading=\"lazy\"\/>El escritor griego Theodor Kallifatides por la presentaci\u00f3n de su libro &#8216;El Asedio de Troya&#8217; en Madrid en febrero de 2020.V\u00cdCTOR SAINZ<\/p>\n<p class=\"\">Es paisaje de su memoria. \u201cLo primero que escrib\u00ed fue despu\u00e9s de ver <a href=\"https:\/\/elpais.com\/espana\/comunidad-valenciana\/2025-05-09\/theodor-kallifatides-escritor-el-mundo-puede-acabar-en-una-guerra-mundial-como-la-que-vivi-de-nino-en-grecia.html\" target=\"_self\" rel=\"nofollow noopener\" title=\"https:\/\/elpais.com\/espana\/comunidad-valenciana\/2025-05-09\/theodor-kallifatides-escritor-el-mundo-puede-acabar-en-una-guerra-mundial-como-la-que-vivi-de-nino-en-grecia.html\">la ejecuci\u00f3n de aquel hombre a manos de los alemanes<\/a>. Era un hombre inocente, el tonto del pueblo. Lo ejecutaron y obligaron a todo el pueblo a contemplar esa maldad que marc\u00f3 mi vida para siempre. Mi madre y yo est\u00e1bamos en casa, yo ten\u00eda cinco a\u00f1os, mi padre estaba en la c\u00e1rcel. No sab\u00edamos d\u00f3nde estaban mis dos hermanos mayores. As\u00ed que mi madre tuvo que llevarme a la ejecuci\u00f3n y la vimos juntos. Ese hombre, al caer\u2026 sus ojos se encontraron con los m\u00edos. Algo pas\u00f3 cuando llegu\u00e9 a casa esa tarde. No sal\u00ed a jugar. Escrib\u00ed algo. Nunca lo he vuelto a leer. Lo guard\u00e9. Cuando mi padre sali\u00f3 de la c\u00e1rcel unos meses despu\u00e9s, se lo di. \u00c9l no dijo nada, me toc\u00f3 la cabeza y se lo meti\u00f3 en el bolsillo. Y lo llev\u00f3 siempre encima\u201d.<\/p>\n<p class=\"\">\u2015\u00bfNunca le dijo lo que usted mismo hab\u00eda escrito en ese papel?<\/p>\n<p class=\"\">\u2015Creo que no pudo. Estaba tan conmovido que no fue capaz de abrir la boca. Esa es mi explicaci\u00f3n. Pasado el tiempo, aquello dej\u00f3 de tener importancia.<\/p>\n<p class=\"\">Kallifatides cuenta que su padre siempre le apoy\u00f3. Esto le dio al joven Kallifatides una peculiar certeza: \u201cYo no soy escritor porque lo fuera mi padre, ni porque pertenezca a una clase privilegiada\u2026 no. <a href=\"https:\/\/elpais.com\/cultura\/2019\/06\/30\/actualidad\/1561905147_288950.html\" target=\"_self\" rel=\"nofollow noopener\" title=\"https:\/\/elpais.com\/cultura\/2019\/06\/30\/actualidad\/1561905147_288950.html\">Soy escritor porque no pod\u00eda ser otra cosa<\/a>. Esto se ha mantenido toda mi vida, aunque haya hecho otras cosas: dar clase en colegios, en universidades, dirigir revistas, aunque no pudiera dedicarme solo a escribir y abandonar todo lo dem\u00e1s hasta los sesenta a\u00f1os. Y tener el apoyo de mi padre y de mi madre ha sido de gran valor para m\u00ed. Tener una buena rese\u00f1a est\u00e1 bien, pero que a tu madre le guste tu libro\u2026\u201d.<\/p>\n<blockquote class=\"a_q\"\/>\n<p class=\"\">En Otra vida por vivir, Kallifatides se convirti\u00f3 en un escritor griego. Una mujer a quien amar lo lleva a regresar a su pa\u00eds\u2026 y a Estocolmo. \u201cSon hijos de la misma emoci\u00f3n. Este \u00faltimo es sobre el amor, no el de una relaci\u00f3n er\u00f3tica, sino amorosa, de amor por otro ser humano. Como el que se tiene por una madre. Es un paso enorme en nuestro desarrollo llegar al punto en el que comprendes las cualidades de otro ser humano. Porque las cualidades de una madre las conoces desde que naces. Nunca est\u00e1n fr\u00edas las manos de una madre\u201d.<\/p>\n<p class=\"\">En Otra vida por vivir el escritor volvi\u00f3 a su lengua materna. No hab\u00eda roto con el idioma solo por el exilio, sino por <a href=\"https:\/\/elpais.com\/espana\/comunidad-valenciana\/2025-05-09\/theodor-kallifatides-escritor-el-mundo-puede-acabar-en-una-guerra-mundial-como-la-que-vivi-de-nino-en-grecia.html\" target=\"_self\" rel=\"nofollow noopener\" title=\"https:\/\/elpais.com\/espana\/comunidad-valenciana\/2025-05-09\/theodor-kallifatides-escritor-el-mundo-puede-acabar-en-una-guerra-mundial-como-la-que-vivi-de-nino-en-grecia.html\">la sensaci\u00f3n de que su lengua se usaba para contar mentiras<\/a>, para acusar a su padre de comunista, para condenar a muerte a su hermano por negarse a violar a unas prisioneras de guerra\u2026 \u201cDecid\u00ed que si alg\u00fan d\u00eda escrib\u00eda lo har\u00eda solo para contar la verdad. Es lo que intento como escritor, no reordenar la realidad. \u00bfCu\u00e1l es la verdad sobre estos a\u00f1os, sobre la ocupaci\u00f3n alemana, sobre el amor? El lenguaje es la parte principal de nuestro pensamiento. Como decimos en griego: \u2018Hay que llamar higo al higo\u2019. Cuando vine a Suecia y cambi\u00e9 de idioma fue por eso: por no estar seguro de poder escribir la verdad en el idioma griego\u201d. <\/p>\n<p class=\"\">Kallifatides ha escrito m\u00e1s de veinte libros en sueco. Esos libros le cambiaron mucho, pero no sabe exactamente c\u00f3mo. \u201cHe seguido siendo el hijo de un maestro, el hijo de mi madre. Eso soy y eso no ha cambiado. Esa certeza fue lo que me permiti\u00f3 adaptarme r\u00e1pido al nuevo idioma. Es un lenguaje que am\u00e9 desde el principio, primero solo por el sonido. Luego como una forma de pensar. En sueco, por ejemplo, si algo no te gusta, puedes no criticarlo, sino decir: \u2018de eso no digo nada, as\u00ed que no he dicho nada\u2019. Eso en griego no funciona. \u00a1Solo funciona en sueco! Adem\u00e1s, viv\u00eda en Suecia, mi mujer era sueca, mis hijos eran ni\u00f1os suecos, yo trabajaba con personas suecas en la universidad o en las rese\u00f1as literarias\u2026 El sueco se apoder\u00f3 de m\u00ed\u201c, explica. \u201dY yo ve\u00eda la escritura como un tipo de trabajo en el que, adem\u00e1s, estaba teniendo mucho \u00e9xito: dinero, buenas cr\u00edticas, me publicaban en toda Europa\u2026 No tuve razones para volver al griego hasta m\u00e1s tarde en mi vida, cuando me reencontr\u00e9 con la belleza y la riqueza del griego. Aunque eso tiene algo problem\u00e1tico: siempre sientes que el lenguaje es m\u00e1s grande que t\u00fa. \u00a1Y esa no es una buena sensaci\u00f3n para un escritor! Pero ya conoces la expresi\u00f3n hic Rhodus, hic saltus: esto es Rodas, aqu\u00ed es donde saltas. Yo tuve que demostrar que pod\u00eda saltar en sueco\u201d.<\/p>\n<blockquote class=\"a_q\">\n<p>Decid\u00ed que si alg\u00fan d\u00eda escrib\u00eda lo har\u00eda solo para contar la verdad. Es lo que intento como escritor, no reordenar la realidad.<\/p>\n<\/blockquote>\n<p class=\"\">Kallifatides tiene 87 a\u00f1os y su \u00faltimo libro, Una mujer a quien amar, es sobre el amor (\u201cuna especie de armon\u00eda callada\u201d) y tambi\u00e9n la muerte de la persona amada: \u201cHay que tomar decisiones. Tomar la decisi\u00f3n de no ser amantes. <a href=\"https:\/\/elpais.com\/cultura\/2020\/02\/25\/actualidad\/1582644682_977990.html\" target=\"_self\" rel=\"nofollow noopener\" title=\"https:\/\/elpais.com\/cultura\/2020\/02\/25\/actualidad\/1582644682_977990.html\">Amarse pero no ser amantes<\/a>. Yo puedo vivir con eso. Ni siquiera creo que tener una \u2018historia de amor\u2019 sea lo mejor que pueda pasar. Se convirti\u00f3 y as\u00ed lo escrib\u00ed, en una fuerte afinidad entre dos personas que se amaban, se respetaban y se apoyaban sin tener una relaci\u00f3n sexual. No es tan dif\u00edcil\u201d.<\/p>\n<p class=\"\">El mundo le abruma, est\u00e1 roto. Su esperanza civil se rompe y se muestra desesperanzado y perplejo. \u201cMe cuesta entender\u201d, dice, \u201cque despu\u00e9s de la Segunda Guerra Mundial vuelva a haber fan\u00e1ticos, gente dispuesta a ir a la guerra, fabricando armamento para que suceda lo de <a href=\"https:\/\/elpais.com\/noticias\/anton-chejov\/\" target=\"_self\" rel=\"nofollow noopener\" title=\"https:\/\/elpais.com\/noticias\/anton-chejov\/\">la obra de Ch\u00e9jov<\/a>: si aparece una pistola en el escenario, alguien pronto acabar\u00e1 por dispararla. S\u00ed, son tiempos de tristeza\u201d.<\/p>\n","protected":false},"excerpt":{"rendered":"Theodor Kallifatides (Molaoi, Grecia, 87 a\u00f1os) es hijo de la tristeza griega, aquel pa\u00eds desolado que conoci\u00f3 de&hellip;\n","protected":false},"author":2,"featured_media":236629,"comment_status":"","ping_status":"","sticky":false,"template":"","format":"standard","meta":{"footnotes":""},"categories":[91],"tags":[209,146,147,25,1598,24,2876,2023,69,225,671,4196,11343,23,7218,6423],"class_list":{"0":"post-236628","1":"post","2":"type-post","3":"status-publish","4":"format-standard","5":"has-post-thumbnail","7":"category-entretenimiento","8":"tag-cultura","9":"tag-entertainment","10":"tag-entretenimiento","11":"tag-es","12":"tag-escritores","13":"tag-espana","14":"tag-exilio","15":"tag-grecia","16":"tag-guerra","17":"tag-libros","18":"tag-literatura","19":"tag-nazismo","20":"tag-segunda-guerra-mundial","21":"tag-spain","22":"tag-suecia","23":"tag-theodor-kallifatides"},"share_on_mastodon":{"url":"https:\/\/pubeurope.com\/@es\/115551338969365320","error":""},"_links":{"self":[{"href":"https:\/\/www.europesays.com\/es\/wp-json\/wp\/v2\/posts\/236628","targetHints":{"allow":["GET"]}}],"collection":[{"href":"https:\/\/www.europesays.com\/es\/wp-json\/wp\/v2\/posts"}],"about":[{"href":"https:\/\/www.europesays.com\/es\/wp-json\/wp\/v2\/types\/post"}],"author":[{"embeddable":true,"href":"https:\/\/www.europesays.com\/es\/wp-json\/wp\/v2\/users\/2"}],"replies":[{"embeddable":true,"href":"https:\/\/www.europesays.com\/es\/wp-json\/wp\/v2\/comments?post=236628"}],"version-history":[{"count":0,"href":"https:\/\/www.europesays.com\/es\/wp-json\/wp\/v2\/posts\/236628\/revisions"}],"wp:featuredmedia":[{"embeddable":true,"href":"https:\/\/www.europesays.com\/es\/wp-json\/wp\/v2\/media\/236629"}],"wp:attachment":[{"href":"https:\/\/www.europesays.com\/es\/wp-json\/wp\/v2\/media?parent=236628"}],"wp:term":[{"taxonomy":"category","embeddable":true,"href":"https:\/\/www.europesays.com\/es\/wp-json\/wp\/v2\/categories?post=236628"},{"taxonomy":"post_tag","embeddable":true,"href":"https:\/\/www.europesays.com\/es\/wp-json\/wp\/v2\/tags?post=236628"}],"curies":[{"name":"wp","href":"https:\/\/api.w.org\/{rel}","templated":true}]}}