{"id":236634,"date":"2025-11-15T02:27:13","date_gmt":"2025-11-15T02:27:13","guid":{"rendered":"https:\/\/www.europesays.com\/es\/236634\/"},"modified":"2025-11-15T02:27:13","modified_gmt":"2025-11-15T02:27:13","slug":"manueco-anima-a-caminar-por-la-senda-de-la-excelencia-para-alcanzar-la-elite-turistica-mundial","status":"publish","type":"post","link":"https:\/\/www.europesays.com\/es\/236634\/","title":{"rendered":"Ma\u00f1ueco anima a caminar \u00abpor la senda de la excelencia\u00bb para alcanzar \u00abla \u00e9lite tur\u00edstica mundial\u00bb"},"content":{"rendered":"<p style=\"\">\u00abReunimos todas las fortalezas para consolidar nuestro liderazgo como uno de los destinos tur\u00edsticos m\u00e1s atractivos\u00bb. Con esta premisa, el presidente de la Junta, Alfonso Fern\u00e1ndez Ma\u00f1ueco, anim\u00f3 este viernes al sector a seguir trabajando \u00abde la mano\u00bb con la Junta para avanzar \u00abpor  &#8230; la senda de la excelencia\u00bb y conseguir as\u00ed alcanzar la \u00ab\u00e9lite tur\u00edstica mundial\u00bb. Fue uno de los mensajes del dirigente regional en la segunda jornada de AR-PA <a href=\"https:\/\/www.abc.es\/espana\/castilla-leon\/ia-medulas-centran-arpa-intur-gana-participacion-20251021084753-nt.html\" target=\"_self\" data-voc-vtm-id=\"in-text-traffic\" title=\"Turismo Cultural y la Feria Internacional del Turismo de Interior (Intur),\" rel=\"nofollow noopener\">Turismo Cultural y la Feria Internacional del Turismo de Interior (Intur),<\/a> la doble cita que se abri\u00f3 ayer al p\u00fablico general en la Feria de Valladolid.<\/p>\n<p class=\"voc-p\" style=\"\">Comenz\u00f3 su intervenci\u00f3n agradeciendo el \u00abesfuerzo\u00bb de agentes de viaje, hosteleros, touroperadores y dem\u00e1s profesionales vinculados al turismo porque gracias a ese trabajo diario \u00abestamos apuntalando el merecido \u00e9xito\u00bb. \u00ab<strong>Conform\u00e1is un sector muy potente y muy especializado<\/strong> que apuesta por la innovaci\u00f3n, la calidad y la excelencia\u00bb, sostuvo, antes de subrayar que la Comunidad dispone de \u00abestablecimientos de primer orden, una oferta hostelera, gastron\u00f3mica y enol\u00f3gica de primer nivel y unos alojamientos que son marchamo de excelencia y calidad\u00bb. Una suma que, a\u00f1adi\u00f3, nos ha permitido alcanzar r\u00e9cord de ocupaci\u00f3n con much\u00edsimos viajeros extranjeros\u00bb.<\/p>\n<p class=\"voc-p\" style=\"\">Se refiri\u00f3 tambi\u00e9n a otro <strong>r\u00e9cord \u00ababsoluto\u00bb alcanzado el pasado agosto: el n\u00famero de empleados<\/strong> en el sector. Fueron 82.000, por lo que de nuevo agradeci\u00f3 al gremio su \u00abcontribuci\u00f3n activa a crear m\u00e1s o mejor empleo\u00bb.<\/p>\n<p class=\"voc-p\" style=\"\">Justific\u00f3 tambi\u00e9n porque, por segundo a\u00f1o consecutivo, dos ferias tan importantes en la Comunidad como Intur y AR-PA se celebran de forma simult\u00e1nea: \u00abIntentamos sumar recursos y sinergias para posicionar Castilla y Le\u00f3n como un referente tur\u00edstico y cultural de primer orden\u00bb y de paso aumentar una \u00abproyecci\u00f3n internacional\u00bb que ha crecido con el tiempo, como demuestra que \u00aben los \u00faltimos meses se haya incrementado un 10 por ciento el n\u00famero de visitantes extranjeros\u00bb.<\/p>\n<p class=\"voc-p\" style=\"\">\u00abQueremos seguir creciendo y consolidando nuestra oferta\u00bb, dijo desde el escenario que la Junta ha instalado en Intur, flanqueado por los expositores destinados a las<strong> Posadas Reales y Rutas del Vino,<\/strong> dos atractivos \u00abesenciales y caracter\u00edsticos\u00bb, a los que Ma\u00f1ueco sum\u00f3 \u00ablos bienes patrimonio mundial, unos espacios naturales sin igual\u00bb, as\u00ed como los 150 eventos locales con el marchamo de inter\u00e9s tur\u00edstico regional -a los que ayer se sumaron otros diez-. Por ello, recalc\u00f3 en alusi\u00f3n a la actual campa\u00f1a, \u00abCastilla y Le\u00f3n es un viaje que merece la pena, ahora m\u00e1s que nunca\u00bb.<\/p>\n<p class=\"voc-p\" style=\"\">En la Feria, a\u00f1adi\u00f3, \u00ablos visitantes encontrar\u00e1n un escenario amplio, moderno e innovador\u00bb, que servir\u00e1 de escaparate a \u00abla gran oferta\u00bb de Castilla y Le\u00f3n y donde la realidad virtual tendr\u00e1 un peso especial. Tambi\u00e9n el enclave de Las M\u00e9dulas, el enclave Patrimonio de la Humanidad afectado por los graves incendios de este verano.<\/p>\n<p><img decoding=\"async\" loading=\"lazy\" src=\"https:\/\/www.europesays.com\/es\/wp-content\/uploads\/2025\/11\/intur-medulas.jpg\" class=\"voc-img\" width=\"624\" height=\"385\" alt=\"Ma\u00f1ueco, durante su visita al expositor de la Fundaci\u00f3n Las M\u00e9dulas, en AR-PA\" data-voc-vtm-id=\"in-text-traffic\"\/><\/p>\n<p>Ma\u00f1ueco, durante su visita al expositor de la Fundaci\u00f3n Las M\u00e9dulas, en AR-PA<\/p>\n<p>EFE<\/p>\n<p class=\"voc-p\" style=\"\">Fue el stand que la Fundaci\u00f3n Las M\u00e9dulas tiene en pabell\u00f3n 3 del recinto ferial, el destinado a AR-PA, uno de los primeros que recibi\u00f3 la visita del presidente en el tradicional pase\u00edllo de inauguraci\u00f3n, en el que estuvo acompa\u00f1ado por el consejero de Cultura y Turismo, Gonzalo Santonja, alcaldes y presidentes de diputaciones. Miembros de la entidad le trasladaron los trabajos para su recuperaci\u00f3n, que han vuelto a poner en marcha en un tiempo r\u00e9cord el Mirador de Orell\u00e1n, mientras que el Aula Arqueolog\u00eda esperan que est\u00e9 lista para final de a\u00f1o. Tambi\u00e9n la labor junto a Tresminas, una mina arqueol\u00f3gica den la vecina Portugal, la cual les gustar\u00eda que se extendiera la declaraci\u00f3n de Patrimonio Mundial.<\/p>\n","protected":false},"excerpt":{"rendered":"\u00abReunimos todas las fortalezas para consolidar nuestro liderazgo como uno de los destinos tur\u00edsticos m\u00e1s atractivos\u00bb. Con esta&hellip;\n","protected":false},"author":2,"featured_media":236635,"comment_status":"","ping_status":"","sticky":false,"template":"","format":"standard","meta":{"footnotes":""},"categories":[8],"tags":[5791,12097,17,18,10261,1755,25,24,14964,13,14,11,19,20,20080,1070,9,10,15,16,52832,23,12,29833,21,22],"class_list":{"0":"post-236634","1":"post","2":"type-post","3":"status-publish","4":"format-standard","5":"has-post-thumbnail","7":"category-espana","8":"tag-alcanzar","9":"tag-anima","10":"tag-breaking-news","11":"tag-breakingnews","12":"tag-caminar","13":"tag-elite","14":"tag-es","15":"tag-espana","16":"tag-excelencia","17":"tag-featured-news","18":"tag-featurednews","19":"tag-headlines","20":"tag-latest-news","21":"tag-latestnews","22":"tag-manueco","23":"tag-mundial","24":"tag-news","25":"tag-noticias","26":"tag-noticias-destacadas","27":"tag-noticiasdestacadas","28":"tag-senda","29":"tag-spain","30":"tag-titulares","31":"tag-turistica","32":"tag-ultimas-noticias","33":"tag-ultimasnoticias"},"share_on_mastodon":{"url":"https:\/\/pubeurope.com\/@es\/115551354833638549","error":""},"_links":{"self":[{"href":"https:\/\/www.europesays.com\/es\/wp-json\/wp\/v2\/posts\/236634","targetHints":{"allow":["GET"]}}],"collection":[{"href":"https:\/\/www.europesays.com\/es\/wp-json\/wp\/v2\/posts"}],"about":[{"href":"https:\/\/www.europesays.com\/es\/wp-json\/wp\/v2\/types\/post"}],"author":[{"embeddable":true,"href":"https:\/\/www.europesays.com\/es\/wp-json\/wp\/v2\/users\/2"}],"replies":[{"embeddable":true,"href":"https:\/\/www.europesays.com\/es\/wp-json\/wp\/v2\/comments?post=236634"}],"version-history":[{"count":0,"href":"https:\/\/www.europesays.com\/es\/wp-json\/wp\/v2\/posts\/236634\/revisions"}],"wp:featuredmedia":[{"embeddable":true,"href":"https:\/\/www.europesays.com\/es\/wp-json\/wp\/v2\/media\/236635"}],"wp:attachment":[{"href":"https:\/\/www.europesays.com\/es\/wp-json\/wp\/v2\/media?parent=236634"}],"wp:term":[{"taxonomy":"category","embeddable":true,"href":"https:\/\/www.europesays.com\/es\/wp-json\/wp\/v2\/categories?post=236634"},{"taxonomy":"post_tag","embeddable":true,"href":"https:\/\/www.europesays.com\/es\/wp-json\/wp\/v2\/tags?post=236634"}],"curies":[{"name":"wp","href":"https:\/\/api.w.org\/{rel}","templated":true}]}}