{"id":236638,"date":"2025-11-15T02:33:20","date_gmt":"2025-11-15T02:33:20","guid":{"rendered":"https:\/\/www.europesays.com\/es\/236638\/"},"modified":"2025-11-15T02:33:20","modified_gmt":"2025-11-15T02:33:20","slug":"la-intrahistoria-de-la-foto-mas-viral-de-alcaraz-en-las-atp-finals","status":"publish","type":"post","link":"https:\/\/www.europesays.com\/es\/236638\/","title":{"rendered":"La intrahistoria de la foto m\u00e1s viral de Alcaraz en las ATP Finals"},"content":{"rendered":"<p class=\"paragraph\">C<b>arlos Alcaraz <\/b>gan\u00f3 el pasado martes su segundo partido en las ATP Finals 2025 despu\u00e9s de remontar a Taylor Fritz (6-7(2), 7-5 y 6-3) en un duelo que tuvo perdido en varios tramos y que le dej\u00f3 exhausto f\u00edsicamente hablando.<\/p>\n<p class=\"paragraph\">El encuentro ante el tenista norteamericano fue una verdadera prueba de nivel para el jugador de <b>El Palmar<\/b> y, al acabar el partido, el murciano dej\u00f3 una imagen que no tard\u00f3 en hacerse viral y que reflej\u00f3 perfectamente el gran esfuerzo que tuvo que hacer para derrotar a <b>Fritz<\/b>, un jugador que se desenvuelve de maravilla en superficie indoor.<\/p>\n<p class=\"paragraph\">Alcaraz se quit\u00f3 la camiseta, se sent\u00f3 en el banquillo que ten\u00eda asignado para el partido ante Fritz, se llev\u00f3 las manos a la cabeza y se qued\u00f3 pensativo durante unos segundos. Las c\u00e1maras no dudaron ni un segundo a la hora de captar ese momento.<\/p>\n<p class=\"paragraph\"><b>\u00abF\u00edsicamente, ha sido un partido muy exigente, y mentalmente tambi\u00e9n. <\/b>Adem\u00e1s, hoy las condiciones eran diferentes: mucho calor, mucha humedad&#8230; y eso influye durante un partido tan largo. Recuperar cuesta, pero lo bueno es que tenemos un d\u00eda de margen antes del siguiente partido. <b>Vamos a intentar hacerlo todo perfecto, al mil\u00edmetro,<\/b> para llegar en las mejores condiciones al \u00faltimo encuentro y ayudar al equipo\u00bb, confes\u00f3 el murciano en sala de prensa.<\/p>\n<p class=\"paragraph\">La victoria ante Fritz le dej\u00f3 en buena posici\u00f3n de cara a certificar su pase a las semifinales de la Copa de Maestros, pero el cansancio era evidente y el sobreesfuerzo f\u00edsico le oblig\u00f3 a cancelar el entrenamiento que ten\u00eda programado el mi\u00e9rcoles. <b>Carlitos <\/b>quer\u00eda recuperarse de la mejor manera posible y acert\u00f3 a la hora de no saltar a pista en su d\u00eda de descanso.<\/p>\n<p class=\"paragraph\">As\u00ed las cosas, Alcaraz espera estar al 100 % para afrontar el duelo de esta noche ante <b>Musetti<\/b>. El murciano est\u00e1 clasificado pase lo que pase (la derrota de Fritz ante <b>De Mi\u00f1aur<\/b> lo ha hecho posible), pero sabe que si gana al italiano en territorio hostil asegurar\u00e1, matem\u00e1ticamente, el n\u00famero uno del mundo. Si no, se la tendr\u00eda que jugar contra Sinner en semifinales.<\/p>\n","protected":false},"excerpt":{"rendered":"Carlos Alcaraz gan\u00f3 el pasado martes su segundo partido en las ATP Finals 2025 despu\u00e9s de remontar a&hellip;\n","protected":false},"author":2,"featured_media":236639,"comment_status":"","ping_status":"","sticky":false,"template":"","format":"standard","meta":{"footnotes":""},"categories":[274],"tags":[168,25,24,23,167,327,326],"class_list":{"0":"post-236638","1":"post","2":"type-post","3":"status-publish","4":"format-standard","5":"has-post-thumbnail","7":"category-tenis","8":"tag-deportes","9":"tag-es","10":"tag-espana","11":"tag-spain","12":"tag-sports","13":"tag-tenis","14":"tag-tennis"},"share_on_mastodon":{"url":"https:\/\/pubeurope.com\/@es\/115551377987449729","error":""},"_links":{"self":[{"href":"https:\/\/www.europesays.com\/es\/wp-json\/wp\/v2\/posts\/236638","targetHints":{"allow":["GET"]}}],"collection":[{"href":"https:\/\/www.europesays.com\/es\/wp-json\/wp\/v2\/posts"}],"about":[{"href":"https:\/\/www.europesays.com\/es\/wp-json\/wp\/v2\/types\/post"}],"author":[{"embeddable":true,"href":"https:\/\/www.europesays.com\/es\/wp-json\/wp\/v2\/users\/2"}],"replies":[{"embeddable":true,"href":"https:\/\/www.europesays.com\/es\/wp-json\/wp\/v2\/comments?post=236638"}],"version-history":[{"count":0,"href":"https:\/\/www.europesays.com\/es\/wp-json\/wp\/v2\/posts\/236638\/revisions"}],"wp:featuredmedia":[{"embeddable":true,"href":"https:\/\/www.europesays.com\/es\/wp-json\/wp\/v2\/media\/236639"}],"wp:attachment":[{"href":"https:\/\/www.europesays.com\/es\/wp-json\/wp\/v2\/media?parent=236638"}],"wp:term":[{"taxonomy":"category","embeddable":true,"href":"https:\/\/www.europesays.com\/es\/wp-json\/wp\/v2\/categories?post=236638"},{"taxonomy":"post_tag","embeddable":true,"href":"https:\/\/www.europesays.com\/es\/wp-json\/wp\/v2\/tags?post=236638"}],"curies":[{"name":"wp","href":"https:\/\/api.w.org\/{rel}","templated":true}]}}