{"id":236654,"date":"2025-11-15T02:46:16","date_gmt":"2025-11-15T02:46:16","guid":{"rendered":"https:\/\/www.europesays.com\/es\/236654\/"},"modified":"2025-11-15T02:46:16","modified_gmt":"2025-11-15T02:46:16","slug":"por-que-el-vestido-de-pilar-rubio-en-los-latin-grammy-es-una-buena-noticia-para-la-moda-espanola","status":"publish","type":"post","link":"https:\/\/www.europesays.com\/es\/236654\/","title":{"rendered":"Por qu\u00e9 el vestido de Pilar Rubio en los Latin Grammy es una buena noticia para la moda espa\u00f1ola"},"content":{"rendered":"<p>Hay muchas formas de patriotismo y en la ceremonia de los <strong>Latin Grammy 2025<\/strong> se encontraron todas. La vimos en discursos emocionantes, retratada en tatuajes, en declaraciones de amor\u2026 Pero nadie lo hizo tan bien como <strong>Pilar Rubio<\/strong>, que con su dise\u00f1o custom made de Redondo Brand llev\u00f3 la moda espa\u00f1ola &#8211; y el cari\u00f1o que siente por ella &#8211; a una de las alfombras rojas de la m\u00fasica.<\/p>\n<p><img decoding=\"async\" alt=\"pilar rubio y sergio ramos en la alfombra roja latin grammy\" loading=\"lazy\" class=\"ResponsiveImageContainer-eNxvmU cfBbTk responsive-image__image\"   src=\"https:\/\/www.europesays.com\/es\/wp-content\/uploads\/2025\/11\/GettyImages-2246599327.jpg\"\/><\/p>\n<p>\u00a9 John Parra\/Getty Images<\/p>\n<p>La periodista estuvo acompa\u00f1ada por su marido, <strong>Sergio Ramos<\/strong>, muy involucrado en la industria musical. Ambos fueron perfectamente coordinados y defendiendo unos estilismos que casan genuinamente con su forma de vestir y de entender la est\u00e9tica. El vestido de Pilar Rubio, como dec\u00edamos, fue creado especialmente para la ocasi\u00f3n por <strong>Jorge Redondo<\/strong> y su equipo. Es corto, de escote palabra de honor, ajustado y atesora un dise\u00f1o que destaca por el <strong>\u2018falso\u2019 lazo<\/strong> que surge de la zona del pecho. Est\u00e1 confeccionado en raso duquesa y combinado con lentejuelas negras. <strong>Es la perfecta definici\u00f3n de <a href=\"https:\/\/www.glamour.es\/articulos\/demi-moore-vestido-encaje-nochevieja\" target=\"_blank\" rel=\"nofollow noopener\">\u2018vestido de fiesta\u2019<\/a>.<\/strong> Combin\u00f3 el dise\u00f1o con medias de cristal oscuras, unos salones de charol tambi\u00e9n negros y joyas &#8211; dos brazaletes y dos sortijas &#8211; de Carrera y Carrera.<\/p>\n<p>Como dec\u00edamos, con su elecci\u00f3n, la espa\u00f1ola ha colocado la moda nacional, que tiene a <strong><a href=\"https:\/\/www.glamour.es\/articulos\/clara-lago-woty-2025-vestido-corazon-redondo-brand\" target=\"_blank\" rel=\"nofollow noopener\">Redondo Brand<\/a><\/strong> como uno de sus grandes referentes en la moda nupcial y de evento, en uno de los eventos m\u00e1s medi\u00e1ticos y seguidos del mundo. Tambi\u00e9n ha conseguido que esta marca espa\u00f1ola entre en la \u00f3rbita de las maravillosas artistas invitadas a la gala. Hablamos de personalidades como Karol G, Nicky Nicole, Nathy Peluso\u2026 Qui\u00e9n sabe si amaron el look de Pilar Rubio tanto como nosotras. Qui\u00e9n sabe si le preguntaron a qui\u00e9n pertenec\u00eda. Qui\u00e9n sabe si el contacto de Redondo Brand ya est\u00e1 en el tel\u00e9fono de esas mujeres\u2026<\/p>\n","protected":false},"excerpt":{"rendered":"Hay muchas formas de patriotismo y en la ceremonia de los Latin Grammy 2025 se encontraron todas. La&hellip;\n","protected":false},"author":2,"featured_media":236655,"comment_status":"","ping_status":"","sticky":false,"template":"","format":"standard","meta":{"footnotes":""},"categories":[91],"tags":[146,147,25,24,31881,23],"class_list":{"0":"post-236654","1":"post","2":"type-post","3":"status-publish","4":"format-standard","5":"has-post-thumbnail","7":"category-entretenimiento","8":"tag-entertainment","9":"tag-entretenimiento","10":"tag-es","11":"tag-espana","12":"tag-pilar-rubio","13":"tag-spain"},"share_on_mastodon":{"url":"https:\/\/pubeurope.com\/@es\/115551429609774217","error":""},"_links":{"self":[{"href":"https:\/\/www.europesays.com\/es\/wp-json\/wp\/v2\/posts\/236654","targetHints":{"allow":["GET"]}}],"collection":[{"href":"https:\/\/www.europesays.com\/es\/wp-json\/wp\/v2\/posts"}],"about":[{"href":"https:\/\/www.europesays.com\/es\/wp-json\/wp\/v2\/types\/post"}],"author":[{"embeddable":true,"href":"https:\/\/www.europesays.com\/es\/wp-json\/wp\/v2\/users\/2"}],"replies":[{"embeddable":true,"href":"https:\/\/www.europesays.com\/es\/wp-json\/wp\/v2\/comments?post=236654"}],"version-history":[{"count":0,"href":"https:\/\/www.europesays.com\/es\/wp-json\/wp\/v2\/posts\/236654\/revisions"}],"wp:featuredmedia":[{"embeddable":true,"href":"https:\/\/www.europesays.com\/es\/wp-json\/wp\/v2\/media\/236655"}],"wp:attachment":[{"href":"https:\/\/www.europesays.com\/es\/wp-json\/wp\/v2\/media?parent=236654"}],"wp:term":[{"taxonomy":"category","embeddable":true,"href":"https:\/\/www.europesays.com\/es\/wp-json\/wp\/v2\/categories?post=236654"},{"taxonomy":"post_tag","embeddable":true,"href":"https:\/\/www.europesays.com\/es\/wp-json\/wp\/v2\/tags?post=236654"}],"curies":[{"name":"wp","href":"https:\/\/api.w.org\/{rel}","templated":true}]}}