{"id":236664,"date":"2025-11-15T03:00:15","date_gmt":"2025-11-15T03:00:15","guid":{"rendered":"https:\/\/www.europesays.com\/es\/236664\/"},"modified":"2025-11-15T03:00:15","modified_gmt":"2025-11-15T03:00:15","slug":"hay-que-estar-orgullosos-del-esfuerzo-de-los-jugadores","status":"publish","type":"post","link":"https:\/\/www.europesays.com\/es\/236664\/","title":{"rendered":"\u00abHay que estar orgullosos del esfuerzo de los jugadores\u00bb"},"content":{"rendered":"<p>        <a href=\"https:\/\/www.udlaspalmas.net\/wp-content\/2025\/11\/luis-garcia-valladolid.jpeg\" data-caption=\"#post_seo_title\" rel=\"nofollow noopener\" target=\"_blank\"><img loading=\"lazy\" decoding=\"async\" width=\"640\" height=\"437\" class=\"entry-thumb td-modal-image\" src=\"https:\/\/www.europesays.com\/es\/wp-content\/uploads\/2025\/11\/luis-garcia-valladolid-640x437.jpeg\"   alt=\"\" title=\"luis-garcia-valladolid\"\/><\/a>#post_seo_title<\/p>\n<p><strong>El entrenador de la UD Las Palmas analiz\u00f3 la victoria de este viernes ante el Valladolid que deja a los amarillos l\u00edderes.<\/strong><\/p>\n<p>La UD Las Palmas duerme este viernes como l\u00edder de la Segunda Divisi\u00f3n algo que, sin embargo a Luis Garc\u00eda, no le saca de su discurso: \u00abEl f\u00fatbol me ha ense\u00f1ado que hay que ser humilde y seguir tu camino. La categor\u00eda es terrible y me quedo con el orgullo de ver unos futbolistas que se dejan todo, hacen lo que se trabaja, disfrutan con ello y compiten como un equipo. Y encima nuestra gente nos sigue siempre y mi mayor objetivo es que la afici\u00f3n se ilusione con el equipo\u00bb dijo en sala de prensa. <\/p>\n<p>Antes, el entrenador oventense describi\u00f3 as\u00ed el encuentro ante el Valladolid: \u00abhemos conseguido ganar haciendo un partido sufrido por momentos porque es un equipo que te lleva al l\u00edmite f\u00edsico a nivel de duelos y de altas intensidades. Nos ha faltado algo de precisi\u00f3n en algunos momentos, pero una de las veces que hemos sido precisos hemos hecho una acci\u00f3n de gol\u00bb explicaba sobre el primer tiempo.<\/p>\n<p>En la segunda parte, a la UD le toc\u00f3 sufrir algo m\u00e1s: \u00abEn el segundo tiempo nos ha tocado defender el \u00e1rea y la verdad que hemos estado bien. Hay que estar orgullosos del esfuerzo de los jugadores que se han dejado todo para ganar en un campo de Primera Divisi\u00f3n y ante un rival que es candidato claro al ascenso\u00bb<\/p>\n<p>\u00abEl Valladolid es un equipo que te empuja much\u00edsimo, de los m\u00e1s intensos de la liga. Y a eso le a\u00f1adimos que no hemos estado todo lo precisos que nos gustar\u00eda, seguramente en la segunda parte si hubi\u00e9semos podido tener esa precisi\u00f3n podr\u00edamos haber hecho da\u00f1o. Pero los partidos van a toda leche y pararlos no es sencillo\u00bb incid\u00eda Luis Garc\u00eda sobre la segunda parte de su equipo.<\/p>\n<p>Sobre Ale Garc\u00eda, que sali\u00f3 lesionado y pinta a rotura muscular, el entrenador amarillo dijo que: \u00abHa tenido una molestia ah\u00ed, pero la verdad que con el partido no me ha dado ni tiempo para preguntarle\u00bb.<\/p>\n<p>Sobre el gol anulado al Valladolid: \u00abMe parece una falta clara porque le carga por detr\u00e1s. Creo que el \u00e1rbitro lo hace bien dejando finalizar y luego pitando la falta, para mi es una acci\u00f3n clara de falta porque el defensa tiene ganada la acci\u00f3n\u00bb.<\/p>\n<p>\t\t\t<img decoding=\"async\" class=\"aioseo-author-bio-compact-image\" src=\"https:\/\/www.europesays.com\/es\/wp-content\/uploads\/2025\/11\/1763175615_397_5b27415d7658ec6dac1eca0239d5a96ed08107cc9c4d2da856138fef78099cc2\" alt=\"author avatar\"\/><\/p>\n<p>\t\t\tSergio Delgado es periodista y experto en la actualidad de la UD Las Palmas. Especialista en f\u00fatbol canario y deportes regionales, lleva desde el a\u00f1o 2024 escribiendo en udlaspalmas.NET.<\/p>\n","protected":false},"excerpt":{"rendered":"#post_seo_title El entrenador de la UD Las Palmas analiz\u00f3 la victoria de este viernes ante el Valladolid que&hellip;\n","protected":false},"author":2,"featured_media":236665,"comment_status":"","ping_status":"","sticky":false,"template":"","format":"standard","meta":{"footnotes":""},"categories":[268],"tags":[168,25,24,280,282,61343,281,23,167,4406],"class_list":{"0":"post-236664","1":"post","2":"type-post","3":"status-publish","4":"format-standard","5":"has-post-thumbnail","7":"category-futbol","8":"tag-deportes","9":"tag-es","10":"tag-espana","11":"tag-football","12":"tag-futbol","13":"tag-luis-garcia-fernandez","14":"tag-soccer","15":"tag-spain","16":"tag-sports","17":"tag-ud-las-palmas"},"share_on_mastodon":{"url":"https:\/\/pubeurope.com\/@es\/115551484659043892","error":""},"_links":{"self":[{"href":"https:\/\/www.europesays.com\/es\/wp-json\/wp\/v2\/posts\/236664","targetHints":{"allow":["GET"]}}],"collection":[{"href":"https:\/\/www.europesays.com\/es\/wp-json\/wp\/v2\/posts"}],"about":[{"href":"https:\/\/www.europesays.com\/es\/wp-json\/wp\/v2\/types\/post"}],"author":[{"embeddable":true,"href":"https:\/\/www.europesays.com\/es\/wp-json\/wp\/v2\/users\/2"}],"replies":[{"embeddable":true,"href":"https:\/\/www.europesays.com\/es\/wp-json\/wp\/v2\/comments?post=236664"}],"version-history":[{"count":0,"href":"https:\/\/www.europesays.com\/es\/wp-json\/wp\/v2\/posts\/236664\/revisions"}],"wp:featuredmedia":[{"embeddable":true,"href":"https:\/\/www.europesays.com\/es\/wp-json\/wp\/v2\/media\/236665"}],"wp:attachment":[{"href":"https:\/\/www.europesays.com\/es\/wp-json\/wp\/v2\/media?parent=236664"}],"wp:term":[{"taxonomy":"category","embeddable":true,"href":"https:\/\/www.europesays.com\/es\/wp-json\/wp\/v2\/categories?post=236664"},{"taxonomy":"post_tag","embeddable":true,"href":"https:\/\/www.europesays.com\/es\/wp-json\/wp\/v2\/tags?post=236664"}],"curies":[{"name":"wp","href":"https:\/\/api.w.org\/{rel}","templated":true}]}}