{"id":236670,"date":"2025-11-15T03:05:22","date_gmt":"2025-11-15T03:05:22","guid":{"rendered":"https:\/\/www.europesays.com\/es\/236670\/"},"modified":"2025-11-15T03:05:22","modified_gmt":"2025-11-15T03:05:22","slug":"nos-lo-cuentan-en-hoy-por-hoy-huesca-radio-huesca","status":"publish","type":"post","link":"https:\/\/www.europesays.com\/es\/236670\/","title":{"rendered":"Nos lo cuentan en Hoy por Hoy Huesca | Radio Huesca"},"content":{"rendered":"<p class=\"loc\">Huesca<\/p>\n<p>Huesca conmemora este fin de semana el 30 aniversario de que, en 1995, unos 400 militares pertenecientes a la Brigada Arag\u00f3n viajaran a ejercer labores de paz en Bosnia-Herzegovina, que hab\u00eda sufrido los estragos de la guerra de los Balcanes, uno de los conflictos m\u00e1s sangrientos desde la Segunda Guerra Mundial. Regresaron de nuevo dos a\u00f1os m\u00e1s tarde, en 1997. <\/p>\n<p>En Hoy por hoy Huesca hemos hablado con el coronel Rafael Matilla, en aquel entonces capit\u00e1n, al mando del Regimiento de Transmisiones de la Brigada Arag\u00f3n.<\/p>\n","protected":false},"excerpt":{"rendered":"Huesca Huesca conmemora este fin de semana el 30 aniversario de que, en 1995, unos 400 militares pertenecientes&hellip;\n","protected":false},"author":2,"featured_media":236671,"comment_status":"","ping_status":"","sticky":false,"template":"","format":"standard","meta":{"footnotes":""},"categories":[170],"tags":[146,147,25,24,184,185,23],"class_list":{"0":"post-236670","1":"post","2":"type-post","3":"status-publish","4":"format-standard","5":"has-post-thumbnail","7":"category-musica","8":"tag-entertainment","9":"tag-entretenimiento","10":"tag-es","11":"tag-espana","12":"tag-music","13":"tag-musica","14":"tag-spain"},"share_on_mastodon":{"url":"https:\/\/pubeurope.com\/@es\/115551504049921307","error":""},"_links":{"self":[{"href":"https:\/\/www.europesays.com\/es\/wp-json\/wp\/v2\/posts\/236670","targetHints":{"allow":["GET"]}}],"collection":[{"href":"https:\/\/www.europesays.com\/es\/wp-json\/wp\/v2\/posts"}],"about":[{"href":"https:\/\/www.europesays.com\/es\/wp-json\/wp\/v2\/types\/post"}],"author":[{"embeddable":true,"href":"https:\/\/www.europesays.com\/es\/wp-json\/wp\/v2\/users\/2"}],"replies":[{"embeddable":true,"href":"https:\/\/www.europesays.com\/es\/wp-json\/wp\/v2\/comments?post=236670"}],"version-history":[{"count":0,"href":"https:\/\/www.europesays.com\/es\/wp-json\/wp\/v2\/posts\/236670\/revisions"}],"wp:featuredmedia":[{"embeddable":true,"href":"https:\/\/www.europesays.com\/es\/wp-json\/wp\/v2\/media\/236671"}],"wp:attachment":[{"href":"https:\/\/www.europesays.com\/es\/wp-json\/wp\/v2\/media?parent=236670"}],"wp:term":[{"taxonomy":"category","embeddable":true,"href":"https:\/\/www.europesays.com\/es\/wp-json\/wp\/v2\/categories?post=236670"},{"taxonomy":"post_tag","embeddable":true,"href":"https:\/\/www.europesays.com\/es\/wp-json\/wp\/v2\/tags?post=236670"}],"curies":[{"name":"wp","href":"https:\/\/api.w.org\/{rel}","templated":true}]}}