{"id":236674,"date":"2025-11-15T03:07:10","date_gmt":"2025-11-15T03:07:10","guid":{"rendered":"https:\/\/www.europesays.com\/es\/236674\/"},"modified":"2025-11-15T03:07:10","modified_gmt":"2025-11-15T03:07:10","slug":"jannik-sinner-se-alegra-del-no-1-de-carlos-alcaraz-y-felix-auger-aliassime-es-semifinalista-del-masters","status":"publish","type":"post","link":"https:\/\/www.europesays.com\/es\/236674\/","title":{"rendered":"Jannik Sinner se alegra del N\u00ba 1 de Carlos Alcaraz y F\u00e9lix Auger-Aliassime es semifinalista del Masters"},"content":{"rendered":"<p class=\"mb-4 text-lg md:leading-8 break-words\"><b>Felix Auger-Aliassime<\/b>, <b>8\u00ba<\/b> tenista del ranking, consigui\u00f3 este viernes el <b>\u00faltimo boleto para las semifinales<\/b> del <b>Masters de Tur\u00edn<\/b> al vencer al <b>n\u00famero 3 del mundo<\/b>, el alem\u00e1n <b>Alexander Zverev<\/b>. El canadiense jugar\u00e1 ante el 1, el espa\u00f1ol <b>Carlos Alcaraz<\/b>, este s\u00e1bado desde las 16.30 de Argentina, por un puesto en la final.<\/p>\n<p class=\"mb-4 text-lg md:leading-8 break-words\">Se trata de una sorpresa la presencia de Auger-Aliassime en las semifinales del <b>ATP Finals<\/b>. El norteamericano expuso un saque colosal y sac\u00f3 de quicio al germano, que estuvo fuera de s\u00ed cuando las cosas no le sal\u00edan en la cancha techada italiana.<\/p>\n<p><img alt=\"El canadiense F\u00e9lix Auger-Aliassime venci\u00f3 a Alexander Zverev y, a los 25 a\u00f1os, est\u00e1 en el mejor momento de su trayectoria.\" loading=\"lazy\" width=\"768\" height=\"512\" decoding=\"async\" data-nimg=\"1\" class=\"rounded-lg\" style=\"color:transparent\" src=\"https:\/\/www.europesays.com\/es\/wp-content\/uploads\/2025\/11\/5753635cf220e4bf4f40481f2e450f53.jpeg\"\/><\/p>\n<p>El canadiense F\u00e9lix Auger-Aliassime venci\u00f3 a Alexander Zverev y, a los 25 a\u00f1os, est\u00e1 en el mejor momento de su trayectoria. &#8211; Cr\u00e9ditos: @Antonio Calanni<\/p>\n<p class=\"mb-4 text-lg md:leading-8 break-words\">Auger-Aliassime, de <b>25 a\u00f1os<\/b>, se impuso por <b>6-4 y 7-6 (7-4)<\/b> y termin\u00f3 la fase de grupos en el segundo lugar del grupo Bjorn Borg, con <b>dos victorias y una derrota<\/b>. Su pr\u00f3ximo adversario, Alcaraz, ganador de la zona Jimmy Connors, consigui\u00f3 <b>tres triunfos<\/b>.<\/p>\n<p class=\"mb-4 text-lg md:leading-8 break-words\">\u201cEste es un torneo de alto valor\u201d, valor\u00f3 Auger-Aliassime. Y aludi\u00f3 a Alcaraz: \u201cSi quiero estar en la final, tendr\u00e9 que superar a un gran jugador. Tomar\u00e9 el riesgo necesario\u201d.<\/p>\n<p>El match point de Auger-Aliassime vs. Zverev<\/p>\n<p class=\"mb-4 text-lg md:leading-8 break-words\">La otra semifinal enfrentar\u00e1 al <b>n\u00famero 2<\/b> y defensor del cetro, el italiano <b>Jannik Sinner<\/b>, con el australiano <b>Alex De Mi\u00f1aur<\/b>, <b>7\u00ba<\/b>, que se clasific\u00f3 tambi\u00e9n por sorpresa, con <b>una sola victoria en tres partidos<\/b>.<\/p>\n<p class=\"mb-4 text-lg md:leading-8 break-words\">Tambi\u00e9n el viernes, Sinner termin\u00f3 la fase de grupos con un pleno de tres \u00e9xitos, al vencer por <b>6-3 y 7-6 (7-3)<\/b> al estadounidense <b>Ben Shelton<\/b>. El italiano encaden\u00f3 su <b>29\u00ba triunfo consecutivo<\/b> <b>en canchas duras bajo techo<\/b>, su escenario favorito, y el <b>octavo seguido en el Torneo de Maestros, siempre sin perder un set<\/b>.<\/p>\n<p><img alt=\"Sinner derrot\u00f3 en dos sets a Ben Shelton y se mantiene invicto desde hace 29 partidos en superficie dura bajo techo; es semifinalista en el Masters de Tur\u00edn.\" loading=\"lazy\" width=\"768\" height=\"512\" decoding=\"async\" data-nimg=\"1\" class=\"rounded-lg\" style=\"color:transparent\" src=\"https:\/\/www.europesays.com\/es\/wp-content\/uploads\/2025\/11\/1f6593e2dc5230ab5cd8ceb83da87eb3.jpeg\"\/><\/p>\n<p>Sinner derrot\u00f3 en dos sets a Ben Shelton y se mantiene invicto desde hace 29 partidos en superficie dura bajo techo; es semifinalista en el Masters de Tur\u00edn. &#8211; Cr\u00e9ditos: @Marco Alpozzi<\/p>\n<p class=\"mb-4 text-lg md:leading-8 break-words\">En otro sentido, Sinner no se lament\u00f3 por haber perdido el n\u00famero 1 del ranking a manos del espa\u00f1ol. \u201c<b>Me siento feliz por \u00e9l, much\u00edsimo; mentir\u00eda si dijera que no.<\/b> Lo merece porque est\u00e1 teniendo una temporada incre\u00edble y est\u00e1 jugando en un nivel alt\u00edsimo\u201d, reconoci\u00f3 este viernes el italiano a Alcaraz, que cerrar\u00e1 la temporada como el mejor de la clasificaci\u00f3n internacional de la Asociaci\u00f3n de Tenistas Profesionales.<\/p>\n<p class=\"mb-4 text-lg md:leading-8 break-words\">Un ranking que \u00e9l encabezaba antes del ATP Finals, en el que Sinner defiende la corona. \u201cPara m\u00ed, eso representa una motivaci\u00f3n para la pr\u00f3xima temporada y para el trabajo que haremos\u201d, afirm\u00f3 quien va en busca de su tercera final seguida en el Torneo de Maestros, en la que se espera choque con Alcaraz. El italiano y el espa\u00f1ol son los m\u00e1ximos exponentes de la nueva generaci\u00f3n del tenis y mantienen una rivalidad que se convirti\u00f3 en un cl\u00e1sico, a pesar de la cual son buenos compa\u00f1eros fuera de las canchas y no dudan de elogiarse uno al otro cuando tienen oportunidad.<\/p>\n<p>Semifinalistas en los GS y el Master el mismo a\u00f1o<\/p>\n<p class=\"mb-4 text-lg md:leading-8 break-words\">En ese sentido, Sinner destac\u00f3 que Alcaraz gan\u00f3 este a\u00f1o \u201cdos t\u00edtulos de Grand Slam [Roland Garros e US Open, derrotando al propio Jannik en ambas finales] y ocho torneos, una cantidad incre\u00edble para cualquiera\u201d. Y se\u00f1al\u00f3 que el espa\u00f1ol \u201ces <b>muy competitivo en cualquier superficie<\/b> y tiene un <b>tenis muy agresivo<\/b>\u201d.<\/p>\n<p class=\"mb-4 text-lg md:leading-8 break-words\">\u201cLo vismos en todos los partidos que jug\u00f3 en este torneo, en los que <b>supo manejar muy bien la presi\u00f3n<\/b>. Por eso, estoy <b>feliz por \u00e9l<\/b>. Es un <b>gran muchacho<\/b>, tiene un gran y bello equipo y trabaja duro para alcanzar sus objetivos. <b>Si tuviese que elegir qui\u00e9n me gustar\u00eda fuera n\u00famero 1, m\u00e1s all\u00e1 de m\u00ed, elegir\u00eda a \u00e9l, sin dudar<\/b>\u201d, afirm\u00f3.<\/p>\n","protected":false},"excerpt":{"rendered":"Felix Auger-Aliassime, 8\u00ba tenista del ranking, consigui\u00f3 este viernes el \u00faltimo boleto para las semifinales del Masters de&hellip;\n","protected":false},"author":2,"featured_media":236675,"comment_status":"","ping_status":"","sticky":false,"template":"","format":"standard","meta":{"footnotes":""},"categories":[93],"tags":[6896,545,168,25,24,4466,23,167,61344],"class_list":{"0":"post-236674","1":"post","2":"type-post","3":"status-publish","4":"format-standard","5":"has-post-thumbnail","7":"category-deportes","8":"tag-alexander-zverev","9":"tag-carlos-alcaraz","10":"tag-deportes","11":"tag-es","12":"tag-espana","13":"tag-sinner","14":"tag-spain","15":"tag-sports","16":"tag-torneo-de-maestros"},"share_on_mastodon":{"url":"https:\/\/pubeurope.com\/@es\/115551511977265711","error":""},"_links":{"self":[{"href":"https:\/\/www.europesays.com\/es\/wp-json\/wp\/v2\/posts\/236674","targetHints":{"allow":["GET"]}}],"collection":[{"href":"https:\/\/www.europesays.com\/es\/wp-json\/wp\/v2\/posts"}],"about":[{"href":"https:\/\/www.europesays.com\/es\/wp-json\/wp\/v2\/types\/post"}],"author":[{"embeddable":true,"href":"https:\/\/www.europesays.com\/es\/wp-json\/wp\/v2\/users\/2"}],"replies":[{"embeddable":true,"href":"https:\/\/www.europesays.com\/es\/wp-json\/wp\/v2\/comments?post=236674"}],"version-history":[{"count":0,"href":"https:\/\/www.europesays.com\/es\/wp-json\/wp\/v2\/posts\/236674\/revisions"}],"wp:featuredmedia":[{"embeddable":true,"href":"https:\/\/www.europesays.com\/es\/wp-json\/wp\/v2\/media\/236675"}],"wp:attachment":[{"href":"https:\/\/www.europesays.com\/es\/wp-json\/wp\/v2\/media?parent=236674"}],"wp:term":[{"taxonomy":"category","embeddable":true,"href":"https:\/\/www.europesays.com\/es\/wp-json\/wp\/v2\/categories?post=236674"},{"taxonomy":"post_tag","embeddable":true,"href":"https:\/\/www.europesays.com\/es\/wp-json\/wp\/v2\/tags?post=236674"}],"curies":[{"name":"wp","href":"https:\/\/api.w.org\/{rel}","templated":true}]}}