{"id":236676,"date":"2025-11-15T03:09:15","date_gmt":"2025-11-15T03:09:15","guid":{"rendered":"https:\/\/www.europesays.com\/es\/236676\/"},"modified":"2025-11-15T03:09:15","modified_gmt":"2025-11-15T03:09:15","slug":"creo-que-no-la-pillaron-se-dejo-pillar","status":"publish","type":"post","link":"https:\/\/www.europesays.com\/es\/236676\/","title":{"rendered":"Creo que no la pillaron, se dej\u00f3 pillar"},"content":{"rendered":"<p>La segunda parte del regreso medi\u00e1tico de <strong>Kiko Rivera<\/strong> ha arrancado fuerte. Sentado por fin en el plat\u00f3 de &#8216;\u00a1De Viernes!&#8217;, el DJ ha entrado directo en uno de los asuntos m\u00e1s comentados de la \u00faltima semana: la aparici\u00f3n de <a href=\"https:\/\/www.lecturas.com\/actualidad\/exclusiva-irene-rosales-enamorada-fotos-felicidad-ex-kiko-rivera_182710\" target=\"_blank\" rel=\"nofollow noopener\">Irene Rosales en Lecturas paseando con su nueva pareja<\/a>, <strong>Guillermo<\/strong>. Y Kiko no ha dado rodeos. Ha hablado con naturalidad, con iron\u00eda y con mucha m\u00e1s claridad de la que muchos esperaban.<\/p>\n<p>\u201cCreo que no la pillaron: se dej\u00f3 pillar\u201d<\/p>\n<p>El hijo de Isabel Pantoja ha reconocido que, aunque su relaci\u00f3n estaba muerta desde hace meses, la exclusiva le sorprendi\u00f3 por c\u00f3mo se produjo. Y sobre todo, por el tiempo tan precipitado en el que se produjo. \u201c<strong>Yo creo que no la pillaron. Aqu\u00ed todos somos muy listos para saber cu\u00e1ndo nos est\u00e1 siguiendo la prensa\u2026 se dej\u00f3 pillar<\/strong>\u00ab, ha confesado Kiko Rivera.<\/p>\n<p><img loading=\"lazy\" decoding=\"async\"   src=\"https:\/\/www.europesays.com\/es\/wp-content\/uploads\/2025\/11\/kiko-rivera_451a5e77_251114234444_1200x644.webp.webp\" alt=\"Kiko Rivera \" class=\"lazyload\" width=\"1200\" height=\"644\" data-aspectratio=\"1200\/644\"\/><\/p>\n<p>Kiko Rivera piensa que Irene Rosales \u00abse dej\u00f3 pillar\u00bb con su nuevo amor: Guillermo.\u00a0<\/p>\n<p>&#13;Telecinco<\/p>\n<p>Kiko no lo ha dicho desde el reproche, sino desde lo que \u00e9l considera simple \u00abl\u00f3gica\u00bb. El hijo de Isabel Pantoja entiende que Irene siga adelante con su vida, que rehaga su camino y que incluso lo celebre. Pero ha dejado claro que esa coincidencia con la prensa, para \u00e9l, no fue tal. \u201c<strong>Ella le da una normalidad, que me parece perfecto, pero luego ella misma se queja: \u2018\u00bfPor qu\u00e9 habl\u00e1is de Guillermo?\u2019<\/strong>. Pues hija\u2026 \u201d, ha dicho con bastante sarcasmo Kiko.<\/p>\n<p>Adem\u00e1s, tambi\u00e9n ha revelado que se enter\u00f3 del nuevo noviazgo por la prensa, y que justo ese d\u00eda Irene le envi\u00f3 un mensaje para explic\u00e1rselo: \u201c<strong>Irene me manda un mensaje el d\u00eda que sale la noticia. <\/strong>Me da explicaciones, aunque no tiene por qu\u00e9 d\u00e1rmelas. Fue un poco fr\u00edo, pero bueno.\u201d<\/p>\n<p>Pone en duda la fidelidad de Irene<\/p>\n<p>Aunque Kiko Rivera ha intentado ser prudente a la hora de hablar de la relaci\u00f3n de Irene Rosales y Guillermo, tampoco ha ocultado su clara opini\u00f3n al decir que las fechas no cuadran: \u201c<strong>T\u00fa imag\u00ednate que lo dejamos un martes y el mi\u00e9rcoles ya est\u00e1s con este chico.<\/strong><strong>Por l\u00f3gica, esto tuvo que empezar antes. <\/strong>Pero no me molesta, porque la relaci\u00f3n ya estaba rota.\u201d<\/p>\n<p><img loading=\"lazy\" decoding=\"async\"   src=\"https:\/\/www.europesays.com\/es\/wp-content\/uploads\/2025\/11\/kiko-rivera_c6342b63_251114234506_1200x668.webp.webp\" alt=\"Kiko Rivera\" class=\"lazyload\" width=\"1200\" height=\"668\" data-aspectratio=\"1200\/668\"\/><\/p>\n<p>Kiko Rivera sobre la exclusiva de Lecturas de Irene Rosales con su nuevo amor Guillermo: \u00abCreo que no la pillaron, se dej\u00f3 pillar\u00bb<\/p>\n<p>&#13;Telecinco<\/p>\n<p>No lo dice desde el dolor, ni desde los celos, ni desde el reproche. Lo dice desde la conclusi\u00f3n l\u00f3gica a la que ha llegado \u00e9l mismo\u2026 y pr\u00e1cticamente todo el mundo. Sin embargo, ha querido desactivar cualquier interpretaci\u00f3n t\u00f3xica: \u201c<strong>Irene conoce a Guillermo desde hace seis a\u00f1os. No s\u00e9 cu\u00e1ndo retomaron la relaci\u00f3n y tampoco me importa<\/strong>.\u201d En ese punto ha remarcado cu\u00e1l es su verdadera prioridad: \u201cLo \u00fanico que me importa es que si sigue con \u00e9l, trate bien a mis hijas.\u201d<\/p>\n<p>El dardo que le ha lanzado a Irene<\/p>\n<p data-end=\"2929\" data-start=\"2786\">Kiko Rivera tambi\u00e9n ha dejado espacio para la iron\u00eda al referirse a las quejas de Irene por la exposici\u00f3n medi\u00e1tica de Guillermo1:\u00a0<strong data-end=\"3021\" data-start=\"2933\">\u201cQue no se moleste Irene por hablar de Guillermo, que como no es personaje p\u00fablico\u2026\u201d<\/strong><\/p>\n<p><img loading=\"lazy\" decoding=\"async\"   src=\"https:\/\/www.europesays.com\/es\/wp-content\/uploads\/2025\/11\/kiko-rivera_e95c4894_251114234544_1200x668.webp.webp\" alt=\"Kiko Rivera \" class=\"lazyload\" width=\"1200\" height=\"668\" data-aspectratio=\"1200\/668\"\/><\/p>\n<p>Kiko Rivera: \u00abEspero que no se moleste Irene por hablar de Guillermo, que como no es personaje p\u00fablico&#8230;\u00bb\u00a0<\/p>\n<p>&#13;Telecinco<\/p>\n<p data-end=\"3239\" data-start=\"3023\">La frase, cargada de sarcasmo, ha provocado algunas sonrisas en el plat\u00f3. Porque \u00e9l mismo hab\u00eda se\u00f1alado minutos antes que es Irene quien ha normalizado p\u00fablicamente la relaci\u00f3n, pero aun as\u00ed pide que no se hable de ella: \u00abEs verdad lo que dice Irene de que Guillermo no es personaje p\u00fablico, no lo era hasta hace 3 meses. Ahora cambia la cosa. Ella est\u00e1 viviendo su vida como quiere, pero cuando eres una persona conocida, pues es m\u00e1s dif\u00edcil\u00bb.\u00a0<\/p>\n<p data-end=\"3239\" data-start=\"3023\"><img decoding=\"async\" src=\"https:\/\/www.europesays.com\/es\/wp-content\/uploads\/2025\/11\/reina-sofia-princesa-leonor-e-infanta-sofia_5e44b3a5_251114183615_800x800.webp.webp\" alt=\"Reina Sof\u00eda, Princesa Leonor e Infanta Sof\u00eda\" class=\"image lazyload\"\/><img loading=\"lazy\" decoding=\"async\" src=\"https:\/\/www.europesays.com\/es\/wp-content\/uploads\/2025\/11\/reina-sofia-princesa-leonor-e-infanta-sofia_5e44b3a5_251114183623_1280x720.webp.webp\" alt=\"La princesa Leonor y la infanta Sofia vuelven a Madrid para mostrar su apoyo a la reina Sof\u00eda&#10;\" class=\"image lazyload\" width=\"1280\" height=\"720\" data-aspectratio=\"1280\/720\"\/><\/p>\n<p>Kiko ha rematado con un refr\u00e1n que describi\u00f3 como la clave de todo este asunto: \u201cNo prest\u00e9 mucha atenci\u00f3n porque es muy l\u00f3gico: el diablo sabe m\u00e1s por viejo que por diablo\u00bb. Dejando claro, que no se cree la versi\u00f3n que cuenta Irene Rosales, a pesar de respetarla, ya que su relaci\u00f3n era inexistente desde hac\u00eda meses.<\/p>\n","protected":false},"excerpt":{"rendered":"La segunda parte del regreso medi\u00e1tico de Kiko Rivera ha arrancado fuerte. Sentado por fin en el plat\u00f3&hellip;\n","protected":false},"author":2,"featured_media":236677,"comment_status":"","ping_status":"","sticky":false,"template":"","format":"standard","meta":{"footnotes":""},"categories":[91],"tags":[146,147,25,24,23],"class_list":{"0":"post-236676","1":"post","2":"type-post","3":"status-publish","4":"format-standard","5":"has-post-thumbnail","7":"category-entretenimiento","8":"tag-entertainment","9":"tag-entretenimiento","10":"tag-es","11":"tag-espana","12":"tag-spain"},"share_on_mastodon":{"url":"https:\/\/pubeurope.com\/@es\/115551520367591167","error":""},"_links":{"self":[{"href":"https:\/\/www.europesays.com\/es\/wp-json\/wp\/v2\/posts\/236676","targetHints":{"allow":["GET"]}}],"collection":[{"href":"https:\/\/www.europesays.com\/es\/wp-json\/wp\/v2\/posts"}],"about":[{"href":"https:\/\/www.europesays.com\/es\/wp-json\/wp\/v2\/types\/post"}],"author":[{"embeddable":true,"href":"https:\/\/www.europesays.com\/es\/wp-json\/wp\/v2\/users\/2"}],"replies":[{"embeddable":true,"href":"https:\/\/www.europesays.com\/es\/wp-json\/wp\/v2\/comments?post=236676"}],"version-history":[{"count":0,"href":"https:\/\/www.europesays.com\/es\/wp-json\/wp\/v2\/posts\/236676\/revisions"}],"wp:featuredmedia":[{"embeddable":true,"href":"https:\/\/www.europesays.com\/es\/wp-json\/wp\/v2\/media\/236677"}],"wp:attachment":[{"href":"https:\/\/www.europesays.com\/es\/wp-json\/wp\/v2\/media?parent=236676"}],"wp:term":[{"taxonomy":"category","embeddable":true,"href":"https:\/\/www.europesays.com\/es\/wp-json\/wp\/v2\/categories?post=236676"},{"taxonomy":"post_tag","embeddable":true,"href":"https:\/\/www.europesays.com\/es\/wp-json\/wp\/v2\/tags?post=236676"}],"curies":[{"name":"wp","href":"https:\/\/api.w.org\/{rel}","templated":true}]}}