{"id":236678,"date":"2025-11-15T03:10:10","date_gmt":"2025-11-15T03:10:10","guid":{"rendered":"https:\/\/www.europesays.com\/es\/236678\/"},"modified":"2025-11-15T03:10:10","modified_gmt":"2025-11-15T03:10:10","slug":"afirman-que-este-es-el-humano-mas-realista-que-ha-creado-nintendo-en-un-videojuego-esta-en-metroid-prime-4-beyond","status":"publish","type":"post","link":"https:\/\/www.europesays.com\/es\/236678\/","title":{"rendered":"Afirman que este es el humano m\u00e1s realista que ha creado Nintendo en un videojuego: est\u00e1 en Metroid Prime 4: Beyond"},"content":{"rendered":"<p>Nos llegan noticias interesantes procedentes del <a href=\"https:\/\/www.nintenderos.com\/nintendo-switch-2\/metroid-prime-4-beyond-lanza-nuevo-trailer-de-mas-de-7-minutos\/\" rel=\"nofollow noopener\" target=\"_blank\">tr\u00e1iler publicado hoy<\/a>. Ya sab\u00e9is que<strong>\u00a0Retro Studios<\/strong>, la desarrolladora que ha estado trabajando en\u00a0<a href=\"https:\/\/www.nintenderos.com\/2024\/01\/se-cumplen-5-anos-desde-el-reinicio-de-metroid-prime-4\/\" rel=\"nofollow noopener\" target=\"_blank\">Metroid Prime 4<\/a>, por fin confirm\u00f3 hace unos meses\u00a0<a href=\"https:\/\/www.nintenderos.com\/2024\/06\/metroid-prime-4-beyond-por-fin-se-desvela-oficialmente\/\" rel=\"nofollow noopener\" target=\"_blank\">novedades del juego<\/a>\u00a0en el \u00faltimo Nintendo Direct, tras\u00a0<a href=\"https:\/\/www.nintenderos.com\/2024\/06\/se-cumplen-7-anos-desde-el-anuncio-original-de-metroid-prime-4-repaso-a-los-ultimos-detalles-y-rumores\/\" rel=\"nofollow noopener\" target=\"_blank\">a\u00f1os de espera<\/a>. \u00a1Y ahora traemos m\u00e1s noticias de Metroid Prime 4: Beyond!<\/p>\n<p>El esperad\u00edsimo Metroid Prime 4: Beyond<\/p>\n<p>En este caso, parece que los fans est\u00e1n coincidiendo que uno de los compa\u00f1eros de Samus en el juego es el humano m\u00e1s realista que ha creado Nintendo en un videojuego hasta la fecha.<\/p>\n<p>Pod\u00e9is verlo abajo y tambi\u00e9n en el short de GameXplain que os dejamos a continuaci\u00f3n:<\/p>\n<p>Otros contenidos en esta categor\u00eda:<\/p>\n<p><img decoding=\"async\" class=\"aligncenter\" src=\"https:\/\/www.europesays.com\/es\/wp-content\/uploads\/2025\/11\/40f9e859e8f471e31993f425cb8e3315.jpg\"\/><\/p>\n<p><img decoding=\"async\" class=\"aligncenter\" src=\"https:\/\/www.europesays.com\/es\/wp-content\/uploads\/2025\/11\/G5uT0sIXoAA12m2.jpg\" alt=\"Federation Marines in Metroid Prime 4. The one in yellow is Myles MacKenzie,  who was very controversial in the media event preview build (to put it  nicely).\"\/><\/p>\n<p>Os recordamos que en Nintenderos lo hemos probado y pod\u00e9is encontrar <a href=\"https:\/\/www.nintenderos.com\/nintendo-switch-2\/metroid-prime-4-beyond-tras-haber-jugado-2-horas-pienso-que-sera-toda-una-sorpresa\/\" rel=\"nofollow noopener\" target=\"_blank\">nuestras impresiones aqu\u00ed<\/a>.<\/p>\n<p>Ya os ofrecimos <a href=\"https:\/\/www.nintenderos.com\/2025\/03\/alucina-con-el-boxart-oficial-de-metroid-prime-4-beyond-para-nintendo-switch\/\" rel=\"nofollow noopener\" target=\"_blank\">un vistazo a su boxart<\/a>\u00a0tras el\u00a0<a href=\"https:\/\/www.nintenderos.com\/2025\/03\/nintendo-nos-ofrece-otro-vistazo-a-metroid-prime-4-beyond-nuevo-trailer-en-espanol\/\" rel=\"nofollow noopener\" target=\"_blank\">tr\u00e1iler publicado en el m\u00e1s reciente Direct<\/a>. Ahora, tras\u00a0<a href=\"https:\/\/www.nintenderos.com\/nintendo-switch-2\/nintendo-switch-2-los-zeldas-kirby-y-la-tierra-olvidada-metroid-prime-4-beyond-y-leyendas-pokemon-z-a-tambien-confirman-ediciones-para-la-sucesora\/\" rel=\"nofollow noopener\" target=\"_blank\">confirmarse para Nintendo Switch 2<\/a>\u00a0con una edici\u00f3n mejorada,\u00a0<a href=\"https:\/\/www.nintenderos.com\/2025\/09\/metroid-prime-4-beyond-por-fin-tiene-fecha-y-lanza-nuevo-trailer\/\" rel=\"nofollow noopener\" target=\"_blank\">hemos conocido<\/a>\u00a0que\u00a0<strong>se lanza el 4 de diciembre junto a nuevos amiibo<\/strong>. Los amiibo de Samus (Metroid Prime 4: Beyond) y de Samus y Vi-O-La (Metroid Prime 4: Beyond) se pondr\u00e1n a la venta el 6 de noviembre; el amiibo de Sylux (Metroid Prime 4: Beyond), inspirado en el enigm\u00e1tico cazarrecompensas, se lanzar\u00e1 el mismo d\u00eda que el juego, es decir, el 4 de diciembre.<\/p>\n<p>Tras la\u00a0<a href=\"https:\/\/www.nintenderos.com\/nintendo-switch-2\/metroid-prime-4-beyond-lista-de-mejoras-y-comparativa-en-video-entre-switch-1-y-switch-2\/\" rel=\"nofollow noopener\" target=\"_blank\">primera comparativa<\/a>, ahora tenemos estos detalles. Hace un tiempo tambi\u00e9n os ofrecimos sus primeras\u00a0<a href=\"https:\/\/www.nintenderos.com\/2024\/06\/metroid-prime-4-beyond-luce-simplemente-increible-en-sus-primeras-capturas-de-pantalla\/\" rel=\"nofollow noopener\" target=\"_blank\">capturas de pantalla<\/a>, as\u00ed como su\u00a0<a href=\"https:\/\/www.nintenderos.com\/2024\/06\/metroid-prime-4-beyond\/\" rel=\"nofollow noopener\" target=\"_blank\">primer an\u00e1lisis t\u00e9cnico<\/a>\u00a0y\u00a0<a href=\"https:\/\/www.nintenderos.com\/2024\/06\/nuevo-video-oficial-de-metroid-prime-4-beyond-muestra-mas-entornos\/\" rel=\"nofollow noopener\" target=\"_blank\">un nuevo v\u00eddeo de sus entornos<\/a>.<\/p>\n<p>Nosotros seguiremos atentos para ver qu\u00e9 sucede con esta entrega finalmente. Mientras tanto, \u00bfqu\u00e9 pens\u00e1is al respecto?<\/p>\n<p><a class=\"external\" href=\"https:\/\/www.youtube.com\/shorts\/f6tDRhGJfcc?feature=share\" rel=\"nofollow noopener\" target=\"_blank\">Fuente<\/a>.<\/p>\n","protected":false},"excerpt":{"rendered":"Nos llegan noticias interesantes procedentes del tr\u00e1iler publicado hoy. Ya sab\u00e9is que\u00a0Retro Studios, la desarrolladora que ha estado&hellip;\n","protected":false},"author":2,"featured_media":236679,"comment_status":"","ping_status":"","sticky":false,"template":"","format":"standard","meta":{"footnotes":""},"categories":[81],"tags":[119,123,124,25,24,40035,117,121,122,23,118,120],"class_list":{"0":"post-236678","1":"post","2":"type-post","3":"status-publish","4":"format-standard","5":"has-post-thumbnail","7":"category-ciencia-y-tecnologia","8":"tag-ciencia","9":"tag-ciencia-y-tecnologia","10":"tag-cienciaytecnologia","11":"tag-es","12":"tag-espana","13":"tag-metroid-prime-4-beyond","14":"tag-science","15":"tag-science-and-technology","16":"tag-scienceandtechnology","17":"tag-spain","18":"tag-technology","19":"tag-tecnologia"},"share_on_mastodon":{"url":"https:\/\/pubeurope.com\/@es\/115551523667719543","error":""},"_links":{"self":[{"href":"https:\/\/www.europesays.com\/es\/wp-json\/wp\/v2\/posts\/236678","targetHints":{"allow":["GET"]}}],"collection":[{"href":"https:\/\/www.europesays.com\/es\/wp-json\/wp\/v2\/posts"}],"about":[{"href":"https:\/\/www.europesays.com\/es\/wp-json\/wp\/v2\/types\/post"}],"author":[{"embeddable":true,"href":"https:\/\/www.europesays.com\/es\/wp-json\/wp\/v2\/users\/2"}],"replies":[{"embeddable":true,"href":"https:\/\/www.europesays.com\/es\/wp-json\/wp\/v2\/comments?post=236678"}],"version-history":[{"count":0,"href":"https:\/\/www.europesays.com\/es\/wp-json\/wp\/v2\/posts\/236678\/revisions"}],"wp:featuredmedia":[{"embeddable":true,"href":"https:\/\/www.europesays.com\/es\/wp-json\/wp\/v2\/media\/236679"}],"wp:attachment":[{"href":"https:\/\/www.europesays.com\/es\/wp-json\/wp\/v2\/media?parent=236678"}],"wp:term":[{"taxonomy":"category","embeddable":true,"href":"https:\/\/www.europesays.com\/es\/wp-json\/wp\/v2\/categories?post=236678"},{"taxonomy":"post_tag","embeddable":true,"href":"https:\/\/www.europesays.com\/es\/wp-json\/wp\/v2\/tags?post=236678"}],"curies":[{"name":"wp","href":"https:\/\/api.w.org\/{rel}","templated":true}]}}