{"id":236680,"date":"2025-11-15T03:11:10","date_gmt":"2025-11-15T03:11:10","guid":{"rendered":"https:\/\/www.europesays.com\/es\/236680\/"},"modified":"2025-11-15T03:11:10","modified_gmt":"2025-11-15T03:11:10","slug":"una-oleada-de-videos-humillantes-contra-millones-de-personas-invaden-las-redes-sociales","status":"publish","type":"post","link":"https:\/\/www.europesays.com\/es\/236680\/","title":{"rendered":"una oleada de v\u00eddeos humillantes contra millones de personas invaden las redes sociales"},"content":{"rendered":"<p>OpenAI present\u00f3 a finales de septiembre su modelo Sora 2 con la intenci\u00f3n de evolucionar su inteligencia artificial para que pudiese <strong data-start=\"317\" data-end=\"422\">generar v\u00eddeos a partir de texto con un nivel de hiperrealismo que ha sorprendido a toda la industria<\/strong>. Uno puede decir sin miedo a equivocarse que los resultados que han conseguido son \u00f3ptimos, <b>el problema ha llegado por parte de los usuario y su manera de emplear esta herramienta, us\u00e1ndola para burlarse y humillar a personas. <\/b>Sin duda, la pol\u00e9mica est\u00e1 servida.<\/p>\n<p>Tras su lanzamiento, muchos de los v\u00eddeos que inundaron las redes sociales y se extendieron por las plataformas mostraban <strong data-start=\"839\" data-end=\"906\">personajes con derechos de autor en situaciones comprometedoras<\/strong>, as\u00ed como escenas expl\u00edcitas de violencia y racismo. Los propios t\u00e9rminos de servicio de OpenAI para Sora, as\u00ed como la <a title=\"generaci\u00f3n de im\u00e1genes o texto de ChatGPT,\" href=\"https:\/\/www.larazon.es\/tecnologia-consumo\/app-modelo-generacion-video-openai-sora-supera-mismisimo-chatgpt-cuanto-numero-descargas-primera-semana-vida_2025100968e7bd539c028a4cad2d9cbd.html\" target=\"_blank\" rel=\"nofollow noopener\">generaci\u00f3n de im\u00e1genes o texto de ChatGPT,<\/a> proh\u00edben el contenido que <strong data-start=\"1095\" data-end=\"1154\">\u00abpromueva la violencia\u00bb o que, en general, \u00abcause da\u00f1o\u00bb<\/strong>.<\/p>\n<p>La <a title=\"vulneraci\u00f3n del copyright tambi\u00e9n se ha visto inmersa\" href=\"https:\/\/www.larazon.es\/tecnologia-consumo\/studio-ghibli-exige-openai-que-deje-usar-estilo-sora-permiso_20251109690b882ade224c6cdd379064.html\" target=\"_blank\" rel=\"nofollow noopener\">vulneraci\u00f3n del copyright tambi\u00e9n se ha visto inmersa<\/a> en esta pol\u00e9mica con el empleo de distintos personajes m\u00edticos como pueden ser Goku, Pikachu o Mickey Mouse, <strong data-start=\"1303\" data-end=\"1383\">reavivando el debate sobre la legalidad de su uso en v\u00eddeos generados por IA<\/strong>. Sam Altman, CEO de OpenAI, defendi\u00f3 en este sentido Sora 2 se\u00f1alando que \u00abalgunos se quejan no de que usemos sus personajes, sino de que lo hagamos demasiado poco\u00bb.<\/p>\n<p>Los ejemplos contin\u00faan abundando, desde personajes p\u00fablicos y pol\u00edticos hasta personas normales y corrientes. Mucha controversia han creado los v\u00eddeos dirigidos a personas con sobrepeso, <strong data-start=\"1738\" data-end=\"1843\">que en numerosas ocasiones se convierten en objeto de burla y generan din\u00e1micas de humillaci\u00f3n masiva<\/strong>. Un v\u00eddeo con 56.000 me gusta en Instagram combina gordofobia y racismo, mostrando a una mujer negra cayendo a trav\u00e9s del suelo de un KFC. Otro muestra a un hombre comiendo la \u00abhamburguesa de pollo m\u00e1s grande del mundo\u00bb, lo que provoca que se hinche y flote hacia el cielo.<\/p>\n<p>Una delgada l\u00ednea entre realidad y ficci\u00f3n<\/p>\n<p>Pese a que muchos usuarios se percatan de que estos v\u00eddeos han sido generados por inteligencia artificial, <strong data-start=\"2171\" data-end=\"2211\">muchos otros no parecen darse cuenta<\/strong>. Basta con un vistazo en cualquier red social como TikTok o Instagram para percatarse de que muchos usuarios comentan los diferentes v\u00eddeos como si en realidad fuesen reales, <strong data-start=\"2387\" data-end=\"2474\">por lo que tienen que ser alertados por otras personas de que en realidad no lo son<\/strong>.<\/p>\n<p>La aplicaci\u00f3n Sora ofrece una visi\u00f3n de un futuro cercano donde <a title=\"distinguir la verdad de la ficci\u00f3n podr\u00eda volverse cada vez m\u00e1s dif\u00edcil \" href=\"https:\/\/www.larazon.es\/sociedad\/openai-pone-limites-sora-proliferacion-videos-irrespetuosos-imagen-martin-luther-king-b50m_2025101768f2664edc27b32ca38a9cb2.html\" target=\"_blank\" rel=\"nofollow noopener\">distinguir la verdad de la ficci\u00f3n podr\u00eda volverse cada vez m\u00e1s dif\u00edcil <\/a>si los v\u00eddeos <b>contin\u00faan difundi\u00e9ndose de forma masiva<\/b>. Investigadores de desinformaci\u00f3n consultados por The Guardian afirman que estas escenas tan realistas podr\u00edan ocultar la verdad y <b>crear situaciones en las que estos v\u00eddeos generados por IA podr\u00edan usarse para el fraude, el acoso y la intimidaci\u00f3n.<\/b><\/p>\n<p>\u00abNo guarda fidelidad a la historia ni tiene relaci\u00f3n con la verdad\u00bb, afirm\u00f3 Joan Donovan, profesora adjunta de la Universidad de Boston, quien estudia la manipulaci\u00f3n medi\u00e1tica y la desinformaci\u00f3n. \u00abCuando personas crueles tienen acceso a herramientas como esta, <strong data-start=\"3237\" data-end=\"3299\">las utilizan para incitar al odio, el acoso y la violencia<\/strong>\u00ab.<\/p>\n","protected":false},"excerpt":{"rendered":"OpenAI present\u00f3 a finales de septiembre su modelo Sora 2 con la intenci\u00f3n de evolucionar su inteligencia artificial&hellip;\n","protected":false},"author":2,"featured_media":236681,"comment_status":"","ping_status":"","sticky":false,"template":"","format":"standard","meta":{"footnotes":""},"categories":[80],"tags":[82,95,94,25,24,23],"class_list":{"0":"post-236680","1":"post","2":"type-post","3":"status-publish","4":"format-standard","5":"has-post-thumbnail","7":"category-economia","8":"tag-business","9":"tag-economia","10":"tag-economy","11":"tag-es","12":"tag-espana","13":"tag-spain"},"share_on_mastodon":{"url":"https:\/\/pubeurope.com\/@es\/115551527509020879","error":""},"_links":{"self":[{"href":"https:\/\/www.europesays.com\/es\/wp-json\/wp\/v2\/posts\/236680","targetHints":{"allow":["GET"]}}],"collection":[{"href":"https:\/\/www.europesays.com\/es\/wp-json\/wp\/v2\/posts"}],"about":[{"href":"https:\/\/www.europesays.com\/es\/wp-json\/wp\/v2\/types\/post"}],"author":[{"embeddable":true,"href":"https:\/\/www.europesays.com\/es\/wp-json\/wp\/v2\/users\/2"}],"replies":[{"embeddable":true,"href":"https:\/\/www.europesays.com\/es\/wp-json\/wp\/v2\/comments?post=236680"}],"version-history":[{"count":0,"href":"https:\/\/www.europesays.com\/es\/wp-json\/wp\/v2\/posts\/236680\/revisions"}],"wp:featuredmedia":[{"embeddable":true,"href":"https:\/\/www.europesays.com\/es\/wp-json\/wp\/v2\/media\/236681"}],"wp:attachment":[{"href":"https:\/\/www.europesays.com\/es\/wp-json\/wp\/v2\/media?parent=236680"}],"wp:term":[{"taxonomy":"category","embeddable":true,"href":"https:\/\/www.europesays.com\/es\/wp-json\/wp\/v2\/categories?post=236680"},{"taxonomy":"post_tag","embeddable":true,"href":"https:\/\/www.europesays.com\/es\/wp-json\/wp\/v2\/tags?post=236680"}],"curies":[{"name":"wp","href":"https:\/\/api.w.org\/{rel}","templated":true}]}}