{"id":236682,"date":"2025-11-15T03:12:17","date_gmt":"2025-11-15T03:12:17","guid":{"rendered":"https:\/\/www.europesays.com\/es\/236682\/"},"modified":"2025-11-15T03:12:17","modified_gmt":"2025-11-15T03:12:17","slug":"varios-muertos-en-estocolmo-suecia-tras-ser-atropellados-por-un-autobus-internacional","status":"publish","type":"post","link":"https:\/\/www.europesays.com\/es\/236682\/","title":{"rendered":"Varios muertos en Estocolmo (Suecia) tras ser atropellados por un autob\u00fas | Internacional"},"content":{"rendered":"<p>Varias personas han muerto y otras han resultado heridas cuando un autob\u00fas ha chocado contra una parada en el centro de Estocolmo (Suecia) este viernes, seg\u00fan ha informado la polic\u00eda sueca. El atropello se ha producido en la calle Valhallav\u00e4gen <\/p>\n<p>Las autoridades informan de que a\u00fan es demasiado pronto para decir qu\u00e9 ha causado el accidente mortal. Cinco personas se han visto afectadas en el incidente, ha indicado un portavoz de los servicios de rescate de Estocolmo a Reuters.<\/p>\n<p>Las im\u00e1genes muestran a los equipos de rescate ayudando a las personas atrapadas debajo del autob\u00fas, que es de dos pisos. Un testigo indic\u00f3 en la cadena de televisi\u00f3n sueca SVT que el bus ha chocado contra un poste frente a una marquesina. <\/p>\n<p><b>(((ESTAMOS AMPLIANDO INFORMACI\u00d3N)))<\/b><\/p>\n","protected":false},"excerpt":{"rendered":"Varias personas han muerto y otras han resultado heridas cuando un autob\u00fas ha chocado contra una parada en&hellip;\n","protected":false},"author":2,"featured_media":236683,"comment_status":"","ping_status":"","sticky":false,"template":"","format":"standard","meta":{"footnotes":""},"categories":[42],"tags":[17,18,13,14,11,61,62,63,64,19,20,9,10,15,16,12,21,22,65,66,67],"class_list":{"0":"post-236682","1":"post","2":"type-post","3":"status-publish","4":"format-standard","5":"has-post-thumbnail","7":"category-internacional","8":"tag-breaking-news","9":"tag-breakingnews","10":"tag-featured-news","11":"tag-featurednews","12":"tag-headlines","13":"tag-internacional","14":"tag-international","15":"tag-international-news","16":"tag-internationalnews","17":"tag-latest-news","18":"tag-latestnews","19":"tag-news","20":"tag-noticias","21":"tag-noticias-destacadas","22":"tag-noticiasdestacadas","23":"tag-titulares","24":"tag-ultimas-noticias","25":"tag-ultimasnoticias","26":"tag-world","27":"tag-world-news","28":"tag-worldnews"},"share_on_mastodon":{"url":"https:\/\/pubeurope.com\/@es\/115551531523438235","error":""},"_links":{"self":[{"href":"https:\/\/www.europesays.com\/es\/wp-json\/wp\/v2\/posts\/236682","targetHints":{"allow":["GET"]}}],"collection":[{"href":"https:\/\/www.europesays.com\/es\/wp-json\/wp\/v2\/posts"}],"about":[{"href":"https:\/\/www.europesays.com\/es\/wp-json\/wp\/v2\/types\/post"}],"author":[{"embeddable":true,"href":"https:\/\/www.europesays.com\/es\/wp-json\/wp\/v2\/users\/2"}],"replies":[{"embeddable":true,"href":"https:\/\/www.europesays.com\/es\/wp-json\/wp\/v2\/comments?post=236682"}],"version-history":[{"count":0,"href":"https:\/\/www.europesays.com\/es\/wp-json\/wp\/v2\/posts\/236682\/revisions"}],"wp:featuredmedia":[{"embeddable":true,"href":"https:\/\/www.europesays.com\/es\/wp-json\/wp\/v2\/media\/236683"}],"wp:attachment":[{"href":"https:\/\/www.europesays.com\/es\/wp-json\/wp\/v2\/media?parent=236682"}],"wp:term":[{"taxonomy":"category","embeddable":true,"href":"https:\/\/www.europesays.com\/es\/wp-json\/wp\/v2\/categories?post=236682"},{"taxonomy":"post_tag","embeddable":true,"href":"https:\/\/www.europesays.com\/es\/wp-json\/wp\/v2\/tags?post=236682"}],"curies":[{"name":"wp","href":"https:\/\/api.w.org\/{rel}","templated":true}]}}