{"id":236684,"date":"2025-11-15T03:13:16","date_gmt":"2025-11-15T03:13:16","guid":{"rendered":"https:\/\/www.europesays.com\/es\/236684\/"},"modified":"2025-11-15T03:13:16","modified_gmt":"2025-11-15T03:13:16","slug":"los-decanos-de-la-ucm-alzan-su-voz-en-sol-por-un-plan-realista-de-financiacion-y-contra-la-futura-ley-de-universidades","status":"publish","type":"post","link":"https:\/\/www.europesays.com\/es\/236684\/","title":{"rendered":"Los decanos de la UCM alzan su voz en Sol por un plan \u00abrealista de financiaci\u00f3n\u00bb y contra la futura Ley de Universidades"},"content":{"rendered":"<p>\u00a0\u00a0\u00a0MADRID, 14 Nov. (EUROPA PRESS) &#8211; <\/p>\n<p>\u00a0\u00a0\u00a0Los 26 decanos de la Universidad Complutense de Madrid (UCM) han alzado su voz este viernes en la Puerta del Sol, donde esta ubicado la Real Casa de Correos, sede del Gobierno regional, por un plan \u00abrealista de financiaci\u00f3n\u00bb y contra la futura Ley de Ense\u00f1anzas Superiores, Universidades y Ciencia (LESUC).<\/p>\n<p>\u00a0\u00a0\u00a0As\u00ed lo han manifestado la decana de la Facultad de Trabajo Social Aurora Castillo y el decano de Matem\u00e1ticas Antonio Br\u00fa durante la lectura del manifiesto de los decanos de la UCM en \u00abdefensa de la universidad p\u00fablica\u00bb, acompa\u00f1ados por sus 24 compa\u00f1eros.<\/p>\n<p>\u00a0\u00a0\u00a0\u00abQueremos reivindicar lo que es justo: una dotaci\u00f3n adecuada de recursos y un apoyo real para la actualizaci\u00f3n de nuestras infraestructuras, as\u00ed como el reconocimiento institucional y el respeto a la labor que desempe\u00f1an nuestras universidades\u00bb han remarcado.<\/p>\n<p>\u00a0\u00a0\u00a0 Ven con \u00abpreocupaci\u00f3n\u00bb la aprobaci\u00f3n de la LESUC \u00absin haber promovido un proceso m\u00e1s amplio de di\u00e1logo, abierto y profundo, con quienes conforman la comunidad universitaria\u00bb y han advertido de que una legislaci\u00f3n de \u00abtal trascendencia\u00bb alcanza su \u00abmayor legitimidad\u00bb cuando \u00abnace del consenso y la participaci\u00f3n plural de universidades, personal docente, t\u00e9cnico, estudiantes y sociedad\u00bb.<\/p>\n<p>\u00a0\u00a0\u00a0 \u00abNo tomar en consideraci\u00f3n esta necesidad de consenso debilita los principios de autonom\u00eda institucional y participaci\u00f3n democr\u00e1tica y favorece un modelo que reduce el compromiso p\u00fablico con la educaci\u00f3n superior, mercantiliza el conocimiento y amenaza la equidad en el acceso\u00bb, han insistido los portavoces.<\/p>\n<p>\u00a0\u00a0\u00a0A las 12.30 horas ser\u00e1n recibidos por la viceconsejera de Universidades, Investigaci\u00f3n y Ciencia, Mercedes Zarzalejo, en la Real Casa de Correos. El objetivo es entregarles el manifiesto, que en un principio quer\u00edan dar en mano a la presidenta, Isabel D\u00edaz Ayuso, y al consejero de Educaci\u00f3n, Ciencia y Universidades, Emilio Viciana.<\/p>\n<p>((HABR\u00c1 AMPLIACI\u00d3N))<\/p>\n","protected":false},"excerpt":{"rendered":"\u00a0\u00a0\u00a0MADRID, 14 Nov. (EUROPA PRESS) &#8211; \u00a0\u00a0\u00a0Los 26 decanos de la Universidad Complutense de Madrid (UCM) han alzado&hellip;\n","protected":false},"author":2,"featured_media":236685,"comment_status":"","ping_status":"","sticky":false,"template":"","format":"standard","meta":{"footnotes":""},"categories":[8],"tags":[17,18,25,24,13,14,11,19,20,9,10,15,16,23,12,21,22],"class_list":{"0":"post-236684","1":"post","2":"type-post","3":"status-publish","4":"format-standard","5":"has-post-thumbnail","7":"category-espana","8":"tag-breaking-news","9":"tag-breakingnews","10":"tag-es","11":"tag-espana","12":"tag-featured-news","13":"tag-featurednews","14":"tag-headlines","15":"tag-latest-news","16":"tag-latestnews","17":"tag-news","18":"tag-noticias","19":"tag-noticias-destacadas","20":"tag-noticiasdestacadas","21":"tag-spain","22":"tag-titulares","23":"tag-ultimas-noticias","24":"tag-ultimasnoticias"},"share_on_mastodon":{"url":"https:\/\/pubeurope.com\/@es\/115551535436522234","error":""},"_links":{"self":[{"href":"https:\/\/www.europesays.com\/es\/wp-json\/wp\/v2\/posts\/236684","targetHints":{"allow":["GET"]}}],"collection":[{"href":"https:\/\/www.europesays.com\/es\/wp-json\/wp\/v2\/posts"}],"about":[{"href":"https:\/\/www.europesays.com\/es\/wp-json\/wp\/v2\/types\/post"}],"author":[{"embeddable":true,"href":"https:\/\/www.europesays.com\/es\/wp-json\/wp\/v2\/users\/2"}],"replies":[{"embeddable":true,"href":"https:\/\/www.europesays.com\/es\/wp-json\/wp\/v2\/comments?post=236684"}],"version-history":[{"count":0,"href":"https:\/\/www.europesays.com\/es\/wp-json\/wp\/v2\/posts\/236684\/revisions"}],"wp:featuredmedia":[{"embeddable":true,"href":"https:\/\/www.europesays.com\/es\/wp-json\/wp\/v2\/media\/236685"}],"wp:attachment":[{"href":"https:\/\/www.europesays.com\/es\/wp-json\/wp\/v2\/media?parent=236684"}],"wp:term":[{"taxonomy":"category","embeddable":true,"href":"https:\/\/www.europesays.com\/es\/wp-json\/wp\/v2\/categories?post=236684"},{"taxonomy":"post_tag","embeddable":true,"href":"https:\/\/www.europesays.com\/es\/wp-json\/wp\/v2\/tags?post=236684"}],"curies":[{"name":"wp","href":"https:\/\/api.w.org\/{rel}","templated":true}]}}