{"id":236686,"date":"2025-11-15T03:14:11","date_gmt":"2025-11-15T03:14:11","guid":{"rendered":"https:\/\/www.europesays.com\/es\/236686\/"},"modified":"2025-11-15T03:14:11","modified_gmt":"2025-11-15T03:14:11","slug":"la-policia-investiga-la-posible-muerte-violenta-de-la-cantante-encarnita-polo-en-una-residencia-de-avila","status":"publish","type":"post","link":"https:\/\/www.europesays.com\/es\/236686\/","title":{"rendered":"La Polic\u00eda investiga la posible muerte violenta de la cantante Encarnita Polo en una residencia de \u00c1vila"},"content":{"rendered":"<p class=\"articleParagraph\">La <b>Polic\u00eda Nacional<\/b> ha abierto una investigaci\u00f3n para aclarar la muerte de la actriz y cantante <b>Encarnita Polo<\/b>, una las figuras m\u00e1s importantes de la m\u00fasica pop y la copla de los a\u00f1os sesenta y setenta y que triunf\u00f3 con su conocida canci\u00f3n Paco, Paco, Paco, que ha fallecido este viernes <b>a los 86 a\u00f1os<\/b> en una residencia de <b>\u00c1vila<\/b>.<\/p>\n<p class=\"articleParagraph\">La Polic\u00eda Nacional ha informado en un mensaje enviado a los medios que este viernes se hab\u00eda producido un fallecimiento en la residencia Decanos de \u00c1vila que est\u00e1 siendo investigada por la Brigada Provincial de la Polic\u00eda Judicial.<\/p>\n<p class=\"articleParagraph\">Fuentes cercanas a la investigaci\u00f3n han indicado a EFE que la fallecida es Encarnita Polo, de 86 a\u00f1os, y que <b>ha sido otro residente el que la ha agredido provocando su muerte <\/b>y han a\u00f1adido que el presunto agresor es un octogenario que <b>no hab\u00eda mostrado signos de agresividad<\/b> y que <b>ha sido ingreso en un servicio de Psiquiatr\u00eda tras el ataque<\/b>.<\/p>\n<p class=\"articleParagraph\">Por otra parte, su hija, <b>Raquel Waitzman Polo<\/b>, ha comunicado el fallecimiento a sus conocidos y <b>ha pedido respeto y privacidad para la familia<\/b> en estos momentos tan delicados.<\/p>\n<p class=\"articleParagraph\">\u00abCon un dolor inmenso quiero comunicar que mi madre, Encarnita Polo, ha fallecido hoy en \u00c1vila, la ciudad donde vivimos y donde pas\u00f3 sus \u00faltimos a\u00f1os rodeada de cari\u00f1o\u00bb, es el mensaje que ha enviado la hija de Encarnita a sus allegados.<\/p>\n<p class=\"articleParagraph\">Y a\u00f1ade: \u00abpara muchos fue <b>una cantante y actriz inolvidable<\/b>, una pionera del flamenco-pop cuya voz y personalidad marcaron a varias generaciones. Pero para m\u00ed fue, ante todo, mi madre: <b>una mujer fuerte, divertida y con un car\u00e1cter \u00fanico\u00bb<\/b>.<\/p>\n<p>Un icono pop de los 60 que triunf\u00f3 con &#8216;Paco, Paco, Paco&#8217;<\/p>\n<p class=\"articleParagraph\">Aconsejada por el cantante franc\u00e9s <b>Charles Aznavour,<\/b> abandon\u00f3 a principios de los a\u00f1os sesenta su repertorio andaluz para <b>convertirse en una cantante de pop<\/b>.<\/p>\n<p class=\"articleParagraph\">En 1963 grab\u00f3 su primer disco, con temas como La balada del amanecer y Sobre la playa, al que siguieron Un sue\u00f1o roto y Yo que te quiero.<\/p>\n<p class=\"articleParagraph\">En esa \u00e9poca, la cantante <b>intervino en programas musicales de \u00e9xito<\/b> de TVE como Los amigos del lunes, Noche del S\u00e1bado o La hora de. Sus actuaciones fueron seguidas en <b>Portugal<\/b>, <b>Francia<\/b> e <b>Italia<\/b>, pa\u00eds en el que obtuvo en 1964 el <b>primer premio en el festival de la RAI<\/b> por Napoli Contra Tutti.<\/p>\n<p class=\"articleParagraph\">Con su creciente popularidad, pronto fue llamada por la <b>televisi\u00f3n<\/b> y el <b>cine<\/b>. En 1965, de la mano de Domenico Modugno, debut\u00f3 en el largometraje musical Scaramouche. Tambi\u00e9n en Italia particip\u00f3 en el rodaje de cuatro westerns y en 1966 protagoniz\u00f3 en Espa\u00f1a la pel\u00edcula 07 con el 2 delante, bajo la direcci\u00f3n de <b>Ignacio F. Iquino<\/b>.<\/p>\n<p class=\"articleParagraph\">A finales de los sesenta, y de la mano del que luego fue su marido, el compositor argentino <b>Adolfo Waiztman<\/b>, dio un nuevo giro a su carrera musical con trabajos en los que<b> fusion\u00f3 el flamenco y el pop<\/b>. De esta fusi\u00f3n surgi\u00f3 en 1969 la nueva versi\u00f3n de Pepa Bandera, que se convirti\u00f3 en su gran \u00e9xito,<b> n\u00famero uno en las listas musicales de la \u00e9poca<\/b>.<\/p>\n<p class=\"articleParagraph\">En 1970 obtuvo su segundo gran \u00e9xito discogr\u00e1fico con Paco, Paco, Paco, al que sigui\u00f3 Ol\u00e9, con el que la cantante <b>se consagr\u00f3 definitivamente en el movimiento entonces denominado flamenco-pop<\/b>.<\/p>\n","protected":false},"excerpt":{"rendered":"La Polic\u00eda Nacional ha abierto una investigaci\u00f3n para aclarar la muerte de la actriz y cantante Encarnita Polo,&hellip;\n","protected":false},"author":2,"featured_media":236687,"comment_status":"","ping_status":"","sticky":false,"template":"","format":"standard","meta":{"footnotes":""},"categories":[5],"tags":[17,18,25,24,13,14,11,19,20,9,10,15,16,23,12,21,22],"class_list":{"0":"post-236686","1":"post","2":"type-post","3":"status-publish","4":"format-standard","5":"has-post-thumbnail","7":"category-titulares","8":"tag-breaking-news","9":"tag-breakingnews","10":"tag-es","11":"tag-espana","12":"tag-featured-news","13":"tag-featurednews","14":"tag-headlines","15":"tag-latest-news","16":"tag-latestnews","17":"tag-news","18":"tag-noticias","19":"tag-noticias-destacadas","20":"tag-noticiasdestacadas","21":"tag-spain","22":"tag-titulares","23":"tag-ultimas-noticias","24":"tag-ultimasnoticias"},"share_on_mastodon":{"url":"https:\/\/pubeurope.com\/@es\/115551539243696951","error":""},"_links":{"self":[{"href":"https:\/\/www.europesays.com\/es\/wp-json\/wp\/v2\/posts\/236686","targetHints":{"allow":["GET"]}}],"collection":[{"href":"https:\/\/www.europesays.com\/es\/wp-json\/wp\/v2\/posts"}],"about":[{"href":"https:\/\/www.europesays.com\/es\/wp-json\/wp\/v2\/types\/post"}],"author":[{"embeddable":true,"href":"https:\/\/www.europesays.com\/es\/wp-json\/wp\/v2\/users\/2"}],"replies":[{"embeddable":true,"href":"https:\/\/www.europesays.com\/es\/wp-json\/wp\/v2\/comments?post=236686"}],"version-history":[{"count":0,"href":"https:\/\/www.europesays.com\/es\/wp-json\/wp\/v2\/posts\/236686\/revisions"}],"wp:featuredmedia":[{"embeddable":true,"href":"https:\/\/www.europesays.com\/es\/wp-json\/wp\/v2\/media\/236687"}],"wp:attachment":[{"href":"https:\/\/www.europesays.com\/es\/wp-json\/wp\/v2\/media?parent=236686"}],"wp:term":[{"taxonomy":"category","embeddable":true,"href":"https:\/\/www.europesays.com\/es\/wp-json\/wp\/v2\/categories?post=236686"},{"taxonomy":"post_tag","embeddable":true,"href":"https:\/\/www.europesays.com\/es\/wp-json\/wp\/v2\/tags?post=236686"}],"curies":[{"name":"wp","href":"https:\/\/api.w.org\/{rel}","templated":true}]}}