{"id":236690,"date":"2025-11-15T03:22:17","date_gmt":"2025-11-15T03:22:17","guid":{"rendered":"https:\/\/www.europesays.com\/es\/236690\/"},"modified":"2025-11-15T03:22:17","modified_gmt":"2025-11-15T03:22:17","slug":"a-mi-se-me-culpa-por-todo-la-proxima-tormenta-es-tambien-mi-culpa-y-si-pinchas-la-rueda-de-tu-coche-no-te-preocupes-que-es-culpa-mia","status":"publish","type":"post","link":"https:\/\/www.europesays.com\/es\/236690\/","title":{"rendered":"A m\u00ed se me culpa por todo. La pr\u00f3xima tormenta es tambi\u00e9n mi culpa y si pinchas la rueda de tu coche, no te preocupes, que es culpa m\u00eda"},"content":{"rendered":"<p data-gtm-element-container=\"modulo-texto-link\" class=\"paragraph\"><strong>F\u00e9lix Alonso<\/strong>, exentrenador del <strong>Obradoiro <\/strong>y actualmente en Cartagena, record\u00f3 su etapa anterior en el conjunto gallego tras caer en su \u00faltimo curso en los playoff ante el Palencia. El t\u00e9cnico intent\u00f3 llevar de vuelta al Obradoiro a Liga Endesa, pero el desenlace final no fue el esperado debido a varias circunstancias.\u00a0<\/p>\n<p data-gtm-element-container=\"modulo-texto-link\" class=\"paragraph\">\u00ab(Ondrej) <strong>Balvin se borr\u00f3 en varios partidos, como el de Fuenlabrada, y cuando lleg\u00f3 el momento de los playoff, su cabeza ya estaba en su pr\u00f3ximo destino, en China<\/strong>\u00ab, declar\u00f3 contundentemente Alonso esta semana en <a href=\"https:\/\/cadenaser.com\/galicia\/2025\/11\/11\/felix-alonso-balvin-se-borro-en-varios-partidos-en-los-play-offs-ya-estaba-pensando-en-china-radio-galicia\/\" target=\"_blank\" rel=\"nofollow noopener\">SER Deportivos<\/a> recordando la dif\u00edcil situaci\u00f3n con la que tuvo que lidiar.\u00a0<\/p>\n<p>        Lee tambi\u00e9n<\/p>\n<p>    Toni Canyameras<\/p>\n<p>             <img loading=\"lazy\" decoding=\"async\" data-full-src=\"https:\/\/www.mundodeportivo.com\/uploads\/2017\/10\/20\/60e7820a42078.jpeg\" alt=\"Horizontal\" width=\"334\" height=\"164\" src=\"https:\/\/www.europesays.com\/es\/wp-content\/uploads\/2025\/11\/60e7820a42078.r_d.440-242.jpeg\" class=\"lazy\"\/><\/p>\n<p data-gtm-element-container=\"modulo-texto-link\" class=\"paragraph\">Un d\u00eda despu\u00e9s, el propio <strong>Balvin<\/strong>, actualmente jugando en los Hong Kong Bulls de China, comparti\u00f3 en &#8216;X&#8217; un escrito en referencia a las \u00faltimas declaraciones sobre su persona. \u00ab<strong>Es interesante ver como alguna gente se quiere quitar responsabilidad<\/strong>. En el partido contra el Fuenlabrada, sal\u00eda de tener fiebre y tras cuatro d\u00edas sin comer nada ni levantarme de la cama. En el calentamiento, dije que me sent\u00eda mal, pero claro, <strong>el jugador no importa<\/strong>\u00ab, explica.<\/p>\n<blockquote class=\"twitter-tweet\" data-lang=\"es\"><p>\n<a href=\"https:\/\/twitter.com\/OBalvin\/status\/1988499821448286659\" rel=\"nofollow noopener\" target=\"_blank\">\n<\/p><\/blockquote>\n<p data-gtm-element-container=\"modulo-texto-link\" class=\"paragraph\"><strong>Balvin <\/strong>puso otro ejemplo sobre una situaci\u00f3n de la pasada temporada: \u00abEjemplo perfecto: el partido contra San Sebasti\u00e1n a final de temporada. Toda la semana hacemos t\u00e1ctica para el playoff, poniendo nuevos sistemas que nunca hemos jugado y el 90% de ellos ni los llegamos a jugar en playoff. <strong>Acab\u00f3 como acab\u00f3<\/strong>\u00ab.<\/p>\n<p>        Lee tambi\u00e9n<\/p>\n<p>    Redacci\u00f3n<\/p>\n<p>             <img loading=\"lazy\" decoding=\"async\" data-full-src=\"https:\/\/www.mundodeportivo.com\/uploads\/2025\/11\/14\/6916f98e37ad5.jpeg\" alt=\"Pierre Oriola ha fichado por el BAXI Manresa hasta final de temporada\" width=\"334\" height=\"164\" src=\"https:\/\/www.europesays.com\/es\/wp-content\/uploads\/2025\/11\/6916f98e37ad5.r_d.640-360.jpeg\" class=\"lazy\"\/><\/p>\n<p data-gtm-element-container=\"modulo-texto-link\" class=\"paragraph\">Sin entender lo sucedido, el jugador brome\u00f3 con la cr\u00edtica recibida. <strong>\u00abA m\u00ed se me culpa por todo. La pr\u00f3xima tormenta en Santiago es, por cierto, tambi\u00e9n mi culpa y si pinchas la rueda de tu coche, no te preocupes, es culpa m\u00eda tambi\u00e9n<\/strong>. Tengo mi responsabilidad y nunca voy a tirar mierda encima de otros, pero me voy a defender. El baloncesto es un deporte de equipo, no de una persona\u00bb, concret\u00f3 en el escrito.<\/p>\n<p><script async src=\"https:\/\/platform.twitter.com\/widgets.js\" charset=\"utf-8\"><\/script><\/p>\n","protected":false},"excerpt":{"rendered":"F\u00e9lix Alonso, exentrenador del Obradoiro y actualmente en Cartagena, record\u00f3 su etapa anterior en el conjunto gallego tras&hellip;\n","protected":false},"author":2,"featured_media":236691,"comment_status":"","ping_status":"","sticky":false,"template":"","format":"standard","meta":{"footnotes":""},"categories":[269],"tags":[299,298,168,25,24,23,167],"class_list":{"0":"post-236690","1":"post","2":"type-post","3":"status-publish","4":"format-standard","5":"has-post-thumbnail","7":"category-baloncesto","8":"tag-baloncesto","9":"tag-basketball","10":"tag-deportes","11":"tag-es","12":"tag-espana","13":"tag-spain","14":"tag-sports"},"share_on_mastodon":{"url":"https:\/\/pubeurope.com\/@es\/115551571323768675","error":""},"_links":{"self":[{"href":"https:\/\/www.europesays.com\/es\/wp-json\/wp\/v2\/posts\/236690","targetHints":{"allow":["GET"]}}],"collection":[{"href":"https:\/\/www.europesays.com\/es\/wp-json\/wp\/v2\/posts"}],"about":[{"href":"https:\/\/www.europesays.com\/es\/wp-json\/wp\/v2\/types\/post"}],"author":[{"embeddable":true,"href":"https:\/\/www.europesays.com\/es\/wp-json\/wp\/v2\/users\/2"}],"replies":[{"embeddable":true,"href":"https:\/\/www.europesays.com\/es\/wp-json\/wp\/v2\/comments?post=236690"}],"version-history":[{"count":0,"href":"https:\/\/www.europesays.com\/es\/wp-json\/wp\/v2\/posts\/236690\/revisions"}],"wp:featuredmedia":[{"embeddable":true,"href":"https:\/\/www.europesays.com\/es\/wp-json\/wp\/v2\/media\/236691"}],"wp:attachment":[{"href":"https:\/\/www.europesays.com\/es\/wp-json\/wp\/v2\/media?parent=236690"}],"wp:term":[{"taxonomy":"category","embeddable":true,"href":"https:\/\/www.europesays.com\/es\/wp-json\/wp\/v2\/categories?post=236690"},{"taxonomy":"post_tag","embeddable":true,"href":"https:\/\/www.europesays.com\/es\/wp-json\/wp\/v2\/tags?post=236690"}],"curies":[{"name":"wp","href":"https:\/\/api.w.org\/{rel}","templated":true}]}}