{"id":236692,"date":"2025-11-15T03:23:15","date_gmt":"2025-11-15T03:23:15","guid":{"rendered":"https:\/\/www.europesays.com\/es\/236692\/"},"modified":"2025-11-15T03:23:15","modified_gmt":"2025-11-15T03:23:15","slug":"mvp-quien-ha-sido-el-mvpvgl-contra-el-real-valladolid","status":"publish","type":"post","link":"https:\/\/www.europesays.com\/es\/236692\/","title":{"rendered":"MVP | \u00bfQui\u00e9n ha sido el #MvpVGL contra el Real Valladolid?"},"content":{"rendered":"<p>&#13;<br \/>\n        &#13;<br \/>\n&#13;<br \/>\n        &#13;<\/p>\n<p>        <a href=\"https:\/\/www.udlaspalmas.net\/wp-content\/2022\/10\/MVP_VGL.png\" data-caption=\"\" rel=\"nofollow noopener\" target=\"_blank\"><img loading=\"lazy\" decoding=\"async\" width=\"640\" height=\"354\" class=\"entry-thumb td-modal-image\" src=\"https:\/\/www.europesays.com\/es\/wp-content\/uploads\/2025\/11\/MVP_VGL-640x354.png\"   alt=\"\" title=\"MVP_VGL\"\/><\/a><\/p>\n<p><strong>ENCUESTA |\u00a0Elige al mejor jugador amarillo tras el partido de este viernes entre el Real Valladolid y la UD Las Palmas<\/strong>.<\/p>\n<p><strong>Encuesta patrocinada por\u00a0<a href=\"https:\/\/www.tramitesdetraficoenlaspalmas.es\/\" target=\"_blank\" rel=\"noreferrer noopener nofollow\">VGL, Gesti\u00f3n y Tramitaci\u00f3n de tr\u00e1fico en Las Palmas<\/a><\/strong><\/p>\n<p><a href=\"https:\/\/www.europesays.com\/es\/wp-content\/uploads\/2025\/11\/LOGO_VGL.png\"><img fetchpriority=\"high\" decoding=\"async\" width=\"598\" height=\"312\" src=\"https:\/\/www.europesays.com\/es\/wp-content\/uploads\/2025\/11\/LOGO_VGL.png\" alt=\"ENCUESTA | Elige al mejor jugador amarillo tras el partido de este domingo entre la Uni\u00f3n Deportiva Las Palmas y el C\u00e1diz Club de F\u00fatbol. Encuesta patrocinada por VGL, Gesti\u00f3n y Tramitaci\u00f3n de tr\u00e1fico en Las Palmas VOTA AQU\u00cd al #MvpVGL del encuentro:\" class=\"wp-image-184242\" title=\"LOGO_VGL | udlaspalmas.NET\"  \/><\/a><\/p>\n<p><strong>VOTA AQU\u00cd al #MvpVGL del encuentro:<\/strong><\/p>\n<p><img loading=\"lazy\" decoding=\"async\" src=\"https:\/\/www.europesays.com\/es\/wp-content\/uploads\/2025\/11\/loading.gif\" width=\"16\" height=\"16\" alt=\"Cargando ...\" title=\"Cargando ...\" class=\"wp-polls-image\"\/>\u00a0Cargando &#8230;<\/p>\n<p>\t\t\t<img decoding=\"async\" class=\"aioseo-author-bio-compact-image\" src=\"https:\/\/www.europesays.com\/es\/wp-content\/uploads\/2025\/11\/1763176995_910_4ec5edc01f854ecfe820c6e6114a83dd4d9748dc467cfe10a2c7e7b7946096f5\" alt=\"author avatar\"\/><\/p>\n<p>        &#13;<br \/>\n&#13;<br \/>\n&#13;<br \/>\n        &#13;<br \/>\n                        &#13;<br \/>\n            &#13;<br \/>\n&#13;<br \/>\n                        Art\u00edculo anterior<a href=\"https:\/\/www.udlaspalmas.net\/2025\/11\/14\/cronica-un-renacido-pejino-pone-lider-a-la-ud-las-palmas-0-1\/\" rel=\"nofollow noopener\" target=\"_blank\">CR\u00d3NICA | Un renacido Peji\u00f1o pone l\u00edder a la UD Las Palmas (0-1)<\/a>Art\u00edculo posterior<a href=\"https:\/\/www.udlaspalmas.net\/2025\/11\/14\/luis-garcia-hay-que-estar-orgullosos-del-esfuerzo-de-los-jugadores\/\" rel=\"nofollow noopener\" target=\"_blank\">\u00abHay que estar orgullosos del esfuerzo de los jugadores\u00bb<\/a>            \t                &#13;<br \/>\n&#13;<\/p>\n","protected":false},"excerpt":{"rendered":"&#13; &#13; &#13; &#13; ENCUESTA |\u00a0Elige al mejor jugador amarillo tras el partido de este viernes entre el&hellip;\n","protected":false},"author":2,"featured_media":227398,"comment_status":"","ping_status":"","sticky":false,"template":"","format":"standard","meta":{"footnotes":""},"categories":[268],"tags":[168,25,24,280,282,281,23,167,4406],"class_list":{"0":"post-236692","1":"post","2":"type-post","3":"status-publish","4":"format-standard","5":"has-post-thumbnail","7":"category-futbol","8":"tag-deportes","9":"tag-es","10":"tag-espana","11":"tag-football","12":"tag-futbol","13":"tag-soccer","14":"tag-spain","15":"tag-sports","16":"tag-ud-las-palmas"},"share_on_mastodon":{"url":"https:\/\/pubeurope.com\/@es\/115551574924508228","error":""},"_links":{"self":[{"href":"https:\/\/www.europesays.com\/es\/wp-json\/wp\/v2\/posts\/236692","targetHints":{"allow":["GET"]}}],"collection":[{"href":"https:\/\/www.europesays.com\/es\/wp-json\/wp\/v2\/posts"}],"about":[{"href":"https:\/\/www.europesays.com\/es\/wp-json\/wp\/v2\/types\/post"}],"author":[{"embeddable":true,"href":"https:\/\/www.europesays.com\/es\/wp-json\/wp\/v2\/users\/2"}],"replies":[{"embeddable":true,"href":"https:\/\/www.europesays.com\/es\/wp-json\/wp\/v2\/comments?post=236692"}],"version-history":[{"count":0,"href":"https:\/\/www.europesays.com\/es\/wp-json\/wp\/v2\/posts\/236692\/revisions"}],"wp:featuredmedia":[{"embeddable":true,"href":"https:\/\/www.europesays.com\/es\/wp-json\/wp\/v2\/media\/227398"}],"wp:attachment":[{"href":"https:\/\/www.europesays.com\/es\/wp-json\/wp\/v2\/media?parent=236692"}],"wp:term":[{"taxonomy":"category","embeddable":true,"href":"https:\/\/www.europesays.com\/es\/wp-json\/wp\/v2\/categories?post=236692"},{"taxonomy":"post_tag","embeddable":true,"href":"https:\/\/www.europesays.com\/es\/wp-json\/wp\/v2\/tags?post=236692"}],"curies":[{"name":"wp","href":"https:\/\/api.w.org\/{rel}","templated":true}]}}