{"id":236693,"date":"2025-11-15T03:24:11","date_gmt":"2025-11-15T03:24:11","guid":{"rendered":"https:\/\/www.europesays.com\/es\/236693\/"},"modified":"2025-11-15T03:24:11","modified_gmt":"2025-11-15T03:24:11","slug":"investigan-la-muerte-de-la-cantante-encarnita-polo-en-una-residencia-de-avila","status":"publish","type":"post","link":"https:\/\/www.europesays.com\/es\/236693\/","title":{"rendered":"Investigan la muerte de la cantante Encarnita Polo en una residencia de \u00c1vila"},"content":{"rendered":"<p class=\"paragraph\">La <b>Polic\u00eda Nacional<\/b> ha abierto una investigaci\u00f3n para aclarar la <a href=\"https:\/\/www.heraldo.es\/noticias\/ocio-y-cultura\/2025\/11\/14\/muere-la-cantante-encarnita-polo-que-triunfo-con-su-paco-paco-paco-1870548.html\" title=\"Muere la cantante Encarnita Polo, que triunf\u00f3 con su &#039;Paco, Paco, Paco&#039;\" rel=\"nofollow noopener\" target=\"_blank\">muerte de la actriz y cantante Encarnita Polo<\/a>, que ha fallecido este viernes a los <b>86 a\u00f1os<\/b> en una residencia de \u00c1vila,<b> estrangulada por otro residente seg\u00fan los primeros indicios.<\/b><\/p>\n<p class=\"paragraph\">La Polic\u00eda Nacional ha informado en un mensaje enviado a los medios que este viernes se ha producido un fallecimiento <b>en la residencia Decanos de \u00c1vila<\/b> que est\u00e1 siendo investigado por la Brigada Provincial de la Polic\u00eda Judicial.<\/p>\n<p class=\"paragraph\">Fuentes cercanas a la investigaci\u00f3n han indicado que la fallecida es Encarnita Polo y que <b>ha sido otro residente el que la ha agredido provocando su muerte por estrangulamiento.<\/b><\/p>\n<p class=\"paragraph\">Fuentes de la investigaci\u00f3n han a\u00f1adido que el presunto agresor es <b>un octogenario que no hab\u00eda mostrado signos de agresividad<\/b> y que ha sido ingreso en un servicio de Psiquiatr\u00eda tras el ataque.<\/p>\n<p class=\"paragraph\">Encarna Polo fue una las figuras m\u00e1s importantes de la m\u00fasica pop y la copla de los a\u00f1os sesenta y setenta, cuando triunf\u00f3 con su conocida canci\u00f3n<b>\u00a0&#8216;Paco, Paco, Paco&#8217;.<\/b><\/p>\n<p class=\"paragraph\">Su hija,<b> Raquel Waitzman<\/b> Polo, ha comunicado el fallecimiento a sus conocidos y ha pedido respeto y privacidad para la familia en estos momentos tan delicados.<\/p>\n<p class=\"paragraph\">\u00abCon un dolor inmenso quiero comunicar que mi madre, Encarnita Polo, ha fallecido hoy en \u00c1vila, la ciudad donde vivimos y donde pas\u00f3 sus \u00faltimos a\u00f1os rodeada de cari\u00f1o\u00bb, es el mensaje que ha enviado la hija de Encarnita a sus allegados.<\/p>\n<p class=\"paragraph\">Y a\u00f1ade:<b> \u00abpara muchos fue una cantante y actriz inolvidable<\/b>, una pionera del flamenco-pop cuya voz y personalidad marcaron a varias generaciones. Pero para m\u00ed fue, ante todo, <b>mi madre: una mujer fuerte, divertida y con un car\u00e1cter \u00fanico\u00bb.<\/b><\/p>\n<p class=\"paragraph\">Pide respeto y privacidad la familia en estos momentos tan delicados e indica que no har\u00e1 declaraciones p\u00fablicas ni conceder\u00e1 entrevistas: <b>\u00abNecesito vivir este duelo en silencio y en paz, cerca de quienes la quisimos\u00bb.<\/b><\/p>\n<p class=\"paragraph\">Y finaliza diciendo: \u00aba quienes la admiraron y siguen record\u00e1ndola con cari\u00f1o, solo puedo darles las gracias\u00bb.<\/p>\n<p class=\"paragraph\">Nacida en Sevilla en 1939, Encarna Polo logr\u00f3 convertirse en una de las figuras m\u00e1s destacadas del panorama musical espa\u00f1ol de los sesenta y setenta y una de las m\u00e1s populares gracias a la televisi\u00f3n, en la que sigui\u00f3 apareciendo como invitada a pesar de haber dejado el mundo discogr\u00e1fico.<\/p>\n<p class=\"paragraph\"><b> Polo naci\u00f3 en el barrio sevillano de Triana en 1939<\/b> e inici\u00f3 su relaci\u00f3n con la m\u00fasica desde ni\u00f1a, influenciada por el ambiente flamenco familiar. En su adolescencia se traslad\u00f3 con su familia a Barcelona, ciudad donde comenz\u00f3 a presentarse en salas de fiesta y emisoras locales, lo que marc\u00f3 el inicio de su carrera profesional.<\/p>\n<p>            <img decoding=\"async\" loading=\"lazy\" width=\"990\" height=\"556\" alt=\"Encarnita Polo, en 1970\" src=\"https:\/\/imagenes.heraldo.es\/files\/image_990_556\/uploads\/imagenes\/2025\/11\/14\/encarnita-polo.png\" data-full-src=\"https:\/\/www.europesays.com\/es\/wp-content\/uploads\/2025\/11\/encarnita-polo.png\"\/><\/p>\n<p>        Encarnita Polo, en 1970RTVE<\/p>\n<p class=\"paragraph\">Uno de sus <b>grandes \u00e9xitos lleg\u00f3 en 1969 con la publicaci\u00f3n de &#8216;Paco, Paco, Paco&#8217;.<\/b> D\u00e9cadas m\u00e1s tarde el tema recuper\u00f3 fama mundial tras viralizarse en internet. Esta pieza termin\u00f3 convirti\u00e9ndose en su sello personal y en uno de los grandes fen\u00f3menos musicales espa\u00f1oles de su tiempo. Otros de sus &#8216;singles&#8217; m\u00e1s conocidos es &#8216;<b>Pepa Bandera&#8217;.<\/b><\/p>\n<p class=\"paragraph\">En la d\u00e9cada de los 60 consolid\u00f3 su popularidad y se traslad\u00f3 a Italia para trabajar al lado de figuras de la canci\u00f3n italiana como Claudio Villa o Gigliola Cinquetti. Fue en este pa\u00eds donde debuta en el cine junto a Domenico Modugno en la comedia musical &#8216;Scaramouc&#8217;.<\/p>\n<p class=\"paragraph\">En televisi\u00f3n tambi\u00e9n particip\u00f3 en el famoso programa de TVE <b>&#8216;Pasaporte a Dubl\u00edn&#8217;<\/b>, donde comparti\u00f3 espacio con otros grandes artistas de la \u00e9poca, como Roc\u00edo Jurado, Julio Iglesias, Nino Bravo, Massiel o Karina.<\/p>\n<p class=\"paragraph\">En noviembre de 2012 desvel\u00f3 ser una de las personas a<b>fectadas por las preferentes de Bankia<\/b> y asegur\u00f3 haber perdido considerables fondos. Los \u00faltimos a\u00f1os vivi\u00f3 alejada de los medios de comunicaci\u00f3n y fue tratada de un c\u00e1ncer.<\/p>\n","protected":false},"excerpt":{"rendered":"La Polic\u00eda Nacional ha abierto una investigaci\u00f3n para aclarar la muerte de la actriz y cantante Encarnita Polo,&hellip;\n","protected":false},"author":2,"featured_media":236694,"comment_status":"","ping_status":"","sticky":false,"template":"","format":"standard","meta":{"footnotes":""},"categories":[174],"tags":[4328,255,61345,146,147,25,24,256,15307,586,10827,23],"class_list":{"0":"post-236693","1":"post","2":"type-post","3":"status-publish","4":"format-standard","5":"has-post-thumbnail","7":"category-famosos","8":"tag-cantante","9":"tag-celebrities","10":"tag-encarnita","11":"tag-entertainment","12":"tag-entretenimiento","13":"tag-es","14":"tag-espana","15":"tag-famosos","16":"tag-investiga","17":"tag-policia","18":"tag-residencia","19":"tag-spain"},"share_on_mastodon":{"url":"https:\/\/pubeurope.com\/@es\/115551578663443693","error":""},"_links":{"self":[{"href":"https:\/\/www.europesays.com\/es\/wp-json\/wp\/v2\/posts\/236693","targetHints":{"allow":["GET"]}}],"collection":[{"href":"https:\/\/www.europesays.com\/es\/wp-json\/wp\/v2\/posts"}],"about":[{"href":"https:\/\/www.europesays.com\/es\/wp-json\/wp\/v2\/types\/post"}],"author":[{"embeddable":true,"href":"https:\/\/www.europesays.com\/es\/wp-json\/wp\/v2\/users\/2"}],"replies":[{"embeddable":true,"href":"https:\/\/www.europesays.com\/es\/wp-json\/wp\/v2\/comments?post=236693"}],"version-history":[{"count":0,"href":"https:\/\/www.europesays.com\/es\/wp-json\/wp\/v2\/posts\/236693\/revisions"}],"wp:featuredmedia":[{"embeddable":true,"href":"https:\/\/www.europesays.com\/es\/wp-json\/wp\/v2\/media\/236694"}],"wp:attachment":[{"href":"https:\/\/www.europesays.com\/es\/wp-json\/wp\/v2\/media?parent=236693"}],"wp:term":[{"taxonomy":"category","embeddable":true,"href":"https:\/\/www.europesays.com\/es\/wp-json\/wp\/v2\/categories?post=236693"},{"taxonomy":"post_tag","embeddable":true,"href":"https:\/\/www.europesays.com\/es\/wp-json\/wp\/v2\/tags?post=236693"}],"curies":[{"name":"wp","href":"https:\/\/api.w.org\/{rel}","templated":true}]}}