{"id":236697,"date":"2025-11-15T03:28:20","date_gmt":"2025-11-15T03:28:20","guid":{"rendered":"https:\/\/www.europesays.com\/es\/236697\/"},"modified":"2025-11-15T03:28:20","modified_gmt":"2025-11-15T03:28:20","slug":"radioaficionados-de-cordoba-impulsan-una-red-de-comunicacion-para-emergencias-sin-internet","status":"publish","type":"post","link":"https:\/\/www.europesays.com\/es\/236697\/","title":{"rendered":"Radioaficionados de C\u00f3rdoba impulsan una red de comunicaci\u00f3n para emergencias sin internet"},"content":{"rendered":"<p><strong>En C\u00f3rdoba se ha activado un sistema de comunicaci\u00f3n de radio alternativo<\/strong> que podr\u00eda ser clave en emergencias. Permite <strong>enviar textos, incluso con apagones o ca\u00eddas de la red.<\/strong> La primera antena se ha instalado, precisamente, en la torre de la <strong>Delegaci\u00f3n de Canal Sur<\/strong> en la capital.<\/p>\n<p>La ciudad cuenta ya con el primer nodo de esta red de comunicaci\u00f3n que <strong>funciona de forma independiente de la telefon\u00eda m\u00f3vil e internet<\/strong>. Permite enviar <strong>mensajes de texto a una gran distancia<\/strong> mediante peque\u00f1os dispositivos interconectados.<\/p>\n<p><strong>La Uni\u00f3n de Radioaficionados de C\u00f3rdoba es la art\u00edfice de este proyecto<\/strong>. Su presidente, Pedro Luque, destaca el valor que puede tener este sistema \u00abque comunica a la ciudadan\u00eda en caso de emergencia\u00bb.<\/p>\n<p>El primer repetidor se ha ubicado en la torre de RTVA, gracias a la <strong>colaboraci\u00f3n del centro territorial de Canal Sur en C\u00f3rdoba<\/strong> que cumple un objetivo en base a su funci\u00f3n de servicio p\u00fablico, seg\u00fan ha destacado el director Pedro Garc\u00eda V\u00e1zquez.<\/p>\n<p>Cualquier persona con <strong>una aplicaci\u00f3n y un dispositivo Meshtastic<\/strong>, que pueden costar<strong> entre 20 y 40 euros<\/strong>, podr\u00eda mantener la comunicaci\u00f3n de texto, incluso durante apagones o emergencias.<\/p>\n","protected":false},"excerpt":{"rendered":"En C\u00f3rdoba se ha activado un sistema de comunicaci\u00f3n de radio alternativo que podr\u00eda ser clave en emergencias.&hellip;\n","protected":false},"author":2,"featured_media":236698,"comment_status":"","ping_status":"","sticky":false,"template":"","format":"standard","meta":{"footnotes":""},"categories":[170],"tags":[146,147,25,24,61346,184,185,23],"class_list":{"0":"post-236697","1":"post","2":"type-post","3":"status-publish","4":"format-standard","5":"has-post-thumbnail","7":"category-musica","8":"tag-entertainment","9":"tag-entretenimiento","10":"tag-es","11":"tag-espana","12":"tag-https-www-canalsur-es-noticias-andalucia-los-radioaficionados-de-cordoba-impulsan-una-red-de-comunicacion-alternativa-que-funciona-sin-internet-2216427-html","13":"tag-music","14":"tag-musica","15":"tag-spain"},"share_on_mastodon":{"url":"https:\/\/pubeurope.com\/@es\/115551594452006365","error":""},"_links":{"self":[{"href":"https:\/\/www.europesays.com\/es\/wp-json\/wp\/v2\/posts\/236697","targetHints":{"allow":["GET"]}}],"collection":[{"href":"https:\/\/www.europesays.com\/es\/wp-json\/wp\/v2\/posts"}],"about":[{"href":"https:\/\/www.europesays.com\/es\/wp-json\/wp\/v2\/types\/post"}],"author":[{"embeddable":true,"href":"https:\/\/www.europesays.com\/es\/wp-json\/wp\/v2\/users\/2"}],"replies":[{"embeddable":true,"href":"https:\/\/www.europesays.com\/es\/wp-json\/wp\/v2\/comments?post=236697"}],"version-history":[{"count":0,"href":"https:\/\/www.europesays.com\/es\/wp-json\/wp\/v2\/posts\/236697\/revisions"}],"wp:featuredmedia":[{"embeddable":true,"href":"https:\/\/www.europesays.com\/es\/wp-json\/wp\/v2\/media\/236698"}],"wp:attachment":[{"href":"https:\/\/www.europesays.com\/es\/wp-json\/wp\/v2\/media?parent=236697"}],"wp:term":[{"taxonomy":"category","embeddable":true,"href":"https:\/\/www.europesays.com\/es\/wp-json\/wp\/v2\/categories?post=236697"},{"taxonomy":"post_tag","embeddable":true,"href":"https:\/\/www.europesays.com\/es\/wp-json\/wp\/v2\/tags?post=236697"}],"curies":[{"name":"wp","href":"https:\/\/api.w.org\/{rel}","templated":true}]}}