{"id":236717,"date":"2025-11-15T03:46:13","date_gmt":"2025-11-15T03:46:13","guid":{"rendered":"https:\/\/www.europesays.com\/es\/236717\/"},"modified":"2025-11-15T03:46:13","modified_gmt":"2025-11-15T03:46:13","slug":"luis-rubiales-luis-ruben-rubiales-tio-del-expresidente-de-la-rfef-habla-tras-intentar-boicotear-a-su-sobrino-y-ser-detenido-no-critiques-a-pedro-sanchez-que-eras-un-lame-traserillos-suyo","status":"publish","type":"post","link":"https:\/\/www.europesays.com\/es\/236717\/","title":{"rendered":"LUIS RUBIALES | Luis Rub\u00e9n Rubiales, t\u00edo del expresidente de la RFEF, habla tras intentar boicotear a su sobrino y ser detenido: \u00abNo critiques a Pedro S\u00e1nchez que eras un &#8216;lame traserillos&#8217; suyo\u00bb"},"content":{"rendered":"<p class=\"ft-text\">En ocasiones <strong>la realidad supera a la ficci\u00f3n<\/strong>, y la tarde del jueves se vivi\u00f3 una de esas escenas surrealistas, a la vez que deplorables.<\/p>\n<p class=\"ft-text\">Un \u00ab<strong>t\u00edo carnal<\/strong>\u00bb del expresidente de la RFEF, <a class=\"ft-link ft-link--decoration\" href=\"https:\/\/www.sport.es\/es\/noticias\/actualidad\/luis-ruben-tio-lanzo-huevos-rubiales-actor-avecina-cuentame-123713413\" target=\"_blank\" rel=\"nofollow noopener\">Luis Rubiales<\/a>, quien estaba presentando el libro que recoge su versi\u00f3n de los echos respecto al episodio con <strong>Jenni Hermoso<\/strong>, intent\u00f3 boicotearle <strong>lanz\u00e1ndole varios huevos<\/strong> que llegaron a impactar en la espalda.<\/p>\n<p class=\"ft-text\">Ahora, tras ser <strong>arrestado<\/strong> por la Polic\u00eda que custodiaba la seguridad del acto, <strong>Luis Rub\u00e9n Rubiales<\/strong> ha vuelto a la carga ante las c\u00e1maras para hablar por primera vez.<\/p>\n<p class=\"ft-text\">Lo ha hecho en dos de las cadenas m\u00e1s vistas del pa\u00eds, <strong>Antena 3<\/strong> y <strong>Telecinco<\/strong>, y ha dejado m\u00e1s de un titular que merece la pena rescatar.<\/p>\n<p>\u00abLe hubiera tirado alg\u00fan huevo m\u00e1s, porque llevaba una docena\u00bb<\/p>\n<p class=\"ft-text\">En su charla con &#8216;<strong>Y Ahora Sonsoles<\/strong>&#8216; del primer canal, Luis Rub\u00e9n, quien tras los hechos se supo que trabaj\u00f3 como<strong> <\/strong>actor para comerciales y series como &#8216;La Que Se Avecina&#8217;, confirmaba que si no lanz\u00f3 m\u00e1s &#8216;huevazos&#8217; fue porque no le dio tiempo: \u00ab<strong>Le tir\u00e9 tres, cuatro o cinco huevos&#8230; Si me hubiera dado tiempo le hubiera tirado alguno m\u00e1s, porque llevaba una docena<\/strong>\u00ab, indicaba.<\/p>\n<p><img decoding=\"async\" src=\"https:\/\/www.europesays.com\/es\/wp-content\/uploads\/2025\/11\/ac96328c-baf2-4092-aea7-ca555ad4a775_alta-libre-aspect-ratio_default_0.jpg\" width=\"1200\" height=\"675\" alt=\"El t\u00edo de Rubiales, detenido tras agredirle en el acto de presentaci\u00f3n de su libro\" class=\"ft-helper-img-rd\" loading=\"lazy\"\/><\/p>\n<p class=\"ft-helper-fontColor-quaternary ft-helper-fontSize-body-S ft-helper-spacer-t-xxs\">El t\u00edo de Rubiales, detenido tras agredirle en el acto de presentaci\u00f3n de su libro  \/ SPORT<\/p>\n<p class=\"ft-text\">\u00abEs una persona que ha dejado <strong>muchos cad\u00e1veres<\/strong>&#8230; El d\u00eda de ma\u00f1ana se le puede levantar, <strong>como en el videoclip de Michael Jackson, &#8216;Thriller&#8217;<\/strong>, as\u00ed que yo no ser\u00eda muy feliz. Porque yo estoy desequilibrado, pero puedo ir por la calle tranquilamente\u00bb, apuntaba el t\u00edo.<\/p>\n<p class=\"ft-text\">Tambi\u00e9n aseguraba no haber le\u00eddo el libro y criticaba que su sobrino hubiera hablado del presidente del gobierno: \u00ab<strong>\u00bfT\u00fa vas a venir a hablar de Pedro S\u00e1nchez? Que has alardeado que era tu amigo, que te proteg\u00eda, que si eras su ni\u00f1o bonito&#8230; No vayas ahora a atacarle, diciendo que te ha hecho una conspiraci\u00f3n cuando t\u00fa eras un &#8216;lame traserillos&#8217; suyo<\/strong>\u00ab, remata la explosiva interveci\u00f3n.<\/p>\n<p>\u00abComo si me hubiera venido de estar 15 d\u00edas de vacaciones en Benidorm\u00bb<\/p>\n<p class=\"ft-text\">Por la otra parte, ha sido el programa &#8216;<strong>El tiempo justo<\/strong>&#8216; de Telecinco, el que ha ido en busca del personaje del momento a la salida de los juzgados de Plaza Castilla de Madrid.<\/p>\n<p class=\"ft-text\">Lejos de retractarse por los actos, el t\u00edo de Rubiales se reafirmaba: \u00ab<strong>Estoy muy bien. Es como si me hubiera venido de estar 15 d\u00edas de vacaciones en Benidorm. Estoy con esa energ\u00eda<\/strong>\u00ab, apuntaba.<\/p>\n<p class=\"ft-text\">Revela que ha podido hablar con su madre y con parte de la familia, aunque asegura que no han podido tratar nada sobre el tema porque \u00ab<strong>no se pueden hablar estas cosas por tel\u00e9fono<\/strong>\u00ab, aunque insit\u00eda en que \u00ablo importante es que est\u00e1 bien\u00bb.<\/p>\n","protected":false},"excerpt":{"rendered":"En ocasiones la realidad supera a la ficci\u00f3n, y la tarde del jueves se vivi\u00f3 una de esas&hellip;\n","protected":false},"author":2,"featured_media":236718,"comment_status":"","ping_status":"","sticky":false,"template":"","format":"standard","meta":{"footnotes":""},"categories":[268],"tags":[41751,30028,168,25,24,22155,280,282,4596,8084,25616,7820,1822,1550,1361,51354,199,33059,281,23,167,14819],"class_list":{"0":"post-236717","1":"post","2":"type-post","3":"status-publish","4":"format-standard","5":"has-post-thumbnail","7":"category-futbol","8":"tag-boicotear","9":"tag-criticar","10":"tag-deportes","11":"tag-es","12":"tag-espana","13":"tag-expresidente","14":"tag-football","15":"tag-futbol","16":"tag-habla","17":"tag-huevos","18":"tag-lanzar","19":"tag-luis","20":"tag-pedro","21":"tag-rfef","22":"tag-ruben","23":"tag-rubiales","24":"tag-sanchez","25":"tag-sobrino","26":"tag-soccer","27":"tag-spain","28":"tag-sports","29":"tag-tio"},"share_on_mastodon":{"url":"https:\/\/pubeurope.com\/@es\/115551665421827837","error":""},"_links":{"self":[{"href":"https:\/\/www.europesays.com\/es\/wp-json\/wp\/v2\/posts\/236717","targetHints":{"allow":["GET"]}}],"collection":[{"href":"https:\/\/www.europesays.com\/es\/wp-json\/wp\/v2\/posts"}],"about":[{"href":"https:\/\/www.europesays.com\/es\/wp-json\/wp\/v2\/types\/post"}],"author":[{"embeddable":true,"href":"https:\/\/www.europesays.com\/es\/wp-json\/wp\/v2\/users\/2"}],"replies":[{"embeddable":true,"href":"https:\/\/www.europesays.com\/es\/wp-json\/wp\/v2\/comments?post=236717"}],"version-history":[{"count":0,"href":"https:\/\/www.europesays.com\/es\/wp-json\/wp\/v2\/posts\/236717\/revisions"}],"wp:featuredmedia":[{"embeddable":true,"href":"https:\/\/www.europesays.com\/es\/wp-json\/wp\/v2\/media\/236718"}],"wp:attachment":[{"href":"https:\/\/www.europesays.com\/es\/wp-json\/wp\/v2\/media?parent=236717"}],"wp:term":[{"taxonomy":"category","embeddable":true,"href":"https:\/\/www.europesays.com\/es\/wp-json\/wp\/v2\/categories?post=236717"},{"taxonomy":"post_tag","embeddable":true,"href":"https:\/\/www.europesays.com\/es\/wp-json\/wp\/v2\/tags?post=236717"}],"curies":[{"name":"wp","href":"https:\/\/api.w.org\/{rel}","templated":true}]}}