{"id":236731,"date":"2025-11-15T03:57:12","date_gmt":"2025-11-15T03:57:12","guid":{"rendered":"https:\/\/www.europesays.com\/es\/236731\/"},"modified":"2025-11-15T03:57:12","modified_gmt":"2025-11-15T03:57:12","slug":"mercadona-preve-comercializar-131-000-toneladas-de-naranja-nacional","status":"publish","type":"post","link":"https:\/\/www.europesays.com\/es\/236731\/","title":{"rendered":"Mercadona prev\u00e9 comercializar 131.000 toneladas de naranja nacional"},"content":{"rendered":"<p>Arranca la campa\u00f1a nacional de la naranja en Mercadona, que prev\u00e9 comercializar durante la campa\u00f1a 2025\/26 un total de 131.000 toneladas de este c\u00edtrico.<\/p>\n<p>Para la presente campa\u00f1a, que acaba de comenzar y se alargar\u00e1 aproximadamente hasta el pr\u00f3ximo mes de agosto, la compa\u00f1\u00eda pondr\u00e1 a la venta naranjas procedentes de campos de Comunitat Valenciana, Andaluc\u00eda, Regi\u00f3n de Murcia y Catalu\u00f1a, gracias a la colaboraci\u00f3n con los <strong>proveedores Martinavarro, Bollo, Fontestad, Frutas Tono, Frutinter, Anecoop, Alcafruit, Lasarte, Agronostrum, AM Fresh Spain Citrus, Grupo Llusar Torres, Vicente Giner y Nufresco.<\/strong><\/p>\n<p><strong>Mercadona ofrece en todas sus tiendas naranja nacional en sus tres principales formatos:<\/strong> a granel y malla de tres y cinco kilogramos. La entrada de la naranja da as\u00ed continuidad a la campa\u00f1a 2025\/26 de c\u00edtricos de origen nacional en Mercadona, que comenz\u00f3 el pasado mes de octubre con la llegada de la mandarina y el lim\u00f3n de proveedores espa\u00f1oles. El compromiso de la compa\u00f1\u00eda con el sector primario espa\u00f1ol es firme y prioriza por garantizar relaciones estables y transparentes con sus 13 proveedores nacionales de naranja, quienes a su vez trabajan con m\u00e1s de 2.000 agricultores de toda Espa\u00f1a.<\/p>\n<p><strong>La apuesta de Mercadona por la naranja nacional reafirma su compromiso con el sector primario<\/strong> y con sus \u2018Jefes\u2019 (como internamente denominan a sus clientes). Gracias al trabajo realizado con sus proveedores, la compa\u00f1\u00eda logra alargar la disponibilidad de la naranja nacional hasta finales de verano, fomentando as\u00ed el consumo de frutas de temporada y de proximidad.<\/p>\n<p>Este compromiso forma parte de la estrategia de calidad y origen de Mercadona, que impulsa el consumo de productos de origen nacional siempre que cumplan con los est\u00e1ndares de calidad exigidos y existe disponibilidad suficiente para abastecer a las tiendas. <strong>En la actualidad, el 85% del surtido total de la compa\u00f1\u00eda es de origen nacional.<\/strong><\/p>\n<p><strong>Fomento del consumo de c\u00edtricos para una cesta equilibrada<\/strong><\/p>\n<p><strong>Mercadona fomenta el consumo de c\u00edtricos, as\u00ed como del zumo de naranja reci\u00e9n exprimido disponible en la secci\u00f3n de Fruta y Verdura<\/strong> en los tres formatos de envase habituales (250 mililitros, 500 mililitros y un litro). Este servicio, que comenz\u00f3 a implantarse en 2016 en todas las tiendas de la compa\u00f1\u00eda, se trata de un proyecto que se desarroll\u00f3 a trav\u00e9s de la innovaci\u00f3n conjunta entre Mercadona, el proveedor especialista Zumex y los propios clientes.<\/p>\n<p><strong>Los c\u00edtricos son ricos en vitaminas, minerales y antioxidantes y su consumo contribuye a mantener una dieta equilibrada.<\/strong> Las naranjas, mandarinas y limones, entre otros c\u00edtricos, son grandes aliados para completar una cesta de la compra equilibrada.<\/p>\n","protected":false},"excerpt":{"rendered":"Arranca la campa\u00f1a nacional de la naranja en Mercadona, que prev\u00e9 comercializar durante la campa\u00f1a 2025\/26 un total&hellip;\n","protected":false},"author":2,"featured_media":236732,"comment_status":"","ping_status":"","sticky":false,"template":"","format":"standard","meta":{"footnotes":""},"categories":[80],"tags":[82,61363,95,94,25,24,4973,61364,23],"class_list":{"0":"post-236731","1":"post","2":"type-post","3":"status-publish","4":"format-standard","5":"has-post-thumbnail","7":"category-economia","8":"tag-business","9":"tag-citricos","10":"tag-economia","11":"tag-economy","12":"tag-es","13":"tag-espana","14":"tag-mercadona","15":"tag-naranja-nacional","16":"tag-spain"},"share_on_mastodon":{"url":"https:\/\/pubeurope.com\/@es\/115551708394097348","error":""},"_links":{"self":[{"href":"https:\/\/www.europesays.com\/es\/wp-json\/wp\/v2\/posts\/236731","targetHints":{"allow":["GET"]}}],"collection":[{"href":"https:\/\/www.europesays.com\/es\/wp-json\/wp\/v2\/posts"}],"about":[{"href":"https:\/\/www.europesays.com\/es\/wp-json\/wp\/v2\/types\/post"}],"author":[{"embeddable":true,"href":"https:\/\/www.europesays.com\/es\/wp-json\/wp\/v2\/users\/2"}],"replies":[{"embeddable":true,"href":"https:\/\/www.europesays.com\/es\/wp-json\/wp\/v2\/comments?post=236731"}],"version-history":[{"count":0,"href":"https:\/\/www.europesays.com\/es\/wp-json\/wp\/v2\/posts\/236731\/revisions"}],"wp:featuredmedia":[{"embeddable":true,"href":"https:\/\/www.europesays.com\/es\/wp-json\/wp\/v2\/media\/236732"}],"wp:attachment":[{"href":"https:\/\/www.europesays.com\/es\/wp-json\/wp\/v2\/media?parent=236731"}],"wp:term":[{"taxonomy":"category","embeddable":true,"href":"https:\/\/www.europesays.com\/es\/wp-json\/wp\/v2\/categories?post=236731"},{"taxonomy":"post_tag","embeddable":true,"href":"https:\/\/www.europesays.com\/es\/wp-json\/wp\/v2\/tags?post=236731"}],"curies":[{"name":"wp","href":"https:\/\/api.w.org\/{rel}","templated":true}]}}