{"id":236761,"date":"2025-11-15T04:22:09","date_gmt":"2025-11-15T04:22:09","guid":{"rendered":"https:\/\/www.europesays.com\/es\/236761\/"},"modified":"2025-11-15T04:22:09","modified_gmt":"2025-11-15T04:22:09","slug":"dos-horas-de-sueno-y-reuniones-a-las-tres-de-la-madrugada-asi-es-la-polemica-rutina-de-trabajo-de-la-primera-ministra-de-japon-internacional","status":"publish","type":"post","link":"https:\/\/www.europesays.com\/es\/236761\/","title":{"rendered":"Dos horas de sue\u00f1o y reuniones a las tres de la madrugada: as\u00ed es la pol\u00e9mica rutina de trabajo de la primera ministra de Jap\u00f3n | Internacional"},"content":{"rendered":"<p class=\"loc\">Madrid<\/p>\n<p>Dos horas de sue\u00f1o y reuniones a las tres de la madrugada. La <a href=\"https:\/\/cadenaser.com\/nacional\/2025\/10\/21\/la-conservadora-sanae-takaichi-primera-mujer-en-liderar-el-gobierno-de-japon-cadena-ser\/\" target=\"_blank\" rel=\"nofollow noopener\" title=\"https:\/\/cadenaser.com\/nacional\/2025\/10\/21\/la-conservadora-sanae-takaichi-primera-mujer-en-liderar-el-gobierno-de-japon-cadena-ser\/\">nueva primera ministra de Jap\u00f3n<\/a>, Sanae Takaichi, se ha convertido en el foco de la pol\u00e9mica en su pa\u00eds tras desvelar su peculiar rutina de trabajo. <\/p>\n<p>M\u00e1s informaci\u00f3n<\/p>\n<p>Takaichi ha confesado, se\u00f1al\u00e1ndose las ojeras frente a los diputados japoneses, que \u00absobrevive\u00bb durmiendo muy poco, unas dos horas al d\u00eda. \u00abAhora duermo dos horas, cuatro como m\u00e1ximo. Probablemente sea algo malo para mi piel\u00bb, confesaba. <\/p>\n<p>El h\u00e1bito, que se enorgullece de compartir con Margaret Thatcher, a la que considera su hero\u00edna, se une a otro: el de despertar a sus asesores para que acudiesen a su oficina a las tres de la madrugada. El motivo de la convocatoria: preparar una audiencia del comit\u00e9 de presupuesto que comenzaba seis horas despu\u00e9s. <\/p>\n<p>Sus palabras no solo han generado pol\u00e9mica en la sociedad, sino tambi\u00e9n entre sus adversarios pol\u00edticos. El exministro de econom\u00eda del Partido Liberal Democr\u00e1tico japon\u00e9s, Ken Saito, ha asegurado que le \u00abpreocupa\u00bb el estado de salud de la mujer al frente del pa\u00eds. A \u00e9l se un\u00eda tambi\u00e9n Katsuhito Nakajima, un diputado de la oposici\u00f3n, que le pidi\u00f3 que durmiera m\u00e1s.<\/p>\n<p>Pol\u00e9mica en Jap\u00f3n por las condiciones de los trabajadores<\/p>\n<p>La confesi\u00f3n de <a href=\"https:\/\/cadenaser.com\/nacional\/2025\/10\/21\/baterista-de-heavy-metal-y-buceadora-asi-es-la-nueva-primera-ministra-de-japon-cadena-ser\/\" target=\"_blank\" rel=\"nofollow noopener\" title=\"https:\/\/cadenaser.com\/nacional\/2025\/10\/21\/baterista-de-heavy-metal-y-buceadora-asi-es-la-nueva-primera-ministra-de-japon-cadena-ser\/\">Takaichi <\/a>llega en medio del drama que viven en Jap\u00f3n millones de trabajadores, con un Gobierno al que le resulta pr\u00e1cticamente imposible modificar su pol\u00edtica laboral, marcada por las extensas jornadas. <\/p>\n<p>Un escenario que, tras las declaraciones de la primera ministra, no se espera que cambie en un pa\u00eds en el que no paran de aumentar las muertes por exceso de trabajo. El a\u00f1o pasado, al menos 1.304 personas murieron debido trastornos derivados de sus jornadas laborales. <\/p>\n<p>A\u00fan as\u00ed, y a pesar de que la administraci\u00f3n de Takaichi ha defendido que est\u00e1 debatiendo incrementar el l\u00edmite m\u00e1ximo de horas extras, la primera ministra ha asegurado que priorizar\u00e1 la salud de los trabajadores.<\/p>\n","protected":false},"excerpt":{"rendered":"Madrid Dos horas de sue\u00f1o y reuniones a las tres de la madrugada. La nueva primera ministra de&hellip;\n","protected":false},"author":2,"featured_media":236762,"comment_status":"","ping_status":"","sticky":false,"template":"","format":"standard","meta":{"footnotes":""},"categories":[42],"tags":[17,18,13,14,30942,11,61,62,63,64,19,20,2750,48194,9,10,15,16,26144,19775,32621,12,21,22,46872,65,66,67],"class_list":{"0":"post-236761","1":"post","2":"type-post","3":"status-publish","4":"format-standard","5":"has-post-thumbnail","7":"category-internacional","8":"tag-breaking-news","9":"tag-breakingnews","10":"tag-featured-news","11":"tag-featurednews","12":"tag-flag","13":"tag-headlines","14":"tag-internacional","15":"tag-international","16":"tag-international-news","17":"tag-internationalnews","18":"tag-latest-news","19":"tag-latestnews","20":"tag-media","21":"tag-mic","22":"tag-news","23":"tag-noticias","24":"tag-noticias-destacadas","25":"tag-noticiasdestacadas","26":"tag-parties","27":"tag-podium","28":"tag-press","29":"tag-titulares","30":"tag-ultimas-noticias","31":"tag-ultimasnoticias","32":"tag-voting","33":"tag-world","34":"tag-world-news","35":"tag-worldnews"},"share_on_mastodon":{"url":"","error":"Validation failed: Text character limit of 500 exceeded"},"_links":{"self":[{"href":"https:\/\/www.europesays.com\/es\/wp-json\/wp\/v2\/posts\/236761","targetHints":{"allow":["GET"]}}],"collection":[{"href":"https:\/\/www.europesays.com\/es\/wp-json\/wp\/v2\/posts"}],"about":[{"href":"https:\/\/www.europesays.com\/es\/wp-json\/wp\/v2\/types\/post"}],"author":[{"embeddable":true,"href":"https:\/\/www.europesays.com\/es\/wp-json\/wp\/v2\/users\/2"}],"replies":[{"embeddable":true,"href":"https:\/\/www.europesays.com\/es\/wp-json\/wp\/v2\/comments?post=236761"}],"version-history":[{"count":0,"href":"https:\/\/www.europesays.com\/es\/wp-json\/wp\/v2\/posts\/236761\/revisions"}],"wp:featuredmedia":[{"embeddable":true,"href":"https:\/\/www.europesays.com\/es\/wp-json\/wp\/v2\/media\/236762"}],"wp:attachment":[{"href":"https:\/\/www.europesays.com\/es\/wp-json\/wp\/v2\/media?parent=236761"}],"wp:term":[{"taxonomy":"category","embeddable":true,"href":"https:\/\/www.europesays.com\/es\/wp-json\/wp\/v2\/categories?post=236761"},{"taxonomy":"post_tag","embeddable":true,"href":"https:\/\/www.europesays.com\/es\/wp-json\/wp\/v2\/tags?post=236761"}],"curies":[{"name":"wp","href":"https:\/\/api.w.org\/{rel}","templated":true}]}}