{"id":236767,"date":"2025-11-15T04:29:13","date_gmt":"2025-11-15T04:29:13","guid":{"rendered":"https:\/\/www.europesays.com\/es\/236767\/"},"modified":"2025-11-15T04:29:13","modified_gmt":"2025-11-15T04:29:13","slug":"jannik-sinner-no-regala-nada-y-firma-la-quinta-mejor-racha-en-pista-dura-bajo-techo","status":"publish","type":"post","link":"https:\/\/www.europesays.com\/es\/236767\/","title":{"rendered":"Jannik Sinner no regala nada y firma la quinta mejor racha en pista dura bajo techo"},"content":{"rendered":"<p data-mrf-recirculation=\"Links P\u00e1rrafos\" class=\"ue-c-article__paragraph paragraph ue-c-article--first-letter-highlighted\"><strong>Jannik Sinner<\/strong> no regala nada. A pesar de haberse quedado matem\u00e1ticamente sin opciones de acabar el a\u00f1o como n\u00famero uno y estar clasificado como primero del grupo Bj\u00f6rn Borg, <strong>el italiano gan\u00f3 este viernes su tercer partido en las ATP Finals de Tur\u00edn<\/strong>.\u00a0El \u00eddolo local derrot\u00f3 a medio gas a <strong>Ben Shelton, ya eliminado, por 6-3 y 7-6(3)<\/strong>. El Inalpi Arena volvi\u00f3 a registrar un lleno absoluto, como todos los d\u00edas de competici\u00f3n.\u00a0<\/p>\n<p data-mrf-recirculation=\"Links P\u00e1rrafos\" class=\"ue-c-article__paragraph paragraph\">El transalpino firma la quinta mejor secuencia de victorias en pista dura bajo desde la creaci\u00f3n de la Era Open. <strong>Los 29 partidos ganados del tir\u00f3n igualan una de las marcas de Roger Federer, que lleg\u00f3 a las 33 entre 2004 y 2007<\/strong>.\u00a0<\/p>\n<p data-mrf-recirculation=\"Links P\u00e1rrafos\" class=\"ue-c-article__paragraph paragraph\"><strong>Sinner alcanza por tercer a\u00f1o seguida invicto las semifinales del torneo de maestros<\/strong>, lo que equivale a sumar 600 puntos. Ha ganado los \u00faltimos 16 sets disputados. La diferencia con Carlos Alcaraz se mantiene en <strong>1.050 puntos<\/strong>.\u00a0<\/p>\n<p>Espera De Mi\u00f1aur<br \/>\u200b<\/p>\n<p data-mrf-recirculation=\"Links P\u00e1rrafos\" class=\"ue-c-article__paragraph paragraph\">El tenista de San C\u00e1ndido disputar\u00e1 este s\u00e1bado la primera semifinal contra Alex de Mi\u00f1aur, a partir de las 14.30 horas.<strong> Jannik decant\u00f3 a su favor los 12 precedentes entre ambos<\/strong>.\u00a0<\/p>\n","protected":false},"excerpt":{"rendered":"Jannik Sinner no regala nada. A pesar de haberse quedado matem\u00e1ticamente sin opciones de acabar el a\u00f1o como&hellip;\n","protected":false},"author":2,"featured_media":236768,"comment_status":"","ping_status":"","sticky":false,"template":"","format":"standard","meta":{"footnotes":""},"categories":[274],"tags":[168,25,24,23,167,327,326],"class_list":{"0":"post-236767","1":"post","2":"type-post","3":"status-publish","4":"format-standard","5":"has-post-thumbnail","7":"category-tenis","8":"tag-deportes","9":"tag-es","10":"tag-espana","11":"tag-spain","12":"tag-sports","13":"tag-tenis","14":"tag-tennis"},"share_on_mastodon":{"url":"https:\/\/pubeurope.com\/@es\/115551834354531555","error":""},"_links":{"self":[{"href":"https:\/\/www.europesays.com\/es\/wp-json\/wp\/v2\/posts\/236767","targetHints":{"allow":["GET"]}}],"collection":[{"href":"https:\/\/www.europesays.com\/es\/wp-json\/wp\/v2\/posts"}],"about":[{"href":"https:\/\/www.europesays.com\/es\/wp-json\/wp\/v2\/types\/post"}],"author":[{"embeddable":true,"href":"https:\/\/www.europesays.com\/es\/wp-json\/wp\/v2\/users\/2"}],"replies":[{"embeddable":true,"href":"https:\/\/www.europesays.com\/es\/wp-json\/wp\/v2\/comments?post=236767"}],"version-history":[{"count":0,"href":"https:\/\/www.europesays.com\/es\/wp-json\/wp\/v2\/posts\/236767\/revisions"}],"wp:featuredmedia":[{"embeddable":true,"href":"https:\/\/www.europesays.com\/es\/wp-json\/wp\/v2\/media\/236768"}],"wp:attachment":[{"href":"https:\/\/www.europesays.com\/es\/wp-json\/wp\/v2\/media?parent=236767"}],"wp:term":[{"taxonomy":"category","embeddable":true,"href":"https:\/\/www.europesays.com\/es\/wp-json\/wp\/v2\/categories?post=236767"},{"taxonomy":"post_tag","embeddable":true,"href":"https:\/\/www.europesays.com\/es\/wp-json\/wp\/v2\/tags?post=236767"}],"curies":[{"name":"wp","href":"https:\/\/api.w.org\/{rel}","templated":true}]}}