{"id":236778,"date":"2025-11-15T04:39:06","date_gmt":"2025-11-15T04:39:06","guid":{"rendered":"https:\/\/www.europesays.com\/es\/236778\/"},"modified":"2025-11-15T04:39:06","modified_gmt":"2025-11-15T04:39:06","slug":"una-persona-muy-importante-lo-arruino-todo-este-fracaso-de-marvel-fracaso-por-culpa-de-un-ejecutivo-segun-el-actor-protagonista-noticias-de-cine","status":"publish","type":"post","link":"https:\/\/www.europesays.com\/es\/236778\/","title":{"rendered":"\u00abUna persona muy importante lo arruin\u00f3 todo\u00bb: este fracaso de Marvel fracas\u00f3 por culpa de un ejecutivo, seg\u00fan el actor protagonista &#8211; Noticias de cine"},"content":{"rendered":"<p>\u00abEs una l\u00e1stima, porque mucha gente trabaj\u00f3 muy duro en esa pel\u00edcula\u00bb, se lamenta Miles Teller, que estaba al inicio de su carrera y se vio conducido a decir &#8216;s\u00ed&#8217; al cine de superh\u00e9roes<\/p>\n<p class=\"bo-p\"><a href=\"https:\/\/www.sensacine.com\/actores\/actor-465875\/\" class=\"bo-link\" rel=\"nofollow noopener\" target=\"_blank\">Josh Trank<\/a>, el director de <a href=\"https:\/\/www.sensacine.com\/peliculas\/pelicula-180999\/\" class=\"bo-link\" rel=\"nofollow noopener\" target=\"_blank\">Cuatro fant\u00e1sticos<\/a> (la que se estren\u00f3 en 2015), termin\u00f3 tan traumatizado por la producci\u00f3n de la cinta que no pudo enfrentarse a ella hasta cuatro a\u00f1os despu\u00e9s de su estreno. Cuando se atrevi\u00f3 a verla quiso dejarlo por escrito a trav\u00e9s de una cr\u00edtica en Letterboxd. Le dio 2 estrellas de un total de 5 y asegur\u00f3 que \u00abesperaba que fuera mucho peor de lo que fue. La pel\u00edcula est\u00e1 BIEN\u00bb.<\/p>\n<p>    <a class=\"cms-see-also\" data-title=\"Link relacionado\" href=\"https:\/\/www.sensacine.com\/noticias\/cine\/noticia-1000121872\/\" rel=\"nofollow noopener\" target=\"_blank\">Este director tard\u00f3 cuatro a\u00f1os en poder ver su propia pel\u00edcula y le dio dos estrellas: \u00abEsperaba que fuera mucho peor de lo que fue\u00bb<\/a><\/p>\n<p class=\"bo-p\">Lo que ocurri\u00f3 realmente en el proceso de preparaci\u00f3n de la pel\u00edcula posiblemente nunca llegar\u00e1 a la luz, pero cada vez est\u00e1 m\u00e1s claro que hab\u00eda demasiadas manos queriendo controlar la cinta. Esta ha sido la \u00faltima de las quejas que han surgido en torno a la producci\u00f3n. El responsable de ella ha sido <a href=\"https:\/\/www.sensacine.com\/actores\/actor-471890\/\" class=\"bo-link\" rel=\"nofollow noopener\" target=\"_blank\"><b>Miles Teller<\/b><\/a><b>, quien dio vida a Reed Richards, Mr. Fant\u00e1stico<\/b>.<\/p>\n<p class=\"bo-p\">En una entrevista con Andy Cohen en SiriusXM, el actor cont\u00f3 que supo que iba a ser un fracaso en cuanto vio la primera proyecci\u00f3n.<\/p>\n<blockquote class=\"article-quote\" data-author=\"Miles Teller\" data-source=\"SiriusXM\"><p>Cuando vi la pel\u00edcula por primera vez, recuerdo haber hablado con uno de los jefes del estudio y decirle: &#8216;Creo que estamos en problemas&#8217;. Es una l\u00e1stima, porque mucha gente trabaj\u00f3 muy duro en esa pel\u00edcula. Y, sinceramente, tal vez hubo una persona muy importante que lo arruin\u00f3 todo<\/p><\/blockquote>\n<p class=\"bo-p\">Trank, por su parte, se ha atribuido la culpa en varias ocasiones y ha declarado que quer\u00eda contar una historia personal, obviando las peticiones de Fox. En Letterboxd asegur\u00f3: \u00abTen\u00eda 29 a\u00f1os, estaba haciendo mi segunda pel\u00edcula, en una situaci\u00f3n m\u00e1s complicada que cualquier otra en la que un cineasta que la hiciera por segunda vez se hubiera metido\u00bb. Ocurriera lo que ocurriese detr\u00e1s de las c\u00e1maras, dej\u00f3 huella en el director, quien solo ha dirigido una pel\u00edcula m\u00e1s desde entonces, <a href=\"https:\/\/www.sensacine.com\/peliculas\/pelicula-251401\/\" class=\"bo-link\" rel=\"nofollow noopener\" target=\"_blank\">Capone<\/a>, estrenada en 2020 en &#8216;video on demand&#8217;.<\/p>\n<p>\u00abTienes que subirte a este tren de los superh\u00e9roes\u00bb<\/p>\n<p class=\"bo-p\">Teller asegura que termin\u00f3 queriendo formar parte del proyecto porque era lo que tocaba hacer como actor a comienzos de los 2010. \u00abComo actor joven en ese momento, era como: &#8216;Bien, si quieres que te tomen en serio como protagonista, tienes que subirte a este tren de los superh\u00e9roes&#8217;. Esa era nuestra oportunidad\u00bb, ha asegurado en la misma entrevista.<\/p>\n<p class=\"bo-p\">Tambi\u00e9n se sinti\u00f3 atra\u00eddo por el nombre de sus compa\u00f1eros de reparto. \u00abY el elenco, pens\u00e9, fue espectacular. Me encantan todos esos actores\u00bb, cuenta. Trank tambi\u00e9n ha admirado siempre la interpretaci\u00f3n de su equipo. \u00abTodos los que aparecen en la pel\u00edcula son grandes actores y, en general, hay una pel\u00edcula en ella, en alg\u00fan lugar. Y ese reparto merece estar en ESA pel\u00edcula\u00bb, explic\u00f3 en Letterboxd.<\/p>\n","protected":false},"excerpt":{"rendered":"\u00abEs una l\u00e1stima, porque mucha gente trabaj\u00f3 muy duro en esa pel\u00edcula\u00bb, se lamenta Miles Teller, que estaba&hellip;\n","protected":false},"author":2,"featured_media":236779,"comment_status":"","ping_status":"","sticky":false,"template":"","format":"standard","meta":{"footnotes":""},"categories":[169],"tags":[177,146,147,25,24,176,8604,61373,2631,61372,175,23,10276],"class_list":{"0":"post-236778","1":"post","2":"type-post","3":"status-publish","4":"format-standard","5":"has-post-thumbnail","7":"category-cine","8":"tag-cine","9":"tag-entertainment","10":"tag-entretenimiento","11":"tag-es","12":"tag-espana","13":"tag-film","14":"tag-fracaso","15":"tag-los_cuatro_fantasticos","16":"tag-marvel","17":"tag-miles_teller","18":"tag-movies","19":"tag-spain","20":"tag-superheroes"},"share_on_mastodon":{"url":"https:\/\/pubeurope.com\/@es\/115551873480816058","error":""},"_links":{"self":[{"href":"https:\/\/www.europesays.com\/es\/wp-json\/wp\/v2\/posts\/236778","targetHints":{"allow":["GET"]}}],"collection":[{"href":"https:\/\/www.europesays.com\/es\/wp-json\/wp\/v2\/posts"}],"about":[{"href":"https:\/\/www.europesays.com\/es\/wp-json\/wp\/v2\/types\/post"}],"author":[{"embeddable":true,"href":"https:\/\/www.europesays.com\/es\/wp-json\/wp\/v2\/users\/2"}],"replies":[{"embeddable":true,"href":"https:\/\/www.europesays.com\/es\/wp-json\/wp\/v2\/comments?post=236778"}],"version-history":[{"count":0,"href":"https:\/\/www.europesays.com\/es\/wp-json\/wp\/v2\/posts\/236778\/revisions"}],"wp:featuredmedia":[{"embeddable":true,"href":"https:\/\/www.europesays.com\/es\/wp-json\/wp\/v2\/media\/236779"}],"wp:attachment":[{"href":"https:\/\/www.europesays.com\/es\/wp-json\/wp\/v2\/media?parent=236778"}],"wp:term":[{"taxonomy":"category","embeddable":true,"href":"https:\/\/www.europesays.com\/es\/wp-json\/wp\/v2\/categories?post=236778"},{"taxonomy":"post_tag","embeddable":true,"href":"https:\/\/www.europesays.com\/es\/wp-json\/wp\/v2\/tags?post=236778"}],"curies":[{"name":"wp","href":"https:\/\/api.w.org\/{rel}","templated":true}]}}