{"id":23678,"date":"2025-08-03T21:45:07","date_gmt":"2025-08-03T21:45:07","guid":{"rendered":"https:\/\/www.europesays.com\/es\/23678\/"},"modified":"2025-08-03T21:45:07","modified_gmt":"2025-08-03T21:45:07","slug":"un-caso-de-corrupcion-de-drones-de-guerra-sacude-a-ucrania","status":"publish","type":"post","link":"https:\/\/www.europesays.com\/es\/23678\/","title":{"rendered":"Un caso de corrupci\u00f3n de drones de guerra sacude a Ucrania"},"content":{"rendered":"<p style=\"\">Los organismos encargados de luchar contra la corrupci\u00f3n en Ucrania han desvelado una trama de sobornos a trav\u00e9s de contratos con precios inflados para la adquisici\u00f3n de drones y equipos de guerra electr\u00f3nica. La <strong>Oficina Nacional Anticorrupci\u00f3n<\/strong> (NABU) y <strong>Fiscal\u00eda Anticorrupci\u00f3n<\/strong> (SAPO) han  &#8230; explicado este s\u00e1bado en un comunicado que \u00abla esencia del plan era concluir contratos estatales con empresas proveedoras a precios deliberadamente inflados\u00bb. Seg\u00fan las pesquisas de las agencias, los involucrados en el caso de corrupci\u00f3n recib\u00edan, presuntamente, un 30% del monto establecido en el contrato. La NABU y la SAPO hicieron p\u00fablico el caso tan s\u00f3lo dos d\u00edas despu\u00e9s de que el <a href=\"https:\/\/www.abc.es\/internacional\/parlamento-ucrania-aprueba-nueva-ley-anticorrupcion-20250731123734-nt.html\" title=\"www.abc.es\" data-voc-vtm-id=\"in-text-traffic\" data-mrf-link=\"www.abc.es\" rel=\"nofollow noopener\" target=\"_blank\">Parlamento ucraniano<\/a> restaurase su independencia.<\/p>\n<p class=\"voc-p\" style=\"\">El comunicado de la Oficina y la Fiscal\u00eda Anticorrupci\u00f3n se\u00f1ala que el \u00abgrupo delictivo\u00bb estaba compuesto por un diputado, funcionarios regionales y locales, el jefe de una unidad militar de la Guardia Nacional y el director de una de las empresas que vend\u00eda los aparatos. Por el momento hay cuatro personas detenidas. Fuentes del peri\u00f3dico digital <strong>&#8216;Ukrainska Pravda&#8217; <\/strong>se\u00f1alan que los implicados son, <strong>Oleksii Kuznetsov<\/strong>, diputado del partido de Zelenski, Servidor del Pueblo; <strong>Serhi Haidai<\/strong>, jefe de la Administraci\u00f3n Estatal Regional de Mukachevo y exgobernador de Lugansk, y <strong>Andri Yurchenko<\/strong>, alcalde del distrito de Rubizhne tambi\u00e9n en la regi\u00f3n de Lugansk. <\/p>\n<p class=\"voc-p\" style=\"\">El jefe del grupo parlamentario de Zelenski en la Rada (Parlamento ucraniano)<strong\/><strong>, David Arakhimia<\/strong>, ha informado que Kuznetsov hab\u00eda sido expulsado de la facci\u00f3n mientras se desarrollaba la investigaci\u00f3n. \u00abEsperamos la audiencia judicial de este caso a su debido tiempo. Los culpables de delitos de corrupci\u00f3n deben ser castigados con justicia, independientemente de su estatus o posici\u00f3n\u00bb, manifest\u00f3 el l\u00edder del partido de Zelenski en el Parlamento. El presidente tambi\u00e9n ha destituido a Haidai de su cargo de gobernador. El ministro del Interior, <strong>Ihor Klymenko<\/strong>, anunci\u00f3 una investigaci\u00f3n interna en la <a href=\"https:\/\/www.abc.es\/internacional\/trump-califica-repugnante-ataque-ruso-letal-ano-20250801200229-nt.html\" title=\"www.abc.es\" data-voc-vtm-id=\"in-text-traffic\" data-mrf-link=\"www.abc.es\" rel=\"nofollow noopener\" target=\"_blank\">Guardia Nacional<\/a> e inform\u00f3 que varios funcionarios hab\u00edan sido destituidos.<\/p>\n<p class=\"voc-p\" style=\"\">El primer caso de corrupci\u00f3n, seg\u00fan las informaciones de &#8216;Ukrainska Pravda&#8217;, est\u00e1 relacionado con la adquisi\u00f3n de sistemas de guerra electr\u00f3nica de la empresa Yuvitek. Kuznietsov, Andrii Yurchenko y el representante de la empresa recibieron un monto de 7.600 euros cada uno. Un comandante militar recibi\u00f3 unos 5.000 euros y <strong>Serhii Haidai<\/strong> y otro oficial de la Guardia Nacional recibieron m\u00e1s de 2.000 euros cada uno . <\/p>\n<p>\n\u00abTolerancia cero ante la corrupci\u00f3n\u00bb\n<\/p>\n<p class=\"voc-p\" style=\"\"><a href=\"https:\/\/www.abc.es\/internacional\/zelenski-marcha-atras-tras-protestas-quejas-ue-20250724162359-nt.html\" title=\"www.abc.es\" data-voc-vtm-id=\"in-text-traffic\" data-mrf-link=\"www.abc.es\" rel=\"nofollow noopener\" target=\"_blank\">El presidente ucraniano<\/a> se reuni\u00f3 el pasado s\u00e1bado con el director de la NABU, Semen Kryvonos, y el jefe de SAPO, <strong>Oleksandr Klymenko<\/strong>. Tras el encuentro, Zelenski mostr\u00f3 su agradecimiento a los organismos encargados de velar por la transparencia. \u00ab<strong>Solo puede haber tolerancia cero ante la corrupci\u00f3n,<\/strong>un trabajo en equipo claro para descubrirla y, en \u00faltima instancia, una sentencia justa. Es importante que las instituciones anticorrupci\u00f3n operen con independencia\u00bb, manifest\u00f3 el l\u00edder del pa\u00eds invadido en su cuenta de X.<\/p>\n<p class=\"voc-p\" style=\"\">La Rada hab\u00eda revocado la autonom\u00eda de las instituciones el pasado 22 de julio con la aprobaci\u00f3n del pol\u00e9mico proyecto de ley 12414. La maniobra pol\u00edtica fue vista como un intento de injerencia del poder pol\u00edtico en la lucha contra la corrupci\u00f3n y provoc\u00f3 las primeras protestas a gran escala contra Zelenski <a href=\"https:\/\/www.abc.es\/internacional\/kostiantynivka-ultima-barrera-ucrania-rusia-20250802211255-nt.html\" title=\"www.abc.es\" data-voc-vtm-id=\"in-text-traffic\" data-mrf-link=\"www.abc.es\" rel=\"nofollow noopener\" target=\"_blank\">en tiempos de guerra.<\/a><\/p>\n<p class=\"voc-p\" style=\"\">La presi\u00f3n interna y las cr\u00edticas de los aliados europeos fueron clave para que el presidente ucraniano diese marcha atr\u00e1s. La comisaria de Ampliaci\u00f3n de la Uni\u00f3n Europea, <strong>Marta Kos<\/strong>, afirm\u00f3 el pasado 22 de julio que la norma que limitaba la independencia de la NABU y SAPO pon\u00eda en peligro el camino de adhesi\u00f3n de Ucrania al club comunitario. El 31 de julio, tan s\u00f3lo nueve d\u00edas despu\u00e9s y tras varias jornadas de manifestaciones en las principales ciudades, el Parlamento ucraniano revocaba la pol\u00e9mica norma. <\/p>\n<p class=\"voc-p\" style=\"\">Los dirigentes de la Uni\u00f3n Europea y los pa\u00edses miembros acogieron con satisfacci\u00f3n el cambio. La jefa de la delegaci\u00f3n de la UE en Ucrania, <strong>Katarina Maternova<\/strong>, recalc\u00f3, por su parte, que la nueva norma adoptada era precisa para \u00abrecuperar la confianza de la sociedad y los socios internacionales\u00bb.<\/p>\n","protected":false},"excerpt":{"rendered":"Los organismos encargados de luchar contra la corrupci\u00f3n en Ucrania han desvelado una trama de sobornos a trav\u00e9s&hellip;\n","protected":false},"author":2,"featured_media":23679,"comment_status":"","ping_status":"","sticky":false,"template":"","format":"standard","meta":{"footnotes":""},"categories":[42],"tags":[13609,2314,17,18,6364,13610,8232,13,14,11,61,62,63,64,19,20,9,10,15,16,7971,12,13611,7081,21,22,65,66,67],"class_list":{"0":"post-23678","1":"post","2":"type-post","3":"status-publish","4":"format-standard","5":"has-post-thumbnail","7":"category-internacional","8":"tag-agencias","9":"tag-anticorrupcion","10":"tag-breaking-news","11":"tag-breakingnews","12":"tag-compra","13":"tag-destapan","14":"tag-drones","15":"tag-featured-news","16":"tag-featurednews","17":"tag-headlines","18":"tag-internacional","19":"tag-international","20":"tag-international-news","21":"tag-internationalnews","22":"tag-latest-news","23":"tag-latestnews","24":"tag-news","25":"tag-noticias","26":"tag-noticias-destacadas","27":"tag-noticiasdestacadas","28":"tag-sobornos","29":"tag-titulares","30":"tag-trama","31":"tag-ucrania","32":"tag-ultimas-noticias","33":"tag-ultimasnoticias","34":"tag-world","35":"tag-world-news","36":"tag-worldnews"},"share_on_mastodon":{"url":"","error":""},"_links":{"self":[{"href":"https:\/\/www.europesays.com\/es\/wp-json\/wp\/v2\/posts\/23678","targetHints":{"allow":["GET"]}}],"collection":[{"href":"https:\/\/www.europesays.com\/es\/wp-json\/wp\/v2\/posts"}],"about":[{"href":"https:\/\/www.europesays.com\/es\/wp-json\/wp\/v2\/types\/post"}],"author":[{"embeddable":true,"href":"https:\/\/www.europesays.com\/es\/wp-json\/wp\/v2\/users\/2"}],"replies":[{"embeddable":true,"href":"https:\/\/www.europesays.com\/es\/wp-json\/wp\/v2\/comments?post=23678"}],"version-history":[{"count":0,"href":"https:\/\/www.europesays.com\/es\/wp-json\/wp\/v2\/posts\/23678\/revisions"}],"wp:featuredmedia":[{"embeddable":true,"href":"https:\/\/www.europesays.com\/es\/wp-json\/wp\/v2\/media\/23679"}],"wp:attachment":[{"href":"https:\/\/www.europesays.com\/es\/wp-json\/wp\/v2\/media?parent=23678"}],"wp:term":[{"taxonomy":"category","embeddable":true,"href":"https:\/\/www.europesays.com\/es\/wp-json\/wp\/v2\/categories?post=23678"},{"taxonomy":"post_tag","embeddable":true,"href":"https:\/\/www.europesays.com\/es\/wp-json\/wp\/v2\/tags?post=23678"}],"curies":[{"name":"wp","href":"https:\/\/api.w.org\/{rel}","templated":true}]}}