{"id":236790,"date":"2025-11-15T04:46:10","date_gmt":"2025-11-15T04:46:10","guid":{"rendered":"https:\/\/www.europesays.com\/es\/236790\/"},"modified":"2025-11-15T04:46:10","modified_gmt":"2025-11-15T04:46:10","slug":"el-supuesto-amano-de-las-millonarias-obras-del-puente-del-v-centenario-de-sevilla-cerca-a-cerdan-espana","status":"publish","type":"post","link":"https:\/\/www.europesays.com\/es\/236790\/","title":{"rendered":"El supuesto ama\u00f1o de las millonarias obras del Puente del V Centenario de Sevilla cerca a Cerd\u00e1n | Espa\u00f1a"},"content":{"rendered":"<p class=\"\">El 9 de abril de 2019, el entonces ministro de Transportes, Jos\u00e9 Luis \u00c1balos, manten\u00eda una conversaci\u00f3n con su asesor, Koldo Garc\u00eda, que <a href=\"https:\/\/elpais.com\/espana\/2025-06-13\/santos-cerdan-a-koldo-garcia-de-esto-no-se-habla.html\" target=\"_self\" rel=\"nofollow noopener\" title=\"https:\/\/elpais.com\/espana\/2025-06-13\/santos-cerdan-a-koldo-garcia-de-esto-no-se-habla.html\">era grabada de manera subrepticia por este<\/a>. En este audio, incorporado al sumario del Tribunal Supremo en el que se investiga a ambos y al exdirigente del PSOE Santos Cerd\u00e1n, Garc\u00eda se quejaba precisamente de la actitud de este \u00faltimo, del que aseguraba que le estaba presionando para que el ministerio licitara lo antes posible una obra millonaria. \u201c[&#8230;] El problema est\u00e1 en que Santos, y tienes que hablar t\u00fa con \u00e9l, est\u00e1 obsesionado con \u00e9l, con \u00e9l, con Sevilla, con el puente. Pero obsesi\u00f3n, es algo por dem\u00e1s. Seg\u00fan me da a entender, yo entiendo que \u00e9l se est\u00e1 jugando la vida [&#8230;] toda la presi\u00f3n que est\u00e1 ejerciendo, me parece a m\u00ed que se juega o el puesto o se juega la luna\u201d, se\u00f1alaba el exasesor y en la actualidad uno de los principales investigados por la presunta trama de corrupci\u00f3n que anid\u00f3 entre 2018 y 2021 en aquel ministerio.<\/p>\n<p class=\"\">La licitaci\u00f3n por la que presuntamente \u201cpresionaba\u201d Cerd\u00e1n a Koldo Garc\u00eda y \u00c1balos era el concurso para la adjudicaci\u00f3n de los trabajos de remodelaci\u00f3n del Puente del V Centenario en la capital andaluza, un contrato cuyo coste, cuando fue firmado en mayo de 2021, era de 71 millones de euros pero que termin\u00f3 elev\u00e1ndose dos a\u00f1os despu\u00e9s por encima de los 102 millones. La Unidad Central Operativa (UCO) de la Guardia Civil ha puesto ahora el foco de nuevo en este contrato y el pasado viernes, tras entregar al magistrado del Supremo Leopoldo Puente un informe que a\u00fan permanece secreto sobre la situaci\u00f3n patrimonial de Cerd\u00e1n, <a href=\"https:\/\/elpais.com\/espana\/2025-11-14\/la-uco-se-persona-en-las-sedes-de-acciona-en-madrid-y-bilbao-para-recabar-nueva-documentacion-del-caso-abalos.html\" target=\"_self\" rel=\"nofollow noopener\" title=\"https:\/\/elpais.com\/espana\/2025-11-14\/la-uco-se-persona-en-las-sedes-de-acciona-en-madrid-y-bilbao-para-recabar-nueva-documentacion-del-caso-abalos.html\">registraba, entre otras, las sedes de las tres empresas<\/a> que formaban la uni\u00f3n temporal de empresas (UTE) que gan\u00f3 aquel concurso, Acciona, Freyssinet y Tecade. Tambi\u00e9n entraba en el domicilio de un ex alto cargo de la primera, Justo V. P., quien fuera director de Construcci\u00f3n para Espa\u00f1a de la compa\u00f1\u00eda.<\/p>\n<p class=\"\">Las sospechas sobre esta adjudicaci\u00f3n no son nuevas. El pasado junio, <a href=\"https:\/\/elpais.com\/espana\/2025-06-17\/el-informe-cerdan-apunta-un-supuesto-intento-de-la-trama-de-modificar-el-sistema-de-licitaciones-para-tener-mas-control.html\" target=\"_self\" rel=\"nofollow noopener\" title=\"https:\/\/elpais.com\/espana\/2025-06-17\/el-informe-cerdan-apunta-un-supuesto-intento-de-la-trama-de-modificar-el-sistema-de-licitaciones-para-tener-mas-control.html\">otro informe de la Guardia Civil<\/a> \u2015este referido a la situaci\u00f3n patrimonial de \u00c1balos\u2015 ya recog\u00eda supuestas irregularidades en ese concurso. Entonces, la UCO incluy\u00f3 en el documento enviado al magistrado del Tribunal Supremo Leopoldo Puente una cronolog\u00eda detallada de los mensajes de WhatsApp intercambiados por Cerd\u00e1n y Koldo sobre la licitaci\u00f3n, as\u00ed como las conversaciones grabadas por este \u00faltimo y la presunta intervenci\u00f3n de Javier Herrero, entonces director general de Carreteras (el organismo responsable de la licitaci\u00f3n) y en la actualidad imputado en la Audiencia Nacional por su presunta implicaci\u00f3n en varios ama\u00f1os de la trama. <\/p>\n<p class=\"\">Seg\u00fan el informe de junio, \u00c1balos y su exasesor deb\u00edan haber recibido por la supuesta adjudicaci\u00f3n irregular de esa obra y otras dos 450.000 euros de mordida, que Koldo reclam\u00f3 a Cerd\u00e1n sin \u00e9xito, siempre seg\u00fan el contenido de las grabaciones incorporadas a la causa. Cuando declar\u00f3 en el Supremo, Cerd\u00e1n neg\u00f3 cualquier actuaci\u00f3n irregular por su parte y justific\u00f3 su inter\u00e9s en acelerar la obra del puente de la capital andaluza por su deseo de favorecer la campa\u00f1a del candidato socialista en las elecciones municipales que se iban a celebrar en mayo de aquel a\u00f1o, Juan Espadas, para que repitiera como alcalde de Sevilla.<\/p>\n<p>Libertad provisional<\/p>\n<p class=\"\">Esos mensajes y el resto de la documentaci\u00f3n sobre esta obra han sido ahora incluidos en el informe de la Guardia Civil que ha propiciado los \u00faltimos registros y que se centra en el patrimonio del exdirigente socialista. <a href=\"https:\/\/elpais.com\/espana\/2025-06-30\/cerdan-niega-haber-cobrado-comisiones-y-se-presenta-como-victima-de-una-persecucion-por-haber-negociado-la-investidura-de-sanchez.html\" target=\"_self\" rel=\"nofollow noopener\" title=\"https:\/\/elpais.com\/espana\/2025-06-30\/cerdan-niega-haber-cobrado-comisiones-y-se-presenta-como-victima-de-una-persecucion-por-haber-negociado-la-investidura-de-sanchez.html\">Este permanece en prisi\u00f3n provisional desde el pasado 30 de junio<\/a> acusado de la presunta comisi\u00f3n de los delitos de cohecho, organizaci\u00f3n criminal y tr\u00e1fico de influencias al considerar el juez Puente que, de haber quedado en libertad tras tomarle declaraci\u00f3n aquel d\u00eda, exist\u00eda \u201cun riesgo cierto\u201d de que destruyera o alterase pruebas relevantes, uno de los requisitos legales para poder decretar su encarcelamiento. <\/p>\n<p class=\"\"><a href=\"https:\/\/elpais.com\/espana\/2025-10-17\/por-que-abalos-y-koldo-garcia-estan-en-libertad-y-cerdan-lleva-mas-de-tres-meses-en-prision.html\" target=\"_self\" rel=\"nofollow noopener\" title=\"https:\/\/elpais.com\/espana\/2025-10-17\/por-que-abalos-y-koldo-garcia-estan-en-libertad-y-cerdan-lleva-mas-de-tres-meses-en-prision.html\">La prisi\u00f3n en su caso solo se puede prorrogar hasta el 30 de diciembre<\/a>, cuando se cumplen seis meses de la medida, pero todo apunta a que antes de esa fecha el magistrado ordenar\u00e1 su puesta en libertad, ya que las diligencias practicadas ahora alejan la posibilidad de destrucci\u00f3n de pruebas. De hecho, en los autos en los que ha rechazado la petici\u00f3n de los abogados de la defensa del pol\u00edtico de sacarle de prisi\u00f3n, el magistrado ya anunciaba que esperaba la entrega del documento policial y preve\u00eda que con \u00e9l sobre su mesa \u201cno ser\u00e1 necesario\u201d agotar ese plazo.<\/p>\n<p class=\"\">El juez y la Fiscal\u00eda Anticorrupci\u00f3n han esgrimido hasta ahora en sus escritos en los que rechazaban su puesta en libertad provisional que Cerd\u00e1n ten\u00eda un papel de \u201ccierta preeminencia\u201d dentro de la trama. Era Cerd\u00e1n, seg\u00fan los indicios recogidos por los investigadores, quien \u201cse encargaba de realizar las gestiones oportunas con los pagadores\u201d, quien \u201cestar\u00eda en la mejor disposici\u00f3n para conocer\u201d qui\u00e9n m\u00e1s cobr\u00f3 y \u201cde ocultar, alterar o hacer desaparecer las pruebas que pudieran existir al respecto, as\u00ed como acerca del modo en que se articulaban los il\u00edcitos pagos\u201d. <\/p>\n<p class=\"\">El magistrado sit\u00faa al exdirigente del PSOE como la persona \u201cque se encargaba de realizar los cobros indebidos a las empresas favorecidas por la adjudicaci\u00f3n\u201d. Una vez obtenidas estas cantidades de las empresas, las distribu\u00eda, haci\u00e9ndolas llegar, \u201cal menos\u201d, a \u00c1balos y Koldo Garc\u00eda, \u201cque, cuando lo precisaban, le reclamaban los pagos a aquel y no a estas [empresas]\u201d.<\/p>\n<p class=\"\">\u201cDicha posici\u00f3n funcional determina que estos dos \u00faltimos, los se\u00f1ores \u00c1balos y Garc\u00eda, pudieran desconocer, acaso, qui\u00e9n o qui\u00e9nes eran las personas f\u00edsicas en concreto que, en beneficio de la empresa favorecida por la adjudicaci\u00f3n \u2014Acciona Construcci\u00f3n actuando en UTE\u2014 realizaba\/n los pagos, cu\u00e1l era el importe total de los mismos, y cu\u00e1l el mecanismo por cuya virtud se concretaban\u201d, sostuvo el instructor el d\u00eda que encarcel\u00f3 al exdirigente socialista, un argumento que hasta ahora han rechazado sus abogados en sus escritos, sin \u00e9xito. <\/p>\n","protected":false},"excerpt":{"rendered":"El 9 de abril de 2019, el entonces ministro de Transportes, Jos\u00e9 Luis \u00c1balos, manten\u00eda una conversaci\u00f3n con&hellip;\n","protected":false},"author":2,"featured_media":236791,"comment_status":"","ping_status":"","sticky":false,"template":"","format":"standard","meta":{"footnotes":""},"categories":[8],"tags":[17,18,25,24,13,14,1160,11,734,5610,5611,19,20,3749,9,10,15,16,61378,1699,8411,1171,23,12,4874,2155,21,22],"class_list":{"0":"post-236790","1":"post","2":"type-post","3":"status-publish","4":"format-standard","5":"has-post-thumbnail","7":"category-espana","8":"tag-breaking-news","9":"tag-breakingnews","10":"tag-es","11":"tag-espana","12":"tag-featured-news","13":"tag-featurednews","14":"tag-guardia-civil","15":"tag-headlines","16":"tag-investigacion-judicial","17":"tag-jose-luis-abalos","18":"tag-koldo-garcia","19":"tag-latest-news","20":"tag-latestnews","21":"tag-ministerio-de-transportes","22":"tag-news","23":"tag-noticias","24":"tag-noticias-destacadas","25":"tag-noticiasdestacadas","26":"tag-obras-publicas","27":"tag-psoe","28":"tag-santos-cerdan","29":"tag-sevilla","30":"tag-spain","31":"tag-titulares","32":"tag-tribunal-supremo","33":"tag-uco","34":"tag-ultimas-noticias","35":"tag-ultimasnoticias"},"share_on_mastodon":{"url":"https:\/\/pubeurope.com\/@es\/115551901122353512","error":""},"_links":{"self":[{"href":"https:\/\/www.europesays.com\/es\/wp-json\/wp\/v2\/posts\/236790","targetHints":{"allow":["GET"]}}],"collection":[{"href":"https:\/\/www.europesays.com\/es\/wp-json\/wp\/v2\/posts"}],"about":[{"href":"https:\/\/www.europesays.com\/es\/wp-json\/wp\/v2\/types\/post"}],"author":[{"embeddable":true,"href":"https:\/\/www.europesays.com\/es\/wp-json\/wp\/v2\/users\/2"}],"replies":[{"embeddable":true,"href":"https:\/\/www.europesays.com\/es\/wp-json\/wp\/v2\/comments?post=236790"}],"version-history":[{"count":0,"href":"https:\/\/www.europesays.com\/es\/wp-json\/wp\/v2\/posts\/236790\/revisions"}],"wp:featuredmedia":[{"embeddable":true,"href":"https:\/\/www.europesays.com\/es\/wp-json\/wp\/v2\/media\/236791"}],"wp:attachment":[{"href":"https:\/\/www.europesays.com\/es\/wp-json\/wp\/v2\/media?parent=236790"}],"wp:term":[{"taxonomy":"category","embeddable":true,"href":"https:\/\/www.europesays.com\/es\/wp-json\/wp\/v2\/categories?post=236790"},{"taxonomy":"post_tag","embeddable":true,"href":"https:\/\/www.europesays.com\/es\/wp-json\/wp\/v2\/tags?post=236790"}],"curies":[{"name":"wp","href":"https:\/\/api.w.org\/{rel}","templated":true}]}}