{"id":236793,"date":"2025-11-15T04:52:23","date_gmt":"2025-11-15T04:52:23","guid":{"rendered":"https:\/\/www.europesays.com\/es\/236793\/"},"modified":"2025-11-15T04:52:23","modified_gmt":"2025-11-15T04:52:23","slug":"la-opinion-es-la-forma-mas-baja-de-conocimiento","status":"publish","type":"post","link":"https:\/\/www.europesays.com\/es\/236793\/","title":{"rendered":"La opini\u00f3n es la forma m\u00e1s baja de conocimiento"},"content":{"rendered":"<p class=\"paragraph\" id=\"paragraph_1\">La pol\u00e9mica en torno al caso de dopaje de <strong>Jannik Sinner<\/strong> contin\u00faa generando tensiones en el circuito y ahora ha sido <strong>Darren Cahill<\/strong>, el reconocido entrenador del italiano, quien ha lanzado un mensaje que muchos interpretan como una velada respuesta a las recientes cr\u00edticas de<strong>Novak Djokovic<\/strong>.<\/p>\n<p class=\"paragraph\" id=\"paragraph_2\">El australiano public\u00f3 en sus redes sociales una cita del escritor <strong>Bill Bullard<\/strong> que reza: \u00abLa opini\u00f3n es realmente la forma m\u00e1s baja de conocimiento humano\u00bb.<\/p>\n<p class=\"paragraph\" id=\"paragraph_3\">Este enigm\u00e1tico mensaje apareci\u00f3 apenas dos d\u00edas despu\u00e9s de que el serbio concediera una pol\u00e9mica entrevista a Piers Morgan, donde asegur\u00f3 que el positivo por dopaje acompa\u00f1ar\u00eda a Sinner durante toda su carrera ten\u00edstica.<\/p>\n<p><img decoding=\"async\" alt=\"El mensaje del entrenador de Sinner en redes sociales.\" data-imgm=\"true\" height=\"1280\" loading=\"lazy\"  src=\"https:\/\/www.europesays.com\/es\/wp-content\/uploads\/2025\/11\/1003744013473_259933852_1280x1280.jpg\"  width=\"1280\"\/><\/p>\n<p>                                                            El mensaje del entrenador de Sinner en redes sociales.<\/p>\n<p>                    INSTAGRAM<\/p>\n<p class=\"paragraph\" id=\"paragraph_4\">Las declaraciones de Djokovic no han sido bien recibidas en Italia ni, aparentemente, en el c\u00edrculo cercano del tenista de San Candido.\u200b<\/p>\n<p class=\"paragraph\" id=\"paragraph_5\">Esta no es la primera vez que Cahill sale en defensa de su alumno. Anteriormente, el entrenador hab\u00eda expresado: \u00abJannik no ha hecho nada malo. Se sabe inocente. Esperaremos la sentencia del TAS. Jannik ir\u00e1 mientras tanto con la cabeza alta\u00bb.<\/p>\n<p class=\"paragraph\" id=\"paragraph_6\">Lo parad\u00f3jico de esta situaci\u00f3n es que Djokovic jug\u00f3 un papel fundamental en el desarrollo del juego de Sinner hace tres a\u00f1os.<\/p>\n<p><img loading=\"lazy\" decoding=\"async\" alt=\"Novak Djokovic y David Broncano, en un fotomontaje\" height=\"180\" src=\"https:\/\/www.europesays.com\/es\/wp-content\/uploads\/2025\/11\/1003744010835_259898230_320x180.jpg\" width=\"320\" data-lazy-status=\"processed\" data-lazy-info=\"remove loading item 1\"\/><\/p>\n<p class=\"paragraph\" id=\"paragraph_7\">Tras la derrota del italiano en <strong>Wimbledon<\/strong> 2022, Cahill revel\u00f3 que el serbio le proporcion\u00f3 valiosos consejos que ayudaron a transformar su tenis. \u00abNovak desglos\u00f3 nuestro juego para decirnos que necesitaba m\u00e1s variaciones, mejorar su saque, acercarse a la red un poco m\u00e1s seguido, y realmente nos ayud\u00f3\u00bb, confes\u00f3 el entrenador australiano.<\/p>\n<p class=\"paragraph\" id=\"paragraph_8\">El caso de Sinner, quien dio positivo por una sustancia prohibida pero fue exonerado tras demostrarse contaminaci\u00f3n involuntaria, ha dividido opiniones en el circuito.<\/p>\n<p class=\"paragraph\" id=\"paragraph_9\">Mientras algunos como Djokovic mantienen una postura cr\u00edtica, otros reconocen que el italiano ha sido declarado inocente tras un exhaustivo proceso de investigaci\u00f3n. Cahill ha insistido en que su alumno \u00abha entendido que en la vida podr\u00e1 sobrevivir a todo, despu\u00e9s de esto ya nada le da miedo\u00bb.\u200b<\/p>\n<p>Relaci\u00f3n fruct\u00edfera<\/p>\n<p class=\"paragraph\" id=\"paragraph_10\">La relaci\u00f3n entre Cahill y Sinner ha sido fundamental para el \u00e9xito del n\u00famero uno del mundo. Desde que el australiano se incorpor\u00f3 al equipo en junio de 2022, el italiano ha conquistado dos<strong> Grand Slams, las ATP Finals 2024<\/strong> y ha alcanzado la cima del ranking mundial.<\/p>\n<p class=\"paragraph\" id=\"paragraph_11\">A pesar de que 2025 estaba previsto como el \u00faltimo a\u00f1o de su colaboraci\u00f3n, recientemente Cahill ha dejado abierta la posibilidad de continuar: \u00abMi futuro est\u00e1 en sus manos: si \u00e9l quiere que me quede, lo har\u00e9\u00bb.\u200b<\/p>\n<p><img decoding=\"async\" alt=\"Darren Cahill entrena junto a Sinner.\" data-imgm=\"true\" height=\"180\" loading=\"lazy\"  src=\"https:\/\/www.europesays.com\/es\/wp-content\/uploads\/2025\/11\/1003744013499_259934152_1024x576.jpg\"  width=\"320\"\/><\/p>\n<p>                                                            Darren Cahill entrena junto a Sinner.<\/p>\n<p>                    EFE<\/p>\n<p class=\"paragraph\" id=\"paragraph_12\">El mensaje de Cahill, aunque cr\u00edptico, env\u00eda una se\u00f1al clara: en medio de especulaciones y cr\u00edticas, el conocimiento fundamentado debe prevalecer sobre las meras opiniones.<\/p>\n","protected":false},"excerpt":{"rendered":"La pol\u00e9mica en torno al caso de dopaje de Jannik Sinner contin\u00faa generando tensiones en el circuito y&hellip;\n","protected":false},"author":2,"featured_media":236794,"comment_status":"","ping_status":"","sticky":false,"template":"","format":"standard","meta":{"footnotes":""},"categories":[274],"tags":[168,25,24,547,23,167,327,326],"class_list":{"0":"post-236793","1":"post","2":"type-post","3":"status-publish","4":"format-standard","5":"has-post-thumbnail","7":"category-tenis","8":"tag-deportes","9":"tag-es","10":"tag-espana","11":"tag-novak-djokovic","12":"tag-spain","13":"tag-sports","14":"tag-tenis","15":"tag-tennis"},"share_on_mastodon":{"url":"https:\/\/pubeurope.com\/@es\/115551924908673704","error":""},"_links":{"self":[{"href":"https:\/\/www.europesays.com\/es\/wp-json\/wp\/v2\/posts\/236793","targetHints":{"allow":["GET"]}}],"collection":[{"href":"https:\/\/www.europesays.com\/es\/wp-json\/wp\/v2\/posts"}],"about":[{"href":"https:\/\/www.europesays.com\/es\/wp-json\/wp\/v2\/types\/post"}],"author":[{"embeddable":true,"href":"https:\/\/www.europesays.com\/es\/wp-json\/wp\/v2\/users\/2"}],"replies":[{"embeddable":true,"href":"https:\/\/www.europesays.com\/es\/wp-json\/wp\/v2\/comments?post=236793"}],"version-history":[{"count":0,"href":"https:\/\/www.europesays.com\/es\/wp-json\/wp\/v2\/posts\/236793\/revisions"}],"wp:featuredmedia":[{"embeddable":true,"href":"https:\/\/www.europesays.com\/es\/wp-json\/wp\/v2\/media\/236794"}],"wp:attachment":[{"href":"https:\/\/www.europesays.com\/es\/wp-json\/wp\/v2\/media?parent=236793"}],"wp:term":[{"taxonomy":"category","embeddable":true,"href":"https:\/\/www.europesays.com\/es\/wp-json\/wp\/v2\/categories?post=236793"},{"taxonomy":"post_tag","embeddable":true,"href":"https:\/\/www.europesays.com\/es\/wp-json\/wp\/v2\/tags?post=236793"}],"curies":[{"name":"wp","href":"https:\/\/api.w.org\/{rel}","templated":true}]}}