{"id":236795,"date":"2025-11-15T04:55:11","date_gmt":"2025-11-15T04:55:11","guid":{"rendered":"https:\/\/www.europesays.com\/es\/236795\/"},"modified":"2025-11-15T04:55:11","modified_gmt":"2025-11-15T04:55:11","slug":"61-77-el-camino-a-la-copa-del-mundo-comienza-con-un-aprendizaje-ante-italia","status":"publish","type":"post","link":"https:\/\/www.europesays.com\/es\/236795\/","title":{"rendered":"61-77 | El camino a la Copa del Mundo comienza con un aprendizaje ante Italia"},"content":{"rendered":"\n<p>        <a id=\"volverHyperlink\" class=\"btn volver\" href=\"https:\/\/www.feb.es\/2025\/11\/14\/baloncesto\/camino-copa-del-mundo-comienza-con-aprendizaje-ante-italia\/javascript:history.go(-1);\" rel=\"nofollow noopener\" target=\"_blank\">Volver<\/a><\/p>\n<p>&#13;<br \/>\n\tCr\u00f3nica&#13;\n<\/p>\n<p>SELECCI\u00d3N FEMENINA<\/p>\n<p>61-77 | El camino a la Copa del Mundo comienza con un aprendizaje ante Italia<\/p>\n<p>14\/11\/2025 &#8211; 20:29<\/p>\n<p>No pudo imponerse la Selecci\u00f3n Espa\u00f1ola al vigente bronce europeo en La L\u00ednea de la Concepci\u00f3n, pero el primer amistoso en tierras gaditanas ha supuesto una dosis extra de experiencia para el equipo dirigido por Miguel M\u00e9ndez. Porque el equipo nacional fue de menos a m\u00e1s en una noche en la que Alicia Fl\u00f3rez debut\u00f3 con el equipo nacional y en la que Iyana Mart\u00edn lider\u00f3 la anotaci\u00f3n espa\u00f1ola.<\/p>\n<p>                  &#13;<br \/>\n                    &#13;<br \/>\n                                                            &#13;<\/p>\n<tr>&#13;<\/p>\n<td class=\"parciales\" colspan=\"4\">10-24 | 13-19 | 17-18 | 21-16<\/td>\n<p>&#13;<\/p>\n<td class=\"concepto\">Cuartos<\/td>\n<p>&#13;<br \/>\n                        <\/tr>\n<p>&#13;<br \/>\n                    &#13;<\/p>\n<tr>&#13;<\/p>\n<td class=\"team\">ESPA\u00d1A<\/td>\n<p>&#13;<\/p>\n<td class=\"result\">61<\/td>\n<p>&#13;<\/p>\n<td class=\"result\">77<\/td>\n<p>&#13;<\/p>\n<td class=\"team\">ITALIA<\/td>\n<p>&#13;<\/p>\n<td class=\"concepto\">Resultado<\/td>\n<p>&#13;<br \/>\n                        <\/tr>\n<p> &#13;<br \/>\n                    &#13;<\/p>\n<tr>&#13;<\/p>\n<td class=\"player\">Iyana Mart\u00edn <\/td>\n<p>&#13;<\/p>\n<td class=\"total\">11 <\/td>\n<p>&#13;<\/p>\n<td class=\"total\">18 <\/td>\n<p>&#13;<\/p>\n<td class=\"player\">Laura Spreafico <\/td>\n<p>&#13;<\/p>\n<td class=\"concepto\">M\u00e1x. Anotadores<\/td>\n<p>&#13;<br \/>\n                        <\/tr>\n<p>&#13;<br \/>\n                    &#13;<\/p>\n<tr>&#13;<\/p>\n<td class=\"player\">Paula Ginzo<\/td>\n<p>&#13;<\/p>\n<td class=\"total\">4 <\/td>\n<p>&#13;<\/p>\n<td class=\"total\">8 <\/td>\n<p>&#13;<\/p>\n<td class=\"player\">Costanza Verona <\/td>\n<p>&#13;<\/p>\n<td class=\"concepto\">M\u00e1x. Reboteadores<\/td>\n<p>&#13;<br \/>\n                        <\/tr>\n<p>&#13;<br \/>\n                      &#13;<\/p>\n<p>                \u00c1REA DE COMUNICACI\u00d3N FEB<\/p>\n<p>Hab\u00eda avisado Miguel M\u00e9ndez en las horas previas de que el primer banco de pruebas hacia el PreMundial no iba a ser ni mucho menos sencillo ante el vigente bronce europeo y, as\u00ed fue. Porque la Selecci\u00f3n Espa\u00f1ola se top\u00f3 con un rival muy motivado en los primeros compases y que despleg\u00f3 un juego muy f\u00edsico acompa\u00f1ado de un alto ritmo de juego. Esto le permiti\u00f3 a Italia el poder hacerse con las primeras rentas del encuentro ante una Espa\u00f1a a la que le costaba anotar sus primeros puntos de la noche y que se mostraba err\u00e1tica en el tiro. Y es que tan solo los 6 puntos anotados por Helena Pueyo pidieron mantener al equipo nacional ante un oponente que se gustaba sobre la pista (10-24).<\/p>\n<p>Con Mar\u00eda Conde estrenando capitan\u00eda en su regreso a las pistas con la Selecci\u00f3n. el segundo cuarto dej\u00f3 algunas de las notas m\u00e1s positivas de la noche. Entre ellas, los primeros minutos de Alicia Fl\u00f3rez con la camiseta del equipo nacional dando as\u00ed un nuevo paso al frente tras su explosivo inicio en la LF Endesa. Probaturas ante las que el equipo de Andrea Capobianco no mostr\u00f3 fisuras, manteniendo intacto su buen trabajo defensivo ante una Espa\u00f1a que iba a necesitar de 15 minutos para poder anotar su primer triple del encuentro a cargo de Mar\u00eda Ara\u00fajo (23-43).<\/p>\n<p>La tercera falta personal de Mar\u00eda Ara\u00fajo fue el principal problema con el que se iba a encontrar Espa\u00f1a tras el paso por vestuarios. Un h\u00e1ndicap que las nuestras supieron minimizar con una nueva marcha en su juego y sus mejores minutos del partido hasta ese momento para ganar confianza en ataque. As\u00ed iba a llegar el segundo triple del encuentro para intentar reducir diferencias ante una Italia que se concentraba en dominar los diferentes aspectos del juego. Un equipo que se apuntaba la batalla del rebote a su favor y que aprovechaba las 14 p\u00e9rdidas de bal\u00f3n de Espa\u00f1a para mantener sus rentas ante una Espa\u00f1a que iba a cerrar el cuarto con un 2+1 de Iyana Mart\u00edn (40-61).<\/p>\n<p>Pese a la desventaja en el marcador, las de Miguel M\u00e9ndez no bajaron los brazos en el partido y fueron a por un \u00faltimo cuarto en el que la magia de Iyana abri\u00f3 el \u00faltimo parcial y en el que Espa\u00f1a no dej\u00f3 de crecer. As\u00ed, las diferencias se redujeron ligeramente con Espa\u00f1a anot\u00e1ndose ese \u00faltimo periodo para cerrar el choque con buenas sensaciones antes de su pr\u00f3ximo test ante Francia en la tarde del pr\u00f3ximo domingo (61-77).<\/p>\n<p>&#13;<br \/>\n                        MVP del Partido&#13;<br \/>\n                        Olbis F. Andr\u00e9&#13;<br \/>\n                        19 Val.&#13;<br \/>\n                        &#13;\n                    <\/p>\n","protected":false},"excerpt":{"rendered":"Volver &#13; Cr\u00f3nica&#13; SELECCI\u00d3N FEMENINA 61-77 | El camino a la Copa del Mundo comienza con un aprendizaje&hellip;\n","protected":false},"author":2,"featured_media":236796,"comment_status":"","ping_status":"","sticky":false,"template":"","format":"standard","meta":{"footnotes":""},"categories":[269],"tags":[4605,299,1918,298,4597,4613,4616,4609,4608,4610,168,4603,4606,25,24,4120,4598,4614,2713,4601,830,4599,4600,4602,4615,4617,4607,4604,23,167,4611,4612],"class_list":{"0":"post-236795","1":"post","2":"type-post","3":"status-publish","4":"format-standard","5":"has-post-thumbnail","7":"category-baloncesto","8":"tag-arbitros-baloncesto","9":"tag-baloncesto","10":"tag-basket","11":"tag-basketball","12":"tag-basquet","13":"tag-canalfeb","14":"tag-clasificacion","15":"tag-copa-princesa","16":"tag-copa-principe","17":"tag-copa-reina","18":"tag-deportes","19":"tag-eba","20":"tag-entrenadores-baloncesto","21":"tag-es","22":"tag-espana","23":"tag-estadisticas","24":"tag-federacion-baloncesto","25":"tag-jornada-virtual","26":"tag-jugadores","27":"tag-laeb-plata","28":"tag-leb-oro","29":"tag-liga-espana","30":"tag-liga-espanola-baloncesto","31":"tag-liga-femenina","32":"tag-marcadores-baloncesto","33":"tag-rankings","34":"tag-reglas-baloncesto","35":"tag-seleccion-baloncesto","36":"tag-spain","37":"tag-sports","38":"tag-supercopa","39":"tag-television-baloncesto"},"share_on_mastodon":{"url":"","error":"Validation failed: Text character limit of 500 exceeded"},"_links":{"self":[{"href":"https:\/\/www.europesays.com\/es\/wp-json\/wp\/v2\/posts\/236795","targetHints":{"allow":["GET"]}}],"collection":[{"href":"https:\/\/www.europesays.com\/es\/wp-json\/wp\/v2\/posts"}],"about":[{"href":"https:\/\/www.europesays.com\/es\/wp-json\/wp\/v2\/types\/post"}],"author":[{"embeddable":true,"href":"https:\/\/www.europesays.com\/es\/wp-json\/wp\/v2\/users\/2"}],"replies":[{"embeddable":true,"href":"https:\/\/www.europesays.com\/es\/wp-json\/wp\/v2\/comments?post=236795"}],"version-history":[{"count":0,"href":"https:\/\/www.europesays.com\/es\/wp-json\/wp\/v2\/posts\/236795\/revisions"}],"wp:featuredmedia":[{"embeddable":true,"href":"https:\/\/www.europesays.com\/es\/wp-json\/wp\/v2\/media\/236796"}],"wp:attachment":[{"href":"https:\/\/www.europesays.com\/es\/wp-json\/wp\/v2\/media?parent=236795"}],"wp:term":[{"taxonomy":"category","embeddable":true,"href":"https:\/\/www.europesays.com\/es\/wp-json\/wp\/v2\/categories?post=236795"},{"taxonomy":"post_tag","embeddable":true,"href":"https:\/\/www.europesays.com\/es\/wp-json\/wp\/v2\/tags?post=236795"}],"curies":[{"name":"wp","href":"https:\/\/api.w.org\/{rel}","templated":true}]}}