{"id":236801,"date":"2025-11-15T05:00:28","date_gmt":"2025-11-15T05:00:28","guid":{"rendered":"https:\/\/www.europesays.com\/es\/236801\/"},"modified":"2025-11-15T05:00:28","modified_gmt":"2025-11-15T05:00:28","slug":"first-dates-una-soltera-le-canta-las-cuarenta-a-su-cita-por-varios-comentarios-fuera-de-lugar-es-un-sinverguenza","status":"publish","type":"post","link":"https:\/\/www.europesays.com\/es\/236801\/","title":{"rendered":"First Dates: Una soltera le canta las cuarenta a su cita por varios comentarios fuera de lugar: \u00abEs un sinverg\u00fcenza\u00bb"},"content":{"rendered":"<p style=\"\">A <strong>Abraham<\/strong> (67), un polic\u00eda jubilado de Valencia, se le da bien ligar, sobre todo donde practica sus dos grandes aficiones: el billar y el karaoke. Sin embargo, deseaba sentir un flechazo. Con ese objetivo, <a href=\"https:\/\/www.abc.es\/play\/television\/noticias\/seminarista-busca-amor-first-dates-tras-abandonar-20251113220535-nt.html\" target=\"_self\" data-voc-vtm-id=\"in-text-traffic\" title=\"acudi\u00f3 a &#039;First Dates\" data-mrf-link=\"www.abc.es\" rel=\"nofollow noopener\">acudi\u00f3 a &#8216;First Dates<\/a>&#8216; la velada del 14  &#8230; de noviembre. \u00abTiene que entrarme por los ojos y, a partir de ah\u00ed, puede surgir o no\u00bb, comentaba. Adem\u00e1s, incidi\u00f3 en la importancia que el sexo tiene para \u00e9l, porque \u00abme hace sentir m\u00e1s hombre\u00bb. <\/p>\n<p class=\"voc-p\" style=\"\">El programas de citas de <strong>Cuatro<\/strong> lo emparej\u00f3 con <strong>Concha<\/strong> (68) una funcionaria jubilada tambi\u00e9n valenciana, que llegaba al restaurante haciendo gala de su gusto por vestir moderno. Aspiraba a conocer a un hombre con el que compartir sus aficiones, como el baile y los viajes, a la par que fuese \u00abalegre, educado y con ganas de vivir\u00bb. <\/p>\n<p class=\"voc-p\" style=\"\">Al conocer a <strong>Concha<\/strong>, el semblante de <strong>Abraham<\/strong> se transform\u00f3 por completo. Resulta que le hab\u00eda pedido al &#8216;dating show&#8217; una mujer menor de 60 a\u00f1os, as\u00ed que Concha le pareci\u00f3 \u00abuna se\u00f1ora\u00bb. \u00abMe gustan las mujeres j\u00f3venes desde siempre no s\u00e9 por qu\u00e9\u2026 Se me ha cambiado la cara al verla porque no era lo que esperaba\u00bb, replicaba ante el equipo de<strong> &#8216;First Dates&#8217;<\/strong>. <\/p>\n<p class=\"voc-p\" style=\"\">A pesar del evidente desinter\u00e9s de <strong>Abraham<\/strong> por entablar conversaci\u00f3n, Concha intent\u00f3 tirar del carro narr\u00e1ndole su situaci\u00f3n. Enviud\u00f3 hace cuatro a\u00f1os, no ha vuelto a tener pareja, y ha estado casada 48 a\u00f1os. Todav\u00eda no est\u00e1 muy abierta al amor, pero intenta abrirse poco a poco para encontrar a otro compa\u00f1ero de vida. <\/p>\n<p>\nConcha se va calentando con Abraham hasta que estalla\n<\/p>\n<p class=\"voc-p\" style=\"\"><strong>Abraham<\/strong> aport\u00f3 a la charla su afici\u00f3n por el billar, los karaokes y los juegos de mesa. Pero el soltero no estaba muy por la labor de al menos dejar traslucir cierto inter\u00e9s, \u00abesperaba a una persona m\u00e1s jovial, m\u00e1s divertida, m\u00e1s explosiva\u2026\u00bb. De hecho, acab\u00f3 revel\u00e1ndole a <strong>Concha<\/strong> que pidi\u00f3 a una cita m\u00e1s joven. \u00abNo te han hecho caso\u00bb, apostillaba ella de forma cortante, para ponerlo a paris despu\u00e9s en los totales. \u00abLos hombres as\u00ed me dan asco porque no admiten la edad que tienen y quieren a gente m\u00e1s joven para d\u00e1rselas de\u2026 Yo s\u00e9 la edad que tengo, la asimilo y no pido a uno de 40 a\u00f1os. A m\u00ed me daba igual uno de 68 a 73 si me gustaba\u00bb. <\/p>\n<p class=\"voc-p\" style=\"\">La valenciana ya estaba cruzada con su pretendiente, aunque \u00e9l hizo m\u00e1s m\u00e9ritos para continuar ofendi\u00e9ndola. Por ejemplo, dando por hecho que se le daba bien la cocina solo por su edad. \u00abEso me lo ha dicho en plan despectivo. Para m\u00ed que me ha visto tan mayor que dice &#8216;las mayores sabr\u00e1n cocinar&#8217;\u2026 Te lo digo de coraz\u00f3n, he aguantado que no me explico\u00bb, se quejaba de nuevo la soltera en privado, cada vez m\u00e1s cabreada. <\/p>\n<p><img decoding=\"async\" loading=\"lazy\" src=\"https:\/\/www.europesays.com\/es\/wp-content\/uploads\/2025\/11\/dates-U43213445620TUD-760x427@diario_abc.jpeg\" class=\"voc-img\" width=\"760\" height=\"427\" alt=\"La tensa cita de Abraham y Concha\" data-voc-vtm-id=\"in-text-traffic\"\/><\/p>\n<p>La tensa cita de Abraham y Concha<\/p>\n<p>Cuatro<\/p>\n<p class=\"voc-p\" style=\"\">Al rato termin\u00f3 de rematar el aguante de <strong>Concha<\/strong> sacando el tema del sexo. \u00abPienso que es un sinverg\u00fcenza, un caradura, tiene falta de madurez. Porque preguntar por el sexo despu\u00e9s de decirme a la cara que quer\u00eda a una m\u00e1s joven, es de no tener verg\u00fcenza\u00bb, estall\u00f3. <\/p>\n<p class=\"voc-p\" style=\"\">No aguant\u00f3 m\u00e1s. En la decisi\u00f3n final, tras el previsible &#8216;no&#8217; de <strong>Abraham<\/strong> a una segunda cita, <strong>Concha<\/strong> aprovechaba para rega\u00f1arle y decirle a la cara todo lo que pensaba de \u00e9l. \u00abCreo que no te has portado bien conmigo, que no has madurado bastante. Yo s\u00e9 la edad que tengo y t\u00fa que quieres chicas de 55 o de 59 a\u00f1os, creo que tienes un problema. No entiendo y, por educaci\u00f3n, me he callado porque no he querido faltarte el respeto, pero ahora quer\u00eda decirte la verdad\u00bb, sentenci\u00f3.<\/p>\n","protected":false},"excerpt":{"rendered":"A Abraham (67), un polic\u00eda jubilado de Valencia, se le da bien ligar, sobre todo donde practica sus&hellip;\n","protected":false},"author":2,"featured_media":236802,"comment_status":"","ping_status":"","sticky":false,"template":"","format":"standard","meta":{"footnotes":""},"categories":[171],"tags":[36328,7716,17354,959,146,147,25,24,2676,43625,7714,23,214,12985],"class_list":{"0":"post-236801","1":"post","2":"type-post","3":"status-publish","4":"format-standard","5":"has-post-thumbnail","7":"category-tv","8":"tag-canta","9":"tag-cita","10":"tag-comentarios","11":"tag-cuarenta","12":"tag-entertainment","13":"tag-entretenimiento","14":"tag-es","15":"tag-espana","16":"tag-lugar","17":"tag-sinverguenza","18":"tag-soltera","19":"tag-spain","20":"tag-tv","21":"tag-varios"},"share_on_mastodon":{"url":"https:\/\/pubeurope.com\/@es\/115551956278967905","error":""},"_links":{"self":[{"href":"https:\/\/www.europesays.com\/es\/wp-json\/wp\/v2\/posts\/236801","targetHints":{"allow":["GET"]}}],"collection":[{"href":"https:\/\/www.europesays.com\/es\/wp-json\/wp\/v2\/posts"}],"about":[{"href":"https:\/\/www.europesays.com\/es\/wp-json\/wp\/v2\/types\/post"}],"author":[{"embeddable":true,"href":"https:\/\/www.europesays.com\/es\/wp-json\/wp\/v2\/users\/2"}],"replies":[{"embeddable":true,"href":"https:\/\/www.europesays.com\/es\/wp-json\/wp\/v2\/comments?post=236801"}],"version-history":[{"count":0,"href":"https:\/\/www.europesays.com\/es\/wp-json\/wp\/v2\/posts\/236801\/revisions"}],"wp:featuredmedia":[{"embeddable":true,"href":"https:\/\/www.europesays.com\/es\/wp-json\/wp\/v2\/media\/236802"}],"wp:attachment":[{"href":"https:\/\/www.europesays.com\/es\/wp-json\/wp\/v2\/media?parent=236801"}],"wp:term":[{"taxonomy":"category","embeddable":true,"href":"https:\/\/www.europesays.com\/es\/wp-json\/wp\/v2\/categories?post=236801"},{"taxonomy":"post_tag","embeddable":true,"href":"https:\/\/www.europesays.com\/es\/wp-json\/wp\/v2\/tags?post=236801"}],"curies":[{"name":"wp","href":"https:\/\/api.w.org\/{rel}","templated":true}]}}